{"id":10176,"date":"2018-10-05T12:24:20","date_gmt":"2018-10-05T15:24:20","guid":{"rendered":"http:\/\/www.legistdf.gob.ar\/?p=10176"},"modified":"2018-10-05T13:47:36","modified_gmt":"2018-10-05T16:47:36","slug":"almanza-arcando-homenajeo-a-los-tripulantes-del-submarino-ara-san-juan","status":"publish","type":"post","link":"https:\/\/www.legistdf.gob.ar\/index.php\/2018\/10\/05\/almanza-arcando-homenajeo-a-los-tripulantes-del-submarino-ara-san-juan\/","title":{"rendered":"ALMANZA: Arcando homenaje\u00f3 a los tripulantes del submarino ARA San Juan"},"content":{"rendered":"<p>&nbsp;<\/p>\n<p><strong>Ushuaia, viernes 5 de octubre de 2018.- El vicegobernador Juan Carlos Arcando particip\u00f3 \u2013 ayer \u2013 de un homenaje a los submarinistas del ARA San Juan en Puerto Almanza (Ushuaia). Estuvieron presentes Veteranos de Guerra de Malvinas (VGM) de Mar del Plata e integrantes del Centro de Excombatientes de Malvinas de Ushuaia. \u201cEste lugar se va a convertir en un espacio de homenaje permanente a estos h\u00e9roes de la patria\u201d, asegur\u00f3 Arcando.<\/strong><\/p>\n<p>&nbsp;<\/p>\n<p>En di\u00e1logo con Prensa Legislativa, el titular del Parlamento dijo: \u201cEstoy acompa\u00f1ando, en este acto, a Veteranos de Guerra de Malvinas que estuvieron en el desembarco del 2 de abril; son buzos t\u00e1cticos que participaron de la Operaci\u00f3n Rosario, y otros que tuvieron la misi\u00f3n de recuperar las Islas Georgias el 3 de abril de 1982\u201d.<\/p>\n<p>&nbsp;<\/p>\n<p>Asegur\u00f3 estar muy complacido de poder \u201ccompartir este momento con ellos, que vinieron a rendirle un homenaje a los 44 h\u00e9roes del submarino ARA San Juan y hacer el abrazo simb\u00f3lico y fraterno que se repite en cada acto, para recordar a estos h\u00e9roes de la patria que hoy descansan custodiando nuestro litoral mar\u00edtimo\u201d<strong>.<\/strong><\/p>\n<p>&nbsp;<\/p>\n<p>Arcando aprovech\u00f3 la ocasi\u00f3n para resaltar la figura de la directora M\u00f3nica Hoyos. \u201cUna gran patriota, me complace saber que la direcci\u00f3n de esta escuela haya reca\u00eddo en ella. Gracias a estas cuestiones del destino que hicieron que la docente Hoyos sea la primera directora de este establecimiento educativo\u201d.<\/p>\n<p>&nbsp;<\/p>\n<p>\u201cEste es un lugar muy emblem\u00e1tico para nosotros, por eso esta escuela se llama \u201844 H\u00e9roes del Submarino ARA San Juan\u2019, porque los vecinos pidieron ponerle este nombre. Ellos fueron los \u00faltimos que lo vieron partir hacia las aguas del Atl\u00e1ntico Sur, surcando el Canal Beagle. Este lugar se va a convertir en un espacio de homenaje permanente a estos h\u00e9roes de la patria\u201d, adelant\u00f3 el Vicegobernador.<\/p>\n<p>&nbsp;<\/p>\n<p>Por su parte, el VGM Luis Aguirre explic\u00f3 que \u201chace unos meses que vimos por televisi\u00f3n que inauguraban aqu\u00ed en Puerto Almanza una escuela a la que le impon\u00edan el nombre de \u201844 H\u00e9roes del Submarino ARA San Juan\u2019. Nosotros, los buzos t\u00e1cticos tenemos una fraternidad muy grande con los submarinistas, ya que siempre dependemos de ellos para las operaciones que realizamos\u201d.<\/p>\n<p>&nbsp;<\/p>\n<p>\u201cFormamos un grupo para darles un abrazo fraterno a esta gente que tanto hace por la patria. Nosotros, los Veteranos de Guerra en aqu\u00e9l 2 de abril de 1982, desembarcamos como agrupaci\u00f3n de buzos t\u00e1cticos, y recuperamos las Islas Malvinas. No se invadieron como muchos dicen, fuimos a defender a nuestra patria\u201d, afirm\u00f3.<\/p>\n<p>&nbsp;<\/p>\n<p>Para finalizar, el Veterano explic\u00f3 el sentimiento de grupo en esta visita: \u201cNosotros fuimos a defender a la patria, pero aqu\u00ed los pobladores, docentes y alumnos de Puerto Almanza la est\u00e1n engrandeciendo, ese es nuestro mensaje. Podemos decir misi\u00f3n cumplida\u201d, cerr\u00f3 Aguirre.<\/p>\n<p>&nbsp;<\/p>\n<p>Luego, el VGM Ra\u00fal Ramos, oriundo de la provincia de Santa Fe e integrante de la comitiva, asegur\u00f3 que \u201cnuestra misi\u00f3n es malvinizar, hemos estado por varios lugares del pa\u00eds y por otros pa\u00edses de Am\u00e9rica. A nosotros nos interesa que no se olvide que hubo gente que dej\u00f3 la vida por la patria, por eso estamos ac\u00e1\u201d, concluy\u00f3 Ramos.<\/p>\n<p>&nbsp;<\/p>\n<p>Por su parte la directora de la escuela rural N\u00b0 6 Provincia de Entre R\u00edos, de Lago Escondido, y su anexo de Puerto Almanza, M\u00f3nica Hoyos, hizo un balance del \u201cemotivo y muy sentido acto\u201d en homenaje a los submarinistas. \u201cHoy nos visitaron Veteranos de Guerra de Mar del Plata, nos trajeron un mensaje, la propuesta de ellos fue hacer una abrazo fraternal simb\u00f3lico con las familias de los h\u00e9roes del ARA San Juan\u201d.<\/p>\n<p>&nbsp;<\/p>\n<p>\u201cNuestros estudiantes han visto el \u00faltimo d\u00eda que zarpaba el submarino, y para ellos es m\u00e1s que sentida esta presencia de los Veteranos con su testimonio\u201d. La docente afirm\u00f3 que \u201cm\u00e1s all\u00e1 del punto geogr\u00e1fico, que es estrat\u00e9gico, uno en este lugar se siente mucho m\u00e1s argentino que en cualquier otra parte de nuestro pa\u00eds\u201d. Hoyos agradeci\u00f3 la presencia del Vicegobernador \u201cquien viene siempre a visitarnos, siempre estamos contentos de recibirlo\u201d, concluy\u00f3.<\/p>\n<p>&nbsp;<\/p>\n<p>Durante el acto, el joven artista local Pedro Mac Loughlin present\u00f3 una canci\u00f3n de su autor\u00eda, en homenaje a los tripulantes del ARA San Juan, que se titula \u201cH\u00e9roes de la eternidad\u201d. All\u00ed, seg\u00fan su autor, narra los sucesos vividos desde el arribo del submarino a Ushuaia hasta la que parti\u00f3 por \u00faltima vez.<\/p>\n<p>&nbsp;<\/p>\n\n\t\t<style type=\"text\/css\">\n\t\t\t#gallery-1 {\n\t\t\t\tmargin: auto;\n\t\t\t}\n\t\t\t#gallery-1 .gallery-item {\n\t\t\t\tfloat: left;\n\t\t\t\tmargin-top: 10px;\n\t\t\t\ttext-align: center;\n\t\t\t\twidth: 33%;\n\t\t\t}\n\t\t\t#gallery-1 img {\n\t\t\t\tborder: 2px solid #cfcfcf;\n\t\t\t}\n\t\t\t#gallery-1 .gallery-caption {\n\t\t\t\tmargin-left: 0;\n\t\t\t}\n\t\t\t\/* see gallery_shortcode() in wp-includes\/media.php *\/\n\t\t<\/style>\n\t\t<div data-carousel-extra='{\"blog_id\":1,\"permalink\":\"https:\\\/\\\/www.legistdf.gob.ar\\\/index.php\\\/2018\\\/10\\\/05\\\/almanza-arcando-homenajeo-a-los-tripulantes-del-submarino-ara-san-juan\\\/\"}' id='gallery-1' class='gallery galleryid-10176 gallery-columns-3 gallery-size-thumbnail'><dl class='gallery-item'>\n\t\t\t<dt class='gallery-icon landscape'>\n\t\t\t\t<a href='https:\/\/www.legistdf.gob.ar\/index.php\/2018\/10\/05\/almanza-arcando-homenajeo-a-los-tripulantes-del-submarino-ara-san-juan\/img_4786\/'><img loading=\"lazy\" decoding=\"async\" width=\"150\" height=\"150\" src=\"https:\/\/www.legistdf.gob.ar\/wp-content\/uploads\/2018\/10\/IMG_4786-150x150.jpg\" class=\"attachment-thumbnail size-thumbnail\" alt=\"\" srcset=\"https:\/\/www.legistdf.gob.ar\/wp-content\/uploads\/2018\/10\/IMG_4786-150x150.jpg 150w, https:\/\/www.legistdf.gob.ar\/wp-content\/uploads\/2018\/10\/IMG_4786-64x64.jpg 64w\" sizes=\"(max-width: 150px) 100vw, 150px\" data-attachment-id=\"10177\" data-permalink=\"https:\/\/www.legistdf.gob.ar\/index.php\/2018\/10\/05\/almanza-arcando-homenajeo-a-los-tripulantes-del-submarino-ara-san-juan\/img_4786\/\" data-orig-file=\"https:\/\/www.legistdf.gob.ar\/wp-content\/uploads\/2018\/10\/IMG_4786.jpg\" data-orig-size=\"1000,667\" data-comments-opened=\"0\" data-image-meta=\"{&quot;aperture&quot;:&quot;8&quot;,&quot;credit&quot;:&quot;PrensaLegislativa2015&quot;,&quot;camera&quot;:&quot;Canon EOS 70D&quot;,&quot;caption&quot;:&quot;&quot;,&quot;created_timestamp&quot;:&quot;1538631980&quot;,&quot;copyright&quot;:&quot;&quot;,&quot;focal_length&quot;:&quot;13&quot;,&quot;iso&quot;:&quot;100&quot;,&quot;shutter_speed&quot;:&quot;0.008&quot;,&quot;title&quot;:&quot;&quot;,&quot;orientation&quot;:&quot;0&quot;}\" data-image-title=\"IMG_4786\" data-image-description=\"\" data-image-caption=\"\" data-medium-file=\"https:\/\/www.legistdf.gob.ar\/wp-content\/uploads\/2018\/10\/IMG_4786-300x200.jpg\" data-large-file=\"https:\/\/www.legistdf.gob.ar\/wp-content\/uploads\/2018\/10\/IMG_4786.jpg\" \/><\/a>\n\t\t\t<\/dt><\/dl><dl class='gallery-item'>\n\t\t\t<dt class='gallery-icon landscape'>\n\t\t\t\t<a href='https:\/\/www.legistdf.gob.ar\/index.php\/2018\/10\/05\/almanza-arcando-homenajeo-a-los-tripulantes-del-submarino-ara-san-juan\/img_4790-2\/'><img loading=\"lazy\" decoding=\"async\" width=\"150\" height=\"150\" src=\"https:\/\/www.legistdf.gob.ar\/wp-content\/uploads\/2018\/10\/IMG_4790-150x150.jpg\" class=\"attachment-thumbnail size-thumbnail\" alt=\"\" srcset=\"https:\/\/www.legistdf.gob.ar\/wp-content\/uploads\/2018\/10\/IMG_4790-150x150.jpg 150w, https:\/\/www.legistdf.gob.ar\/wp-content\/uploads\/2018\/10\/IMG_4790-64x64.jpg 64w\" sizes=\"(max-width: 150px) 100vw, 150px\" data-attachment-id=\"10178\" data-permalink=\"https:\/\/www.legistdf.gob.ar\/index.php\/2018\/10\/05\/almanza-arcando-homenajeo-a-los-tripulantes-del-submarino-ara-san-juan\/img_4790-2\/\" data-orig-file=\"https:\/\/www.legistdf.gob.ar\/wp-content\/uploads\/2018\/10\/IMG_4790.jpg\" data-orig-size=\"1000,667\" data-comments-opened=\"0\" data-image-meta=\"{&quot;aperture&quot;:&quot;8&quot;,&quot;credit&quot;:&quot;PrensaLegislativa2015&quot;,&quot;camera&quot;:&quot;Canon EOS 70D&quot;,&quot;caption&quot;:&quot;&quot;,&quot;created_timestamp&quot;:&quot;1538632119&quot;,&quot;copyright&quot;:&quot;&quot;,&quot;focal_length&quot;:&quot;17&quot;,&quot;iso&quot;:&quot;100&quot;,&quot;shutter_speed&quot;:&quot;0.008&quot;,&quot;title&quot;:&quot;&quot;,&quot;orientation&quot;:&quot;0&quot;}\" data-image-title=\"IMG_4790\" data-image-description=\"\" data-image-caption=\"\" data-medium-file=\"https:\/\/www.legistdf.gob.ar\/wp-content\/uploads\/2018\/10\/IMG_4790-300x200.jpg\" data-large-file=\"https:\/\/www.legistdf.gob.ar\/wp-content\/uploads\/2018\/10\/IMG_4790.jpg\" \/><\/a>\n\t\t\t<\/dt><\/dl><dl class='gallery-item'>\n\t\t\t<dt class='gallery-icon landscape'>\n\t\t\t\t<a href='https:\/\/www.legistdf.gob.ar\/index.php\/2018\/10\/05\/almanza-arcando-homenajeo-a-los-tripulantes-del-submarino-ara-san-juan\/img_4795\/'><img loading=\"lazy\" decoding=\"async\" width=\"150\" height=\"150\" src=\"https:\/\/www.legistdf.gob.ar\/wp-content\/uploads\/2018\/10\/IMG_4795-150x150.jpg\" class=\"attachment-thumbnail size-thumbnail\" alt=\"\" srcset=\"https:\/\/www.legistdf.gob.ar\/wp-content\/uploads\/2018\/10\/IMG_4795-150x150.jpg 150w, https:\/\/www.legistdf.gob.ar\/wp-content\/uploads\/2018\/10\/IMG_4795-64x64.jpg 64w\" sizes=\"(max-width: 150px) 100vw, 150px\" data-attachment-id=\"10179\" data-permalink=\"https:\/\/www.legistdf.gob.ar\/index.php\/2018\/10\/05\/almanza-arcando-homenajeo-a-los-tripulantes-del-submarino-ara-san-juan\/img_4795\/\" data-orig-file=\"https:\/\/www.legistdf.gob.ar\/wp-content\/uploads\/2018\/10\/IMG_4795.jpg\" data-orig-size=\"1000,667\" data-comments-opened=\"0\" data-image-meta=\"{&quot;aperture&quot;:&quot;4&quot;,&quot;credit&quot;:&quot;PrensaLegislativa2015&quot;,&quot;camera&quot;:&quot;Canon EOS 70D&quot;,&quot;caption&quot;:&quot;&quot;,&quot;created_timestamp&quot;:&quot;1538632736&quot;,&quot;copyright&quot;:&quot;&quot;,&quot;focal_length&quot;:&quot;16&quot;,&quot;iso&quot;:&quot;500&quot;,&quot;shutter_speed&quot;:&quot;0.004&quot;,&quot;title&quot;:&quot;&quot;,&quot;orientation&quot;:&quot;0&quot;}\" data-image-title=\"IMG_4795\" data-image-description=\"\" data-image-caption=\"\" data-medium-file=\"https:\/\/www.legistdf.gob.ar\/wp-content\/uploads\/2018\/10\/IMG_4795-300x200.jpg\" data-large-file=\"https:\/\/www.legistdf.gob.ar\/wp-content\/uploads\/2018\/10\/IMG_4795.jpg\" \/><\/a>\n\t\t\t<\/dt><\/dl><br style=\"clear: both\" \/><dl class='gallery-item'>\n\t\t\t<dt class='gallery-icon landscape'>\n\t\t\t\t<a href='https:\/\/www.legistdf.gob.ar\/index.php\/2018\/10\/05\/almanza-arcando-homenajeo-a-los-tripulantes-del-submarino-ara-san-juan\/img_4810\/'><img loading=\"lazy\" decoding=\"async\" width=\"150\" height=\"150\" src=\"https:\/\/www.legistdf.gob.ar\/wp-content\/uploads\/2018\/10\/IMG_4810-150x150.jpg\" class=\"attachment-thumbnail size-thumbnail\" alt=\"\" srcset=\"https:\/\/www.legistdf.gob.ar\/wp-content\/uploads\/2018\/10\/IMG_4810-150x150.jpg 150w, https:\/\/www.legistdf.gob.ar\/wp-content\/uploads\/2018\/10\/IMG_4810-64x64.jpg 64w\" sizes=\"(max-width: 150px) 100vw, 150px\" data-attachment-id=\"10180\" data-permalink=\"https:\/\/www.legistdf.gob.ar\/index.php\/2018\/10\/05\/almanza-arcando-homenajeo-a-los-tripulantes-del-submarino-ara-san-juan\/img_4810\/\" data-orig-file=\"https:\/\/www.legistdf.gob.ar\/wp-content\/uploads\/2018\/10\/IMG_4810.jpg\" data-orig-size=\"1000,667\" data-comments-opened=\"0\" data-image-meta=\"{&quot;aperture&quot;:&quot;20&quot;,&quot;credit&quot;:&quot;PrensaLegislativa2015&quot;,&quot;camera&quot;:&quot;Canon EOS 70D&quot;,&quot;caption&quot;:&quot;&quot;,&quot;created_timestamp&quot;:&quot;1538634492&quot;,&quot;copyright&quot;:&quot;&quot;,&quot;focal_length&quot;:&quot;14&quot;,&quot;iso&quot;:&quot;400&quot;,&quot;shutter_speed&quot;:&quot;0.02&quot;,&quot;title&quot;:&quot;&quot;,&quot;orientation&quot;:&quot;0&quot;}\" data-image-title=\"IMG_4810\" data-image-description=\"\" data-image-caption=\"\" data-medium-file=\"https:\/\/www.legistdf.gob.ar\/wp-content\/uploads\/2018\/10\/IMG_4810-300x200.jpg\" data-large-file=\"https:\/\/www.legistdf.gob.ar\/wp-content\/uploads\/2018\/10\/IMG_4810.jpg\" \/><\/a>\n\t\t\t<\/dt><\/dl><dl class='gallery-item'>\n\t\t\t<dt class='gallery-icon landscape'>\n\t\t\t\t<a href='https:\/\/www.legistdf.gob.ar\/index.php\/2018\/10\/05\/almanza-arcando-homenajeo-a-los-tripulantes-del-submarino-ara-san-juan\/img_4821\/'><img loading=\"lazy\" decoding=\"async\" width=\"150\" height=\"150\" src=\"https:\/\/www.legistdf.gob.ar\/wp-content\/uploads\/2018\/10\/IMG_4821-150x150.jpg\" class=\"attachment-thumbnail size-thumbnail\" alt=\"\" srcset=\"https:\/\/www.legistdf.gob.ar\/wp-content\/uploads\/2018\/10\/IMG_4821-150x150.jpg 150w, https:\/\/www.legistdf.gob.ar\/wp-content\/uploads\/2018\/10\/IMG_4821-64x64.jpg 64w\" sizes=\"(max-width: 150px) 100vw, 150px\" data-attachment-id=\"10181\" data-permalink=\"https:\/\/www.legistdf.gob.ar\/index.php\/2018\/10\/05\/almanza-arcando-homenajeo-a-los-tripulantes-del-submarino-ara-san-juan\/img_4821\/\" data-orig-file=\"https:\/\/www.legistdf.gob.ar\/wp-content\/uploads\/2018\/10\/IMG_4821.jpg\" data-orig-size=\"1000,667\" data-comments-opened=\"0\" data-image-meta=\"{&quot;aperture&quot;:&quot;13&quot;,&quot;credit&quot;:&quot;PrensaLegislativa2015&quot;,&quot;camera&quot;:&quot;Canon EOS 70D&quot;,&quot;caption&quot;:&quot;&quot;,&quot;created_timestamp&quot;:&quot;1538634657&quot;,&quot;copyright&quot;:&quot;&quot;,&quot;focal_length&quot;:&quot;14&quot;,&quot;iso&quot;:&quot;640&quot;,&quot;shutter_speed&quot;:&quot;0.02&quot;,&quot;title&quot;:&quot;&quot;,&quot;orientation&quot;:&quot;0&quot;}\" data-image-title=\"IMG_4821\" data-image-description=\"\" data-image-caption=\"\" data-medium-file=\"https:\/\/www.legistdf.gob.ar\/wp-content\/uploads\/2018\/10\/IMG_4821-300x200.jpg\" data-large-file=\"https:\/\/www.legistdf.gob.ar\/wp-content\/uploads\/2018\/10\/IMG_4821.jpg\" \/><\/a>\n\t\t\t<\/dt><\/dl>\n\t\t\t<br style='clear: both' \/>\n\t\t<\/div>\n\n<p><iframe loading=\"lazy\" title=\"ALMANZA: Arcando homenaje\u00f3 a los tripulantes del submarino ARA San Juan\" width=\"844\" height=\"475\" src=\"https:\/\/www.youtube.com\/embed\/NlCCm2SGb3g?feature=oembed\" frameborder=\"0\" allow=\"accelerometer; autoplay; clipboard-write; encrypted-media; gyroscope; picture-in-picture; web-share\" allowfullscreen><\/iframe><\/p>\n","protected":false},"excerpt":{"rendered":"<p>&nbsp; Ushuaia, viernes 5 de octubre de 2018.- El vicegobernador Juan Carlos Arcando particip\u00f3 \u2013 ayer \u2013 de un homenaje a los submarinistas del ARA San Juan en Puerto Almanza (Ushuaia). Estuvieron presentes Veteranos de Guerra de Malvinas (VGM) de Mar del Plata e integrantes del Centro de Excombatientes de Malvinas de Ushuaia. \u201cEste lugar [&hellip;]<\/p>\n","protected":false},"author":352,"featured_media":10180,"comment_status":"closed","ping_status":"open","sticky":false,"template":"","format":"standard","meta":{"jetpack_post_was_ever_published":false,"_jetpack_newsletter_access":"","_jetpack_dont_email_post_to_subs":false,"_jetpack_newsletter_tier_id":0,"footnotes":"","jetpack_publicize_message":"","jetpack_publicize_feature_enabled":true,"jetpack_social_post_already_shared":true,"jetpack_social_options":{"image_generator_settings":{"template":"highway","enabled":false}}},"categories":[1],"tags":[678,97,679,79,87],"jetpack_publicize_connections":[],"jetpack_sharing_enabled":true,"jetpack_featured_media_url":"https:\/\/www.legistdf.gob.ar\/wp-content\/uploads\/2018\/10\/IMG_4810.jpg","jetpack-related-posts":[],"_links":{"self":[{"href":"https:\/\/www.legistdf.gob.ar\/index.php\/wp-json\/wp\/v2\/posts\/10176"}],"collection":[{"href":"https:\/\/www.legistdf.gob.ar\/index.php\/wp-json\/wp\/v2\/posts"}],"about":[{"href":"https:\/\/www.legistdf.gob.ar\/index.php\/wp-json\/wp\/v2\/types\/post"}],"author":[{"embeddable":true,"href":"https:\/\/www.legistdf.gob.ar\/index.php\/wp-json\/wp\/v2\/users\/352"}],"replies":[{"embeddable":true,"href":"https:\/\/www.legistdf.gob.ar\/index.php\/wp-json\/wp\/v2\/comments?post=10176"}],"version-history":[{"count":2,"href":"https:\/\/www.legistdf.gob.ar\/index.php\/wp-json\/wp\/v2\/posts\/10176\/revisions"}],"predecessor-version":[{"id":10183,"href":"https:\/\/www.legistdf.gob.ar\/index.php\/wp-json\/wp\/v2\/posts\/10176\/revisions\/10183"}],"wp:featuredmedia":[{"embeddable":true,"href":"https:\/\/www.legistdf.gob.ar\/index.php\/wp-json\/wp\/v2\/media\/10180"}],"wp:attachment":[{"href":"https:\/\/www.legistdf.gob.ar\/index.php\/wp-json\/wp\/v2\/media?parent=10176"}],"wp:term":[{"taxonomy":"category","embeddable":true,"href":"https:\/\/www.legistdf.gob.ar\/index.php\/wp-json\/wp\/v2\/categories?post=10176"},{"taxonomy":"post_tag","embeddable":true,"href":"https:\/\/www.legistdf.gob.ar\/index.php\/wp-json\/wp\/v2\/tags?post=10176"}],"curies":[{"name":"wp","href":"https:\/\/api.w.org\/{rel}","templated":true}]}}