{"id":10193,"date":"2018-10-07T14:35:16","date_gmt":"2018-10-07T17:35:16","guid":{"rendered":"http:\/\/www.legistdf.gob.ar\/?p=10193"},"modified":"2018-10-07T14:39:20","modified_gmt":"2018-10-07T17:39:20","slug":"politica-arcando-saludo-la-concrecion-del-4o-encuentro-de-la-patagonia","status":"publish","type":"post","link":"https:\/\/www.legistdf.gob.ar\/index.php\/2018\/10\/07\/politica-arcando-saludo-la-concrecion-del-4o-encuentro-de-la-patagonia\/","title":{"rendered":"POL\u00cdTICA: Arcando salud\u00f3 la concreci\u00f3n del 4\u00ba Encuentro de la Patagonia"},"content":{"rendered":"<p style=\"font-weight: 400\"><strong>Ushuaia, domingo 7 de octubre de 2018.- El vicegobernador Juan Carlos Arcando celebr\u00f3 la realizaci\u00f3n de 4\u00ba Encuentro de la Patagonia, y salud\u00f3 a todo el arco pol\u00edtico y dirigencial \u201cque tuvieron esta iniciativa\u201d, dijo esta ma\u00f1ana en la apertura en la edici\u00f3n fueguina del encuentro. \u201cDebemos marcar un rumbo distinto\u201d, se\u00f1al\u00f3 y agreg\u00f3 que las banderas de la soberan\u00eda pol\u00edtica y la soberan\u00eda econ\u00f3mica \u201cest\u00e1n en peligro en la Argentina, por las pol\u00edticas que lleva adelante el Gobierno nacional\u201d.<\/strong><\/p>\n<p style=\"font-weight: 400\">En otro pasaje de su intervenci\u00f3n, el Vicegobernador Arcando aclar\u00f3 que \u201cdesde la Patagonia, somos los que m\u00e1s sufrimos este embate; con la quita de los beneficios que nos otorgaron los gobiernos\u201d que se iniciaron a partir de 2004. En particular, sostuvo que en la Provincia se recuperaron la industria y el trabajo, \u201cpero no tan solo para los metal\u00fargicos\u201d, sino para el resto de la masa laboral de Tierra del Fuego.<\/p>\n<p style=\"font-weight: 400\">El titular del Parlamento, lament\u00f3 \u201cver c\u00f3mo nos ataca este Gobierno nacional. Todos los d\u00edas nos enteramos de un decreto nuevo. Y no se trata de decretos para esa Argentina, que tiene como l\u00edmites la General Paz, el Riachuelo y el R\u00edo de la Plata\u201d, en alusi\u00f3n al resto del pa\u00eds y sus econom\u00edas regionales \u201cseriamente\u201d afectadas.<\/p>\n<p style=\"font-weight: 400\">\u201cEst\u00e1n ensa\u00f1ados con la Patagonia, porque de la Patagonia salieron un hombre y una mujer que les ense\u00f1aron a gobernar\u00a0 y a decirles, a este pa\u00eds que otra Argentina era posible\u201d, sostuvo.<\/p>\n<p style=\"font-weight: 400\">Al cerrar su discurso, pidi\u00f3 \u201clos compa\u00f1eros de la Patagonia; a los sindicatos y a toda la clase pol\u00edtica; a los veteranos de Guerra \u2013que nuevamente sufren la desmalvinizaci\u00f3n que pretende este Gobierno-, no tengamos fisuras\u201d, cerr\u00f3.<\/p>\n<p>&nbsp;<\/p>\n<p>Galer\u00eda de im\u00e1genes:\u00a0<a href=\"https:\/\/flic.kr\/s\/aHsmthffvs\">https:\/\/flic.kr\/s\/aHsmthffvs<\/a><\/p>\n\n\t\t<style type=\"text\/css\">\n\t\t\t#gallery-1 {\n\t\t\t\tmargin: auto;\n\t\t\t}\n\t\t\t#gallery-1 .gallery-item {\n\t\t\t\tfloat: left;\n\t\t\t\tmargin-top: 10px;\n\t\t\t\ttext-align: center;\n\t\t\t\twidth: 100%;\n\t\t\t}\n\t\t\t#gallery-1 img {\n\t\t\t\tborder: 2px solid #cfcfcf;\n\t\t\t}\n\t\t\t#gallery-1 .gallery-caption {\n\t\t\t\tmargin-left: 0;\n\t\t\t}\n\t\t\t\/* see gallery_shortcode() in wp-includes\/media.php *\/\n\t\t<\/style>\n\t\t<div data-carousel-extra='{\"blog_id\":1,\"permalink\":\"https:\\\/\\\/www.legistdf.gob.ar\\\/index.php\\\/2018\\\/10\\\/07\\\/politica-arcando-saludo-la-concrecion-del-4o-encuentro-de-la-patagonia\\\/\"}' id='gallery-1' class='gallery galleryid-10193 gallery-columns-1 gallery-size-thumbnail'><dl class='gallery-item'>\n\t\t\t<dt class='gallery-icon landscape'>\n\t\t\t\t<a href='https:\/\/www.legistdf.gob.ar\/index.php\/2018\/10\/07\/politica-arcando-saludo-la-concrecion-del-4o-encuentro-de-la-patagonia\/1-153\/'><img loading=\"lazy\" decoding=\"async\" width=\"150\" height=\"150\" src=\"https:\/\/www.legistdf.gob.ar\/wp-content\/uploads\/2018\/10\/1-150x150.jpg\" class=\"attachment-thumbnail size-thumbnail\" alt=\"\" srcset=\"https:\/\/www.legistdf.gob.ar\/wp-content\/uploads\/2018\/10\/1-150x150.jpg 150w, https:\/\/www.legistdf.gob.ar\/wp-content\/uploads\/2018\/10\/1-64x64.jpg 64w\" sizes=\"(max-width: 150px) 100vw, 150px\" data-attachment-id=\"10194\" data-permalink=\"https:\/\/www.legistdf.gob.ar\/index.php\/2018\/10\/07\/politica-arcando-saludo-la-concrecion-del-4o-encuentro-de-la-patagonia\/1-153\/\" data-orig-file=\"https:\/\/www.legistdf.gob.ar\/wp-content\/uploads\/2018\/10\/1.jpg\" data-orig-size=\"1000,667\" data-comments-opened=\"0\" data-image-meta=\"{&quot;aperture&quot;:&quot;5&quot;,&quot;credit&quot;:&quot;PrensaLegislativa2015&quot;,&quot;camera&quot;:&quot;Canon EOS 70D&quot;,&quot;caption&quot;:&quot;&quot;,&quot;created_timestamp&quot;:&quot;1538726597&quot;,&quot;copyright&quot;:&quot;&quot;,&quot;focal_length&quot;:&quot;22&quot;,&quot;iso&quot;:&quot;1000&quot;,&quot;shutter_speed&quot;:&quot;0.04&quot;,&quot;title&quot;:&quot;&quot;,&quot;orientation&quot;:&quot;0&quot;}\" data-image-title=\"1\" data-image-description=\"\" data-image-caption=\"\" data-medium-file=\"https:\/\/www.legistdf.gob.ar\/wp-content\/uploads\/2018\/10\/1-300x200.jpg\" data-large-file=\"https:\/\/www.legistdf.gob.ar\/wp-content\/uploads\/2018\/10\/1.jpg\" \/><\/a>\n\t\t\t<\/dt><\/dl><br style=\"clear: both\" \/>\n\t\t<\/div>\n\n","protected":false},"excerpt":{"rendered":"<p>Ushuaia, domingo 7 de octubre de 2018.- El vicegobernador Juan Carlos Arcando celebr\u00f3 la realizaci\u00f3n de 4\u00ba Encuentro de la Patagonia, y salud\u00f3 a todo el arco pol\u00edtico y dirigencial \u201cque tuvieron esta iniciativa\u201d, dijo esta ma\u00f1ana en la apertura en la edici\u00f3n fueguina del encuentro. \u201cDebemos marcar un rumbo distinto\u201d, se\u00f1al\u00f3 y agreg\u00f3 que [&hellip;]<\/p>\n","protected":false},"author":352,"featured_media":10194,"comment_status":"closed","ping_status":"open","sticky":false,"template":"","format":"standard","meta":{"jetpack_post_was_ever_published":false,"_jetpack_newsletter_access":"","_jetpack_dont_email_post_to_subs":false,"_jetpack_newsletter_tier_id":0,"footnotes":"","jetpack_publicize_message":"","jetpack_publicize_feature_enabled":true,"jetpack_social_post_already_shared":true,"jetpack_social_options":{"image_generator_settings":{"template":"highway","enabled":false}}},"categories":[1],"tags":[97,676,87],"jetpack_publicize_connections":[],"jetpack_sharing_enabled":true,"jetpack_featured_media_url":"https:\/\/www.legistdf.gob.ar\/wp-content\/uploads\/2018\/10\/1.jpg","jetpack-related-posts":[],"_links":{"self":[{"href":"https:\/\/www.legistdf.gob.ar\/index.php\/wp-json\/wp\/v2\/posts\/10193"}],"collection":[{"href":"https:\/\/www.legistdf.gob.ar\/index.php\/wp-json\/wp\/v2\/posts"}],"about":[{"href":"https:\/\/www.legistdf.gob.ar\/index.php\/wp-json\/wp\/v2\/types\/post"}],"author":[{"embeddable":true,"href":"https:\/\/www.legistdf.gob.ar\/index.php\/wp-json\/wp\/v2\/users\/352"}],"replies":[{"embeddable":true,"href":"https:\/\/www.legistdf.gob.ar\/index.php\/wp-json\/wp\/v2\/comments?post=10193"}],"version-history":[{"count":3,"href":"https:\/\/www.legistdf.gob.ar\/index.php\/wp-json\/wp\/v2\/posts\/10193\/revisions"}],"predecessor-version":[{"id":10200,"href":"https:\/\/www.legistdf.gob.ar\/index.php\/wp-json\/wp\/v2\/posts\/10193\/revisions\/10200"}],"wp:featuredmedia":[{"embeddable":true,"href":"https:\/\/www.legistdf.gob.ar\/index.php\/wp-json\/wp\/v2\/media\/10194"}],"wp:attachment":[{"href":"https:\/\/www.legistdf.gob.ar\/index.php\/wp-json\/wp\/v2\/media?parent=10193"}],"wp:term":[{"taxonomy":"category","embeddable":true,"href":"https:\/\/www.legistdf.gob.ar\/index.php\/wp-json\/wp\/v2\/categories?post=10193"},{"taxonomy":"post_tag","embeddable":true,"href":"https:\/\/www.legistdf.gob.ar\/index.php\/wp-json\/wp\/v2\/tags?post=10193"}],"curies":[{"name":"wp","href":"https:\/\/api.w.org\/{rel}","templated":true}]}}