{"id":10201,"date":"2018-10-08T13:34:21","date_gmt":"2018-10-08T16:34:21","guid":{"rendered":"http:\/\/www.legistdf.gob.ar\/?p=10201"},"modified":"2018-10-08T13:43:45","modified_gmt":"2018-10-08T16:43:45","slug":"politica-las-legisladoras-carrasco-y-gomez-participaron-del-4-foro-patagonico","status":"publish","type":"post","link":"https:\/\/www.legistdf.gob.ar\/index.php\/2018\/10\/08\/politica-las-legisladoras-carrasco-y-gomez-participaron-del-4-foro-patagonico\/","title":{"rendered":"POL\u00cdTICA: Las legisladoras Carrasco y G\u00f3mez participaron del 4\u00b0 Foro Patag\u00f3nico"},"content":{"rendered":"<p>&nbsp;<\/p>\n<p><strong>Ushuaia, lunes 8 de octubre de 2018.- Las legisladoras Angelina Carrasco y Marcela G\u00f3mez (FPV \u2013 PJ) participaron, el viernes pasado, del 4\u00b0 Foro Patag\u00f3nico que se desarroll\u00f3 en la capital provincial. Referentes pol\u00edticos nacionales y provinciales plantearon la necesidad de consolidar un espacio de unidad para contrarrestar las medidas tomadas por el gobierno nacional y que perjudican la situaci\u00f3n de las provincias patag\u00f3nicas. Del encuentro particip\u00f3 tambi\u00e9n el vicegobernador Juan Carlos Arcando.<\/strong><\/p>\n<p>&nbsp;<\/p>\n<p>En di\u00e1logo con Prensa Legislativa, la legisladora Carrasco record\u00f3 que \u201ctuvimos la posibilidad de participar en los dos primeros foros, y la premisa ha sido siempre la misma, lograr consolidar un espacio de unidad, en todo lo que tiene que ver con la regi\u00f3n patag\u00f3nica\u201d.<\/p>\n<p>&nbsp;<\/p>\n<p>La Parlamentaria explic\u00f3 que estos espacios buscan \u201ccontrarrestar o buscar alternativas o propuestas, que tengan relaci\u00f3n con las medidas\u201d que se adoptan desde el poder central, y \u201cque impactan directamente en t\u00e9rminos econ\u00f3micos y sociales en cada una de las provincias que componen la regi\u00f3n patag\u00f3nica\u201d, remarc\u00f3.<\/p>\n<p>&nbsp;<\/p>\n<p>\u201cTodas las provincias estamos atravesando una realidad muy complicada, cada gesti\u00f3n asumi\u00f3 con una situaci\u00f3n compleja en t\u00e9rminos presupuestarios y financieros, y obviamente que el contexto econ\u00f3mico nacional, con las medidas que se tomaron en estos casi tres a\u00f1os de gobierno, no han contribuido a superar las crisis en cada una\u201d, asegur\u00f3 Carrasco.<\/p>\n<p>&nbsp;<\/p>\n<p>En ese sentido, fue terminante en cuanto a que \u201cno hay m\u00e1rgenes para ajustar en los sectores m\u00e1s vulnerables\u201d. La referente del bloque del FPV \u2013 PJ asever\u00f3 que \u201ctenemos que buscar alternativas para ver c\u00f3mo salimos de esta situaci\u00f3n, mediante medidas que impulsen el crecimiento econ\u00f3mico y de esta manera generar mayores recursos\u201d. Por \u00faltimo, recalc\u00f3 que \u201cel encuentro tuvo como premisa, el hacer a un lado las diferencias pol\u00edtico partidarias que cada uno tenga y buscar la unidad para establecer un proyecto superador a lo que hoy estamos atravesando a nivel nacional\u201d, concluy\u00f3 Carrasco.<\/p>\n<p>&nbsp;<\/p>\n<p>Por su parte, la legisladora Marcela G\u00f3mez valor\u00f3 participar \u201cjunto al resto de autoridades nacionales y patag\u00f3nicas, y poder mostrar a la Patagonia unida\u201d. Consider\u00f3 que \u201cya es un mensaje para el gobierno nacional, ya que se vienen realizando diferentes encuentros y acciones desde la Provincia y en conjunto con otras provincias del pa\u00eds\u201d.<\/p>\n<p>&nbsp;<\/p>\n<p>Record\u00f3 que \u201chemos tenido la oportunidad de representar a la Tierra del Fuego en el Parlamento Patag\u00f3nico, llevando diferentes propuestas alternativas, acompa\u00f1ando las iniciativas que hab\u00eda manifestado nuestra Gobernadora\u201d. Justific\u00f3 la b\u00fasqueda de alternativas y soluciones respecto a estos \u201canuncios que d\u00eda a d\u00eda nos van sorprendiendo por parte del gobierno nacional, y \u00e9ste \u00faltimo, creo que es el m\u00e1s feroz -por decirlo de alguna forma-, con este nuevo decreto que nos pone de igual a igual en cuanto a la producci\u00f3n industrial que venimos llevando adelante\u201d.<\/p>\n<p>&nbsp;<\/p>\n<p>Marcela G\u00f3mez entendi\u00f3 que \u201cesto se tiene que contrarrestar, vamos a seguir trabajando en presentar propuestas para modificarlo, para revertirlo, pero todos sabemos que es muy dif\u00edcil\u201d, dijo. En ese sentido destac\u00f3 que \u201ctodas las provincias estamos atravesando, cada una con sus particularidades, diferentes embestidas\u201d.<\/p>\n<p>&nbsp;<\/p>\n<p>\u201cGracias a todas estas pol\u00edticas que hemos acompa\u00f1ado y defendido, con una serie de medidas al principio de esta gesti\u00f3n que hoy son las que nos permiten poder pagar los salarios en tiempo y forma; a los activos y a los pasivos; poder tener los d\u00edas de clases como marca la Ley; seguir adelante con el listado de obras que tenemos, algunas que ya hemos culminado, obras que tan bien y tanto nos cambia la vida a los fueguinos, como llevar la red de gas a los hogares o la inauguraci\u00f3n de nuevas plantas potabilizadoras\u201d, ejemplific\u00f3 la Parlamentaria.<\/p>\n<p>&nbsp;<\/p>\n<p>La referente del bloque del FPV \u2013 PJ asever\u00f3 que \u201ctodo esto no hubiese sido posible, si no hubi\u00e9semos tomado estas decisiones al principio de la gesti\u00f3n; yo me siento orgullosa de haber acompa\u00f1ado y acompa\u00f1ar a la gesti\u00f3n de la gobernadora Dra. Rosana Bertone\u201d.<\/p>\n<p>&nbsp;<\/p>\n<p>Por \u00faltimo, destac\u00f3 que fue \u201cun honor contar con la presencia del gobernador Rodr\u00edguez Sa\u00e1 y como lo hemos hecho en otros encuentros, poder sumar otras provincias como fue el caso de Corrientes y esperamos seguir sumando a otros referentes provinciales y nacionales para seguir construyendo en ese camino\u201d, cerr\u00f3 G\u00f3mez.<\/p>\n<p>[youtube https:\/\/www.youtube.com\/watch?v=OvO-Ab_eBGw?rel=0&#038;w=853&#038;h=480]<\/p>\n<p>&nbsp;<\/p>\n<p>Galer\u00eda de Im\u00e1genes:\u00a0<a href=\"https:\/\/www.flickr.com\/photos\/prensalegistdf\/albums\/72157701874927284\">https:\/\/www.flickr.com\/photos\/prensalegistdf\/albums\/72157701874927284\u00a0<\/a><\/p>\n<p>&nbsp;<\/p>\n\n\t\t<style type=\"text\/css\">\n\t\t\t#gallery-1 {\n\t\t\t\tmargin: auto;\n\t\t\t}\n\t\t\t#gallery-1 .gallery-item {\n\t\t\t\tfloat: left;\n\t\t\t\tmargin-top: 10px;\n\t\t\t\ttext-align: center;\n\t\t\t\twidth: 50%;\n\t\t\t}\n\t\t\t#gallery-1 img {\n\t\t\t\tborder: 2px solid #cfcfcf;\n\t\t\t}\n\t\t\t#gallery-1 .gallery-caption {\n\t\t\t\tmargin-left: 0;\n\t\t\t}\n\t\t\t\/* see gallery_shortcode() in wp-includes\/media.php *\/\n\t\t<\/style>\n\t\t<div data-carousel-extra='{\"blog_id\":1,\"permalink\":\"https:\\\/\\\/www.legistdf.gob.ar\\\/index.php\\\/2018\\\/10\\\/08\\\/politica-las-legisladoras-carrasco-y-gomez-participaron-del-4-foro-patagonico\\\/\"}' id='gallery-1' class='gallery galleryid-10201 gallery-columns-2 gallery-size-thumbnail'><dl class='gallery-item'>\n\t\t\t<dt class='gallery-icon landscape'>\n\t\t\t\t<a href='https:\/\/www.legistdf.gob.ar\/index.php\/2018\/10\/08\/politica-las-legisladoras-carrasco-y-gomez-participaron-del-4-foro-patagonico\/las-hayas-1\/'><img loading=\"lazy\" decoding=\"async\" width=\"150\" height=\"150\" src=\"https:\/\/www.legistdf.gob.ar\/wp-content\/uploads\/2018\/10\/Las-Hayas-1-150x150.jpg\" class=\"attachment-thumbnail size-thumbnail\" alt=\"\" srcset=\"https:\/\/www.legistdf.gob.ar\/wp-content\/uploads\/2018\/10\/Las-Hayas-1-150x150.jpg 150w, https:\/\/www.legistdf.gob.ar\/wp-content\/uploads\/2018\/10\/Las-Hayas-1-64x64.jpg 64w\" sizes=\"(max-width: 150px) 100vw, 150px\" data-attachment-id=\"10202\" data-permalink=\"https:\/\/www.legistdf.gob.ar\/index.php\/2018\/10\/08\/politica-las-legisladoras-carrasco-y-gomez-participaron-del-4-foro-patagonico\/las-hayas-1\/\" data-orig-file=\"https:\/\/www.legistdf.gob.ar\/wp-content\/uploads\/2018\/10\/Las-Hayas-1.jpg\" data-orig-size=\"1000,667\" data-comments-opened=\"0\" data-image-meta=\"{&quot;aperture&quot;:&quot;4.5&quot;,&quot;credit&quot;:&quot;PrensaLegislativa2015&quot;,&quot;camera&quot;:&quot;Canon EOS 70D&quot;,&quot;caption&quot;:&quot;&quot;,&quot;created_timestamp&quot;:&quot;1538724387&quot;,&quot;copyright&quot;:&quot;&quot;,&quot;focal_length&quot;:&quot;22&quot;,&quot;iso&quot;:&quot;640&quot;,&quot;shutter_speed&quot;:&quot;0.04&quot;,&quot;title&quot;:&quot;&quot;,&quot;orientation&quot;:&quot;0&quot;}\" data-image-title=\"Las Hayas 1\" data-image-description=\"\" data-image-caption=\"\" data-medium-file=\"https:\/\/www.legistdf.gob.ar\/wp-content\/uploads\/2018\/10\/Las-Hayas-1-300x200.jpg\" data-large-file=\"https:\/\/www.legistdf.gob.ar\/wp-content\/uploads\/2018\/10\/Las-Hayas-1.jpg\" \/><\/a>\n\t\t\t<\/dt><\/dl><dl class='gallery-item'>\n\t\t\t<dt class='gallery-icon landscape'>\n\t\t\t\t<a href='https:\/\/www.legistdf.gob.ar\/index.php\/2018\/10\/08\/politica-las-legisladoras-carrasco-y-gomez-participaron-del-4-foro-patagonico\/las-hayas-2\/'><img loading=\"lazy\" decoding=\"async\" width=\"150\" height=\"150\" src=\"https:\/\/www.legistdf.gob.ar\/wp-content\/uploads\/2018\/10\/Las-Hayas-2-150x150.jpg\" class=\"attachment-thumbnail size-thumbnail\" alt=\"\" srcset=\"https:\/\/www.legistdf.gob.ar\/wp-content\/uploads\/2018\/10\/Las-Hayas-2-150x150.jpg 150w, https:\/\/www.legistdf.gob.ar\/wp-content\/uploads\/2018\/10\/Las-Hayas-2-64x64.jpg 64w\" sizes=\"(max-width: 150px) 100vw, 150px\" data-attachment-id=\"10203\" data-permalink=\"https:\/\/www.legistdf.gob.ar\/index.php\/2018\/10\/08\/politica-las-legisladoras-carrasco-y-gomez-participaron-del-4-foro-patagonico\/las-hayas-2\/\" data-orig-file=\"https:\/\/www.legistdf.gob.ar\/wp-content\/uploads\/2018\/10\/Las-Hayas-2.jpg\" data-orig-size=\"1000,667\" data-comments-opened=\"0\" data-image-meta=\"{&quot;aperture&quot;:&quot;9&quot;,&quot;credit&quot;:&quot;PrensaLegislativa2015&quot;,&quot;camera&quot;:&quot;Canon EOS 70D&quot;,&quot;caption&quot;:&quot;&quot;,&quot;created_timestamp&quot;:&quot;1538725059&quot;,&quot;copyright&quot;:&quot;&quot;,&quot;focal_length&quot;:&quot;22&quot;,&quot;iso&quot;:&quot;1000&quot;,&quot;shutter_speed&quot;:&quot;0.04&quot;,&quot;title&quot;:&quot;&quot;,&quot;orientation&quot;:&quot;0&quot;}\" data-image-title=\"Las Hayas 2\" data-image-description=\"\" data-image-caption=\"\" data-medium-file=\"https:\/\/www.legistdf.gob.ar\/wp-content\/uploads\/2018\/10\/Las-Hayas-2-300x200.jpg\" data-large-file=\"https:\/\/www.legistdf.gob.ar\/wp-content\/uploads\/2018\/10\/Las-Hayas-2.jpg\" \/><\/a>\n\t\t\t<\/dt><\/dl><br style=\"clear: both\" \/>\n\t\t<\/div>\n\n","protected":false},"excerpt":{"rendered":"<p>&nbsp; Ushuaia, lunes 8 de octubre de 2018.- Las legisladoras Angelina Carrasco y Marcela G\u00f3mez (FPV \u2013 PJ) participaron, el viernes pasado, del 4\u00b0 Foro Patag\u00f3nico que se desarroll\u00f3 en la capital provincial. Referentes pol\u00edticos nacionales y provinciales plantearon la necesidad de consolidar un espacio de unidad para contrarrestar las medidas tomadas por el gobierno [&hellip;]<\/p>\n","protected":false},"author":352,"featured_media":10202,"comment_status":"closed","ping_status":"open","sticky":false,"template":"","format":"standard","meta":{"jetpack_post_was_ever_published":false,"_jetpack_newsletter_access":"","_jetpack_dont_email_post_to_subs":false,"_jetpack_newsletter_tier_id":0,"footnotes":"","jetpack_publicize_message":"","jetpack_publicize_feature_enabled":true,"jetpack_social_post_already_shared":true,"jetpack_social_options":{"image_generator_settings":{"template":"highway","enabled":false}}},"categories":[1],"tags":[124,680,256,282,97,123,79],"jetpack_publicize_connections":[],"jetpack_sharing_enabled":true,"jetpack_featured_media_url":"https:\/\/www.legistdf.gob.ar\/wp-content\/uploads\/2018\/10\/Las-Hayas-1.jpg","jetpack-related-posts":[],"_links":{"self":[{"href":"https:\/\/www.legistdf.gob.ar\/index.php\/wp-json\/wp\/v2\/posts\/10201"}],"collection":[{"href":"https:\/\/www.legistdf.gob.ar\/index.php\/wp-json\/wp\/v2\/posts"}],"about":[{"href":"https:\/\/www.legistdf.gob.ar\/index.php\/wp-json\/wp\/v2\/types\/post"}],"author":[{"embeddable":true,"href":"https:\/\/www.legistdf.gob.ar\/index.php\/wp-json\/wp\/v2\/users\/352"}],"replies":[{"embeddable":true,"href":"https:\/\/www.legistdf.gob.ar\/index.php\/wp-json\/wp\/v2\/comments?post=10201"}],"version-history":[{"count":3,"href":"https:\/\/www.legistdf.gob.ar\/index.php\/wp-json\/wp\/v2\/posts\/10201\/revisions"}],"predecessor-version":[{"id":10205,"href":"https:\/\/www.legistdf.gob.ar\/index.php\/wp-json\/wp\/v2\/posts\/10201\/revisions\/10205"}],"wp:featuredmedia":[{"embeddable":true,"href":"https:\/\/www.legistdf.gob.ar\/index.php\/wp-json\/wp\/v2\/media\/10202"}],"wp:attachment":[{"href":"https:\/\/www.legistdf.gob.ar\/index.php\/wp-json\/wp\/v2\/media?parent=10201"}],"wp:term":[{"taxonomy":"category","embeddable":true,"href":"https:\/\/www.legistdf.gob.ar\/index.php\/wp-json\/wp\/v2\/categories?post=10201"},{"taxonomy":"post_tag","embeddable":true,"href":"https:\/\/www.legistdf.gob.ar\/index.php\/wp-json\/wp\/v2\/tags?post=10201"}],"curies":[{"name":"wp","href":"https:\/\/api.w.org\/{rel}","templated":true}]}}