{"id":10283,"date":"2018-10-11T13:26:03","date_gmt":"2018-10-11T16:26:03","guid":{"rendered":"http:\/\/www.legistdf.gob.ar\/?p=10283"},"modified":"2018-10-11T13:26:03","modified_gmt":"2018-10-11T16:26:03","slug":"enfermeria-escolar-profesionales-impulsan-la-sancion-de-la-iniciativa-impulsada-por-el-mpf","status":"publish","type":"post","link":"https:\/\/www.legistdf.gob.ar\/index.php\/2018\/10\/11\/enfermeria-escolar-profesionales-impulsan-la-sancion-de-la-iniciativa-impulsada-por-el-mpf\/","title":{"rendered":"ENFERMER\u00cdA ESCOLAR: Profesionales impulsan la sanci\u00f3n de la iniciativa impulsada por el MPF"},"content":{"rendered":"<p>&nbsp;<\/p>\n<p><strong>Ushuaia, jueves 11 de octubre de 2018.- En el marco de la semana de la Educaci\u00f3n Especial, que se desarroll\u00f3 en la capital provincial del 1 al 5 de octubre, Prensa Legislativa dialog\u00f3 con el lic. en Enfermer\u00eda, Jorge Salom\u00f3n, integrante del Servicio de Enfermer\u00eda Escolar de la Escuela Especial N\u00b0 1 Kay\u00fa Chen\u00e9n. <\/strong><\/p>\n<p>&nbsp;<\/p>\n<p>El profesional de la salud explic\u00f3 que el objetivo de las jornadas fue \u201cdifundir en la comunidad el servicio del cual soy parte, y que desde hace nueve a\u00f1os tiene la Kay\u00fa Chen\u00e9n, mediante distintas actividades y eventos donde participaron otras instituciones educativas de la ciudad\u201d.<\/p>\n<p>&nbsp;<\/p>\n<p>Respecto de la importancia del Servicio en ese establecimiento, destac\u00f3 que \u201cno estamos \u00fanicamente para la asistencia b\u00e1sica y com\u00fan, sino que va mucho m\u00e1s all\u00e1\u201d. Al hacer un repaso de las funciones que desempe\u00f1a, el Licenciado explic\u00f3 que \u201ces un abanico amplio en el cual hacemos el acompa\u00f1amiento a los alumnos, en la comunicaci\u00f3n fluida con las familias; las coordinaciones de distintas actividades con el equipo directivo y docentes\u201d.<\/p>\n<p>&nbsp;<\/p>\n<p>Tambi\u00e9n, agreg\u00f3 otras funciones importantes que desarrolla en la instituci\u00f3n: \u201chacemos la ense\u00f1anza e instrucci\u00f3n de educaci\u00f3n para la salud; derivaciones oportunas y pertinentes en los casos en que sea necesario y trabajamos coordinadamente con el servicio de emergencias, para que las familias tengan seguridad y tranquilidad con respecto a sus hijos\u201d, detall\u00f3 Salom\u00f3n.<\/p>\n<p>&nbsp;<\/p>\n<p>El enfermero busca impulsar, junto a otros profesionales, la sanci\u00f3n del asunto N\u00b0 489\/17, impulsado por el bloque del MPF, que propone crear mediante una Ley provincial, el Programa de Enfermer\u00eda Escolar en los establecimientos educativos de gesti\u00f3n p\u00fablica. La norma propuesta \u201cbusca la posibilidad de incorporar la figura de la enfermera o el enfermero dentro de las instituciones escolares de la Provincia\u201d, explic\u00f3.<\/p>\n<p>&nbsp;<\/p>\n<p>El proyecto de Ley tom\u00f3 estado parlamentario en octubre de 2017 y se encuentra en an\u00e1lisis en el seno de las Comisiones de Salud (5) y Educaci\u00f3n (4). Seg\u00fan los Parlamentarios mopofistas, \u201cel programa de Enfermer\u00eda Escolar es una herramienta viable para mejorar la salud p\u00fablica\u201d de las ni\u00f1as y ni\u00f1os de la Provincia.<\/p>\n<p>&nbsp;<\/p>\n<p>En su articulado, la norma propone habilitar \u201cun espacio f\u00edsico en los establecimientos educativos de gesti\u00f3n p\u00fablica, que tendr\u00e1 como objetivo la seguridad de la salud escolar, entendiendo la asistencia inmediata en las urgencias y emergencias sanitarias, educaci\u00f3n, prevenci\u00f3n, contenci\u00f3n, asesoramiento y atenciones de los alumnos en cada establecimiento educativo\u201d.<\/p>\n<p>&nbsp;<\/p>\n<p>&nbsp;<\/p>\n\n\t\t<style type=\"text\/css\">\n\t\t\t#gallery-1 {\n\t\t\t\tmargin: auto;\n\t\t\t}\n\t\t\t#gallery-1 .gallery-item {\n\t\t\t\tfloat: left;\n\t\t\t\tmargin-top: 10px;\n\t\t\t\ttext-align: center;\n\t\t\t\twidth: 100%;\n\t\t\t}\n\t\t\t#gallery-1 img {\n\t\t\t\tborder: 2px solid #cfcfcf;\n\t\t\t}\n\t\t\t#gallery-1 .gallery-caption {\n\t\t\t\tmargin-left: 0;\n\t\t\t}\n\t\t\t\/* see gallery_shortcode() in wp-includes\/media.php *\/\n\t\t<\/style>\n\t\t<div data-carousel-extra='{\"blog_id\":1,\"permalink\":\"https:\\\/\\\/www.legistdf.gob.ar\\\/index.php\\\/2018\\\/10\\\/11\\\/enfermeria-escolar-profesionales-impulsan-la-sancion-de-la-iniciativa-impulsada-por-el-mpf\\\/\"}' id='gallery-1' class='gallery galleryid-10283 gallery-columns-1 gallery-size-thumbnail'><dl class='gallery-item'>\n\t\t\t<dt class='gallery-icon landscape'>\n\t\t\t\t<a href='https:\/\/www.legistdf.gob.ar\/index.php\/2018\/10\/11\/enfermeria-escolar-profesionales-impulsan-la-sancion-de-la-iniciativa-impulsada-por-el-mpf\/img_4703\/'><img loading=\"lazy\" decoding=\"async\" width=\"150\" height=\"150\" src=\"https:\/\/www.legistdf.gob.ar\/wp-content\/uploads\/2018\/10\/IMG_4703-150x150.jpg\" class=\"attachment-thumbnail size-thumbnail\" alt=\"\" srcset=\"https:\/\/www.legistdf.gob.ar\/wp-content\/uploads\/2018\/10\/IMG_4703-150x150.jpg 150w, https:\/\/www.legistdf.gob.ar\/wp-content\/uploads\/2018\/10\/IMG_4703-64x64.jpg 64w\" sizes=\"(max-width: 150px) 100vw, 150px\" data-attachment-id=\"10284\" data-permalink=\"https:\/\/www.legistdf.gob.ar\/index.php\/2018\/10\/11\/enfermeria-escolar-profesionales-impulsan-la-sancion-de-la-iniciativa-impulsada-por-el-mpf\/img_4703\/\" data-orig-file=\"https:\/\/www.legistdf.gob.ar\/wp-content\/uploads\/2018\/10\/IMG_4703.jpg\" data-orig-size=\"1000,667\" data-comments-opened=\"0\" data-image-meta=\"{&quot;aperture&quot;:&quot;0&quot;,&quot;credit&quot;:&quot;&quot;,&quot;camera&quot;:&quot;&quot;,&quot;caption&quot;:&quot;&quot;,&quot;created_timestamp&quot;:&quot;0&quot;,&quot;copyright&quot;:&quot;&quot;,&quot;focal_length&quot;:&quot;0&quot;,&quot;iso&quot;:&quot;0&quot;,&quot;shutter_speed&quot;:&quot;0&quot;,&quot;title&quot;:&quot;&quot;,&quot;orientation&quot;:&quot;0&quot;}\" data-image-title=\"IMG_4703\" data-image-description=\"\" data-image-caption=\"\" data-medium-file=\"https:\/\/www.legistdf.gob.ar\/wp-content\/uploads\/2018\/10\/IMG_4703-300x200.jpg\" data-large-file=\"https:\/\/www.legistdf.gob.ar\/wp-content\/uploads\/2018\/10\/IMG_4703.jpg\" \/><\/a>\n\t\t\t<\/dt><\/dl><br style=\"clear: both\" \/>\n\t\t<\/div>\n\n<p>&nbsp;<\/p>\n","protected":false},"excerpt":{"rendered":"<p>&nbsp; Ushuaia, jueves 11 de octubre de 2018.- En el marco de la semana de la Educaci\u00f3n Especial, que se desarroll\u00f3 en la capital provincial del 1 al 5 de octubre, Prensa Legislativa dialog\u00f3 con el lic. en Enfermer\u00eda, Jorge Salom\u00f3n, integrante del Servicio de Enfermer\u00eda Escolar de la Escuela Especial N\u00b0 1 Kay\u00fa Chen\u00e9n. [&hellip;]<\/p>\n","protected":false},"author":352,"featured_media":10284,"comment_status":"closed","ping_status":"open","sticky":false,"template":"","format":"standard","meta":{"jetpack_post_was_ever_published":false,"_jetpack_newsletter_access":"","_jetpack_dont_email_post_to_subs":false,"_jetpack_newsletter_tier_id":0,"footnotes":"","jetpack_publicize_message":"","jetpack_publicize_feature_enabled":true,"jetpack_social_post_already_shared":true,"jetpack_social_options":{"image_generator_settings":{"template":"highway","enabled":false}}},"categories":[1],"tags":[690,688,689,665,113],"jetpack_publicize_connections":[],"jetpack_sharing_enabled":true,"jetpack_featured_media_url":"https:\/\/www.legistdf.gob.ar\/wp-content\/uploads\/2018\/10\/IMG_4703.jpg","jetpack-related-posts":[],"_links":{"self":[{"href":"https:\/\/www.legistdf.gob.ar\/index.php\/wp-json\/wp\/v2\/posts\/10283"}],"collection":[{"href":"https:\/\/www.legistdf.gob.ar\/index.php\/wp-json\/wp\/v2\/posts"}],"about":[{"href":"https:\/\/www.legistdf.gob.ar\/index.php\/wp-json\/wp\/v2\/types\/post"}],"author":[{"embeddable":true,"href":"https:\/\/www.legistdf.gob.ar\/index.php\/wp-json\/wp\/v2\/users\/352"}],"replies":[{"embeddable":true,"href":"https:\/\/www.legistdf.gob.ar\/index.php\/wp-json\/wp\/v2\/comments?post=10283"}],"version-history":[{"count":1,"href":"https:\/\/www.legistdf.gob.ar\/index.php\/wp-json\/wp\/v2\/posts\/10283\/revisions"}],"predecessor-version":[{"id":10285,"href":"https:\/\/www.legistdf.gob.ar\/index.php\/wp-json\/wp\/v2\/posts\/10283\/revisions\/10285"}],"wp:featuredmedia":[{"embeddable":true,"href":"https:\/\/www.legistdf.gob.ar\/index.php\/wp-json\/wp\/v2\/media\/10284"}],"wp:attachment":[{"href":"https:\/\/www.legistdf.gob.ar\/index.php\/wp-json\/wp\/v2\/media?parent=10283"}],"wp:term":[{"taxonomy":"category","embeddable":true,"href":"https:\/\/www.legistdf.gob.ar\/index.php\/wp-json\/wp\/v2\/categories?post=10283"},{"taxonomy":"post_tag","embeddable":true,"href":"https:\/\/www.legistdf.gob.ar\/index.php\/wp-json\/wp\/v2\/tags?post=10283"}],"curies":[{"name":"wp","href":"https:\/\/api.w.org\/{rel}","templated":true}]}}