{"id":10293,"date":"2018-10-11T18:21:18","date_gmt":"2018-10-11T21:21:18","guid":{"rendered":"http:\/\/www.legistdf.gob.ar\/?p=10293"},"modified":"2018-10-11T18:21:18","modified_gmt":"2018-10-11T21:21:18","slug":"deportes-el-ciclismo-fueguino-estara-presente-en-los-juegos-de-la-araucania","status":"publish","type":"post","link":"https:\/\/www.legistdf.gob.ar\/index.php\/2018\/10\/11\/deportes-el-ciclismo-fueguino-estara-presente-en-los-juegos-de-la-araucania\/","title":{"rendered":"DEPORTES: El ciclismo fueguino estar\u00e1 presente en los juegos de la Araucan\u00eda  \u00a0"},"content":{"rendered":"<p>&nbsp;<\/p>\n<p><strong>Ushuaia, jueves 11 de octubre de 2018.- Pablo Ruiz Rivera, joven ushuaiense de 17 a\u00f1os, fue recibido por el vicegobernador Juan Carlos Arcando en la sede de Presidencia del Poder Legislativo. El ciclista participar\u00e1 en los juegos de la Araucan\u00eda en la disciplina. La competencia se desarrollar\u00e1 en Puerto Natales, Chile, en noviembre pr\u00f3ximo.<\/strong><\/p>\n<p>&nbsp;<\/p>\n<p>El deportista explic\u00f3, en di\u00e1logo con Prensa Legislativa, que van a participar cinco deportistas de la Provincia, \u201chace m\u00e1s de un mes que nos estamos preparando en carreras de ruta para esta clasificaci\u00f3n\u201d.<\/p>\n<p>&nbsp;<\/p>\n<p>\u201cVine a comentarle al Vicegobernador de nuestras actividades, para que sepa que hay chicos en Tierra del Fuego que est\u00e1n interesados en progresar en esta actividad. Actualmente pertenezco a la Fundaci\u00f3n Deportiva K\u00b4Mal, explic\u00f3 Pablo.<\/p>\n<p>&nbsp;<\/p>\n<p>La 27\u00aa edici\u00f3n de los Juegos de la Araucan\u00eda se realizar\u00e1 desde el 11 al 17 de noviembre en la Regi\u00f3n de Magallanes. El certamen, que re\u00fane a m\u00e1s de 2.000 deportistas juveniles de la Patagonia argentina y las regiones del Sur de Chile, se realiza ininterrumpidamente desde el a\u00f1o 1992 y esta ser\u00e1 la tercera oportunidad que se realiza en esa regi\u00f3n.<\/p>\n<p>&nbsp;<\/p>\n<p>&nbsp;<\/p>\n\n\t\t<style type=\"text\/css\">\n\t\t\t#gallery-1 {\n\t\t\t\tmargin: auto;\n\t\t\t}\n\t\t\t#gallery-1 .gallery-item {\n\t\t\t\tfloat: left;\n\t\t\t\tmargin-top: 10px;\n\t\t\t\ttext-align: center;\n\t\t\t\twidth: 50%;\n\t\t\t}\n\t\t\t#gallery-1 img {\n\t\t\t\tborder: 2px solid #cfcfcf;\n\t\t\t}\n\t\t\t#gallery-1 .gallery-caption {\n\t\t\t\tmargin-left: 0;\n\t\t\t}\n\t\t\t\/* see gallery_shortcode() in wp-includes\/media.php *\/\n\t\t<\/style>\n\t\t<div data-carousel-extra='{\"blog_id\":1,\"permalink\":\"https:\\\/\\\/www.legistdf.gob.ar\\\/index.php\\\/2018\\\/10\\\/11\\\/deportes-el-ciclismo-fueguino-estara-presente-en-los-juegos-de-la-araucania\\\/\"}' id='gallery-1' class='gallery galleryid-10293 gallery-columns-2 gallery-size-thumbnail'><dl class='gallery-item'>\n\t\t\t<dt class='gallery-icon landscape'>\n\t\t\t\t<a href='https:\/\/www.legistdf.gob.ar\/index.php\/2018\/10\/11\/deportes-el-ciclismo-fueguino-estara-presente-en-los-juegos-de-la-araucania\/img_5017\/'><img loading=\"lazy\" decoding=\"async\" width=\"150\" height=\"150\" src=\"https:\/\/www.legistdf.gob.ar\/wp-content\/uploads\/2018\/10\/IMG_5017-150x150.jpg\" class=\"attachment-thumbnail size-thumbnail\" alt=\"\" srcset=\"https:\/\/www.legistdf.gob.ar\/wp-content\/uploads\/2018\/10\/IMG_5017-150x150.jpg 150w, https:\/\/www.legistdf.gob.ar\/wp-content\/uploads\/2018\/10\/IMG_5017-64x64.jpg 64w\" sizes=\"(max-width: 150px) 100vw, 150px\" data-attachment-id=\"10294\" data-permalink=\"https:\/\/www.legistdf.gob.ar\/index.php\/2018\/10\/11\/deportes-el-ciclismo-fueguino-estara-presente-en-los-juegos-de-la-araucania\/img_5017\/\" data-orig-file=\"https:\/\/www.legistdf.gob.ar\/wp-content\/uploads\/2018\/10\/IMG_5017.jpg\" data-orig-size=\"1000,667\" data-comments-opened=\"0\" data-image-meta=\"{&quot;aperture&quot;:&quot;5&quot;,&quot;credit&quot;:&quot;&quot;,&quot;camera&quot;:&quot;Canon EOS 6D&quot;,&quot;caption&quot;:&quot;&quot;,&quot;created_timestamp&quot;:&quot;1538989356&quot;,&quot;copyright&quot;:&quot;&quot;,&quot;focal_length&quot;:&quot;31&quot;,&quot;iso&quot;:&quot;320&quot;,&quot;shutter_speed&quot;:&quot;0.0125&quot;,&quot;title&quot;:&quot;&quot;,&quot;orientation&quot;:&quot;0&quot;}\" data-image-title=\"IMG_5017\" data-image-description=\"\" data-image-caption=\"\" data-medium-file=\"https:\/\/www.legistdf.gob.ar\/wp-content\/uploads\/2018\/10\/IMG_5017-300x200.jpg\" data-large-file=\"https:\/\/www.legistdf.gob.ar\/wp-content\/uploads\/2018\/10\/IMG_5017.jpg\" \/><\/a>\n\t\t\t<\/dt><\/dl><dl class='gallery-item'>\n\t\t\t<dt class='gallery-icon landscape'>\n\t\t\t\t<a href='https:\/\/www.legistdf.gob.ar\/index.php\/2018\/10\/11\/deportes-el-ciclismo-fueguino-estara-presente-en-los-juegos-de-la-araucania\/img_5018\/'><img loading=\"lazy\" decoding=\"async\" width=\"150\" height=\"150\" src=\"https:\/\/www.legistdf.gob.ar\/wp-content\/uploads\/2018\/10\/IMG_5018-150x150.jpg\" class=\"attachment-thumbnail size-thumbnail\" alt=\"\" srcset=\"https:\/\/www.legistdf.gob.ar\/wp-content\/uploads\/2018\/10\/IMG_5018-150x150.jpg 150w, https:\/\/www.legistdf.gob.ar\/wp-content\/uploads\/2018\/10\/IMG_5018-64x64.jpg 64w\" sizes=\"(max-width: 150px) 100vw, 150px\" data-attachment-id=\"10295\" data-permalink=\"https:\/\/www.legistdf.gob.ar\/index.php\/2018\/10\/11\/deportes-el-ciclismo-fueguino-estara-presente-en-los-juegos-de-la-araucania\/img_5018\/\" data-orig-file=\"https:\/\/www.legistdf.gob.ar\/wp-content\/uploads\/2018\/10\/IMG_5018.jpg\" data-orig-size=\"1000,667\" data-comments-opened=\"0\" data-image-meta=\"{&quot;aperture&quot;:&quot;6.3&quot;,&quot;credit&quot;:&quot;&quot;,&quot;camera&quot;:&quot;Canon EOS 6D&quot;,&quot;caption&quot;:&quot;&quot;,&quot;created_timestamp&quot;:&quot;1538989422&quot;,&quot;copyright&quot;:&quot;&quot;,&quot;focal_length&quot;:&quot;65&quot;,&quot;iso&quot;:&quot;320&quot;,&quot;shutter_speed&quot;:&quot;0.0125&quot;,&quot;title&quot;:&quot;&quot;,&quot;orientation&quot;:&quot;0&quot;}\" data-image-title=\"IMG_5018\" data-image-description=\"\" data-image-caption=\"\" data-medium-file=\"https:\/\/www.legistdf.gob.ar\/wp-content\/uploads\/2018\/10\/IMG_5018-300x200.jpg\" data-large-file=\"https:\/\/www.legistdf.gob.ar\/wp-content\/uploads\/2018\/10\/IMG_5018.jpg\" \/><\/a>\n\t\t\t<\/dt><\/dl><br style=\"clear: both\" \/>\n\t\t<\/div>\n\n","protected":false},"excerpt":{"rendered":"<p>&nbsp; Ushuaia, jueves 11 de octubre de 2018.- Pablo Ruiz Rivera, joven ushuaiense de 17 a\u00f1os, fue recibido por el vicegobernador Juan Carlos Arcando en la sede de Presidencia del Poder Legislativo. El ciclista participar\u00e1 en los juegos de la Araucan\u00eda en la disciplina. La competencia se desarrollar\u00e1 en Puerto Natales, Chile, en noviembre pr\u00f3ximo. [&hellip;]<\/p>\n","protected":false},"author":352,"featured_media":10294,"comment_status":"closed","ping_status":"open","sticky":false,"template":"","format":"standard","meta":{"jetpack_post_was_ever_published":false,"_jetpack_newsletter_access":"","_jetpack_dont_email_post_to_subs":false,"_jetpack_newsletter_tier_id":0,"footnotes":"","jetpack_publicize_message":"","jetpack_publicize_feature_enabled":true,"jetpack_social_post_already_shared":true,"jetpack_social_options":{"image_generator_settings":{"template":"highway","enabled":false}}},"categories":[1],"tags":[695,568,291,697,97,696,397],"jetpack_publicize_connections":[],"jetpack_sharing_enabled":true,"jetpack_featured_media_url":"https:\/\/www.legistdf.gob.ar\/wp-content\/uploads\/2018\/10\/IMG_5017.jpg","jetpack-related-posts":[],"_links":{"self":[{"href":"https:\/\/www.legistdf.gob.ar\/index.php\/wp-json\/wp\/v2\/posts\/10293"}],"collection":[{"href":"https:\/\/www.legistdf.gob.ar\/index.php\/wp-json\/wp\/v2\/posts"}],"about":[{"href":"https:\/\/www.legistdf.gob.ar\/index.php\/wp-json\/wp\/v2\/types\/post"}],"author":[{"embeddable":true,"href":"https:\/\/www.legistdf.gob.ar\/index.php\/wp-json\/wp\/v2\/users\/352"}],"replies":[{"embeddable":true,"href":"https:\/\/www.legistdf.gob.ar\/index.php\/wp-json\/wp\/v2\/comments?post=10293"}],"version-history":[{"count":1,"href":"https:\/\/www.legistdf.gob.ar\/index.php\/wp-json\/wp\/v2\/posts\/10293\/revisions"}],"predecessor-version":[{"id":10296,"href":"https:\/\/www.legistdf.gob.ar\/index.php\/wp-json\/wp\/v2\/posts\/10293\/revisions\/10296"}],"wp:featuredmedia":[{"embeddable":true,"href":"https:\/\/www.legistdf.gob.ar\/index.php\/wp-json\/wp\/v2\/media\/10294"}],"wp:attachment":[{"href":"https:\/\/www.legistdf.gob.ar\/index.php\/wp-json\/wp\/v2\/media?parent=10293"}],"wp:term":[{"taxonomy":"category","embeddable":true,"href":"https:\/\/www.legistdf.gob.ar\/index.php\/wp-json\/wp\/v2\/categories?post=10293"},{"taxonomy":"post_tag","embeddable":true,"href":"https:\/\/www.legistdf.gob.ar\/index.php\/wp-json\/wp\/v2\/tags?post=10293"}],"curies":[{"name":"wp","href":"https:\/\/api.w.org\/{rel}","templated":true}]}}