{"id":10341,"date":"2018-10-15T14:36:16","date_gmt":"2018-10-15T17:36:16","guid":{"rendered":"http:\/\/www.legistdf.gob.ar\/?p=10341"},"modified":"2018-10-15T14:36:17","modified_gmt":"2018-10-15T17:36:17","slug":"suspension","status":"publish","type":"post","link":"https:\/\/www.legistdf.gob.ar\/index.php\/2018\/10\/15\/suspension\/","title":{"rendered":"SUSPENSI\u00d3N"},"content":{"rendered":"<p><strong>R\u00edo Grande, lunes 15 de octubre de 2018.- Hace instantes la titular de la Comisi\u00f3n de Vivienda, legisladora Liliana Mart\u00ednez Allende inform\u00f3 que, por asuntos de agenda, se suspende la reuni\u00f3n de la Comisi\u00f3n que preside prevista para ma\u00f1ana martes. Oportunamente se informar\u00e1 la fecha en que se concretar\u00e1 ese encuentro.<\/strong><\/p>\n","protected":false},"excerpt":{"rendered":"<p>R\u00edo Grande, lunes 15 de octubre de 2018.- Hace instantes la titular de la Comisi\u00f3n de Vivienda, legisladora Liliana Mart\u00ednez Allende inform\u00f3 que, por asuntos de agenda, se suspende la reuni\u00f3n de la Comisi\u00f3n que preside prevista para ma\u00f1ana martes. Oportunamente se informar\u00e1 la fecha en que se concretar\u00e1 ese encuentro.<\/p>\n","protected":false},"author":352,"featured_media":0,"comment_status":"closed","ping_status":"open","sticky":false,"template":"","format":"standard","meta":{"jetpack_post_was_ever_published":false,"_jetpack_newsletter_access":"","_jetpack_dont_email_post_to_subs":false,"_jetpack_newsletter_tier_id":0,"footnotes":"","jetpack_publicize_message":"","jetpack_publicize_feature_enabled":true,"jetpack_social_post_already_shared":true,"jetpack_social_options":{"image_generator_settings":{"template":"highway","enabled":false}}},"categories":[1],"tags":[],"jetpack_publicize_connections":[],"jetpack_sharing_enabled":true,"jetpack_featured_media_url":"","jetpack-related-posts":[],"_links":{"self":[{"href":"https:\/\/www.legistdf.gob.ar\/index.php\/wp-json\/wp\/v2\/posts\/10341"}],"collection":[{"href":"https:\/\/www.legistdf.gob.ar\/index.php\/wp-json\/wp\/v2\/posts"}],"about":[{"href":"https:\/\/www.legistdf.gob.ar\/index.php\/wp-json\/wp\/v2\/types\/post"}],"author":[{"embeddable":true,"href":"https:\/\/www.legistdf.gob.ar\/index.php\/wp-json\/wp\/v2\/users\/352"}],"replies":[{"embeddable":true,"href":"https:\/\/www.legistdf.gob.ar\/index.php\/wp-json\/wp\/v2\/comments?post=10341"}],"version-history":[{"count":1,"href":"https:\/\/www.legistdf.gob.ar\/index.php\/wp-json\/wp\/v2\/posts\/10341\/revisions"}],"predecessor-version":[{"id":10342,"href":"https:\/\/www.legistdf.gob.ar\/index.php\/wp-json\/wp\/v2\/posts\/10341\/revisions\/10342"}],"wp:attachment":[{"href":"https:\/\/www.legistdf.gob.ar\/index.php\/wp-json\/wp\/v2\/media?parent=10341"}],"wp:term":[{"taxonomy":"category","embeddable":true,"href":"https:\/\/www.legistdf.gob.ar\/index.php\/wp-json\/wp\/v2\/categories?post=10341"},{"taxonomy":"post_tag","embeddable":true,"href":"https:\/\/www.legistdf.gob.ar\/index.php\/wp-json\/wp\/v2\/tags?post=10341"}],"curies":[{"name":"wp","href":"https:\/\/api.w.org\/{rel}","templated":true}]}}