{"id":10426,"date":"2018-10-22T16:26:08","date_gmt":"2018-10-22T19:26:08","guid":{"rendered":"http:\/\/www.legistdf.gob.ar\/?p=10426"},"modified":"2018-10-22T16:26:08","modified_gmt":"2018-10-22T19:26:08","slug":"comisiones-modificaciones-en-dos-leyes-en-la-agenda-del-espacio-de-legislacion-general","status":"publish","type":"post","link":"https:\/\/www.legistdf.gob.ar\/index.php\/2018\/10\/22\/comisiones-modificaciones-en-dos-leyes-en-la-agenda-del-espacio-de-legislacion-general\/","title":{"rendered":"COMISIONES: Modificaciones en dos leyes en la agenda del espacio de Legislaci\u00f3n general"},"content":{"rendered":"<p>&nbsp;<\/p>\n<p><strong>Ushuaia, lunes 22 de octubre de 2018.-\u00a0 La presidenta de la Comisi\u00f3n de Legislaci\u00f3n general (1), legisladora Myriam Mart\u00ednez (FPV \u2013 PJ), convoc\u00f3 para este mi\u00e9rcoles 24 de octubre a las 14, a un encuentro de ese espacio de an\u00e1lisis para tratar dos asuntos.<\/strong><\/p>\n<p>&nbsp;<\/p>\n<p>El primero es N\u00ba 118\/18 del Poder Ejecutivo provincial -mensaje N\u00ba 06\/18- proyecto de Ley que modifica la Ley provincial N\u00ba 583 sobre el Ejercicio de la profesi\u00f3n m\u00e9dico \u2013 veterinaria. Para el tratamiento de este tema, se cursaron invitaciones \u201cal secretario de Ambiente, Desarrollo Sostenible y Cambio Clim\u00e1tico, lic. Mauro P\u00e9rez Toscani; el secretario de Agroindustria y Pesca, ing. Agr. Kevin Colli; autoridades de las \u00e1reas de zoonosis de las municipalidades de la Provincia, representantes del Colegio de M\u00e9dicos Veterinarios de Tierra del Fuego y a las asociaciones protectoras de animales.<\/p>\n<p>&nbsp;<\/p>\n<p>Adem\u00e1s, se abordar\u00e1 el asunto 508\/17 del Poder Ejecutivo provincial -mensaje N\u00ba 32\/17- proyecto de Ley que modifica la Ley provincial N\u00ba 191 sobre el Ejercicio de las profesiones en ciencias econ\u00f3micas. Para el an\u00e1lisis del documento, se invit\u00f3 al CPN, Heraclio Juan Lanza.<\/p>\n<p>&nbsp;<\/p>\n<p>Referencia: Memorando 076\/18<\/p>\n<p>&nbsp;<\/p>\n<p>&nbsp;<\/p>\n<p style=\"text-align: right\"><em>Con fotograf\u00eda archivo de Prensa Legislativa\u00a0<\/em><\/p>\n<p>&nbsp;<\/p>\n<p>&nbsp;<\/p>\n\n\t\t<style type=\"text\/css\">\n\t\t\t#gallery-1 {\n\t\t\t\tmargin: auto;\n\t\t\t}\n\t\t\t#gallery-1 .gallery-item {\n\t\t\t\tfloat: left;\n\t\t\t\tmargin-top: 10px;\n\t\t\t\ttext-align: center;\n\t\t\t\twidth: 100%;\n\t\t\t}\n\t\t\t#gallery-1 img {\n\t\t\t\tborder: 2px solid #cfcfcf;\n\t\t\t}\n\t\t\t#gallery-1 .gallery-caption {\n\t\t\t\tmargin-left: 0;\n\t\t\t}\n\t\t\t\/* see gallery_shortcode() in wp-includes\/media.php *\/\n\t\t<\/style>\n\t\t<div data-carousel-extra='{\"blog_id\":1,\"permalink\":\"https:\\\/\\\/www.legistdf.gob.ar\\\/index.php\\\/2018\\\/10\\\/22\\\/comisiones-modificaciones-en-dos-leyes-en-la-agenda-del-espacio-de-legislacion-general\\\/\"}' id='gallery-1' class='gallery galleryid-10426 gallery-columns-1 gallery-size-thumbnail'><dl class='gallery-item'>\n\t\t\t<dt class='gallery-icon landscape'>\n\t\t\t\t<a href='https:\/\/www.legistdf.gob.ar\/index.php\/2018\/10\/22\/comisiones-modificaciones-en-dos-leyes-en-la-agenda-del-espacio-de-legislacion-general\/img_1253\/'><img loading=\"lazy\" decoding=\"async\" width=\"150\" height=\"150\" src=\"https:\/\/www.legistdf.gob.ar\/wp-content\/uploads\/2018\/10\/IMG_1253-150x150.jpg\" class=\"attachment-thumbnail size-thumbnail\" alt=\"\" srcset=\"https:\/\/www.legistdf.gob.ar\/wp-content\/uploads\/2018\/10\/IMG_1253-150x150.jpg 150w, https:\/\/www.legistdf.gob.ar\/wp-content\/uploads\/2018\/10\/IMG_1253-64x64.jpg 64w\" sizes=\"(max-width: 150px) 100vw, 150px\" data-attachment-id=\"10427\" data-permalink=\"https:\/\/www.legistdf.gob.ar\/index.php\/2018\/10\/22\/comisiones-modificaciones-en-dos-leyes-en-la-agenda-del-espacio-de-legislacion-general\/img_1253\/\" data-orig-file=\"https:\/\/www.legistdf.gob.ar\/wp-content\/uploads\/2018\/10\/IMG_1253.jpg\" data-orig-size=\"1000,572\" data-comments-opened=\"0\" data-image-meta=\"{&quot;aperture&quot;:&quot;0&quot;,&quot;credit&quot;:&quot;PrensaLegislativa2015&quot;,&quot;camera&quot;:&quot;&quot;,&quot;caption&quot;:&quot;&quot;,&quot;created_timestamp&quot;:&quot;1521526235&quot;,&quot;copyright&quot;:&quot;&quot;,&quot;focal_length&quot;:&quot;0&quot;,&quot;iso&quot;:&quot;0&quot;,&quot;shutter_speed&quot;:&quot;0&quot;,&quot;title&quot;:&quot;&quot;,&quot;orientation&quot;:&quot;1&quot;}\" data-image-title=\"IMG_1253\" data-image-description=\"\" data-image-caption=\"\" data-medium-file=\"https:\/\/www.legistdf.gob.ar\/wp-content\/uploads\/2018\/10\/IMG_1253-300x172.jpg\" data-large-file=\"https:\/\/www.legistdf.gob.ar\/wp-content\/uploads\/2018\/10\/IMG_1253.jpg\" \/><\/a>\n\t\t\t<\/dt><\/dl><br style=\"clear: both\" \/>\n\t\t<\/div>\n\n","protected":false},"excerpt":{"rendered":"<p>&nbsp; Ushuaia, lunes 22 de octubre de 2018.-\u00a0 La presidenta de la Comisi\u00f3n de Legislaci\u00f3n general (1), legisladora Myriam Mart\u00ednez (FPV \u2013 PJ), convoc\u00f3 para este mi\u00e9rcoles 24 de octubre a las 14, a un encuentro de ese espacio de an\u00e1lisis para tratar dos asuntos. &nbsp; El primero es N\u00ba 118\/18 del Poder Ejecutivo provincial [&hellip;]<\/p>\n","protected":false},"author":352,"featured_media":10427,"comment_status":"closed","ping_status":"open","sticky":false,"template":"","format":"standard","meta":{"jetpack_post_was_ever_published":false,"_jetpack_newsletter_access":"","_jetpack_dont_email_post_to_subs":false,"_jetpack_newsletter_tier_id":0,"footnotes":"","jetpack_publicize_message":"","jetpack_publicize_feature_enabled":true,"jetpack_social_post_already_shared":true,"jetpack_social_options":{"image_generator_settings":{"template":"highway","enabled":false}}},"categories":[1],"tags":[663,85,308,82],"jetpack_publicize_connections":[],"jetpack_sharing_enabled":true,"jetpack_featured_media_url":"https:\/\/www.legistdf.gob.ar\/wp-content\/uploads\/2018\/10\/IMG_1253.jpg","jetpack-related-posts":[],"_links":{"self":[{"href":"https:\/\/www.legistdf.gob.ar\/index.php\/wp-json\/wp\/v2\/posts\/10426"}],"collection":[{"href":"https:\/\/www.legistdf.gob.ar\/index.php\/wp-json\/wp\/v2\/posts"}],"about":[{"href":"https:\/\/www.legistdf.gob.ar\/index.php\/wp-json\/wp\/v2\/types\/post"}],"author":[{"embeddable":true,"href":"https:\/\/www.legistdf.gob.ar\/index.php\/wp-json\/wp\/v2\/users\/352"}],"replies":[{"embeddable":true,"href":"https:\/\/www.legistdf.gob.ar\/index.php\/wp-json\/wp\/v2\/comments?post=10426"}],"version-history":[{"count":1,"href":"https:\/\/www.legistdf.gob.ar\/index.php\/wp-json\/wp\/v2\/posts\/10426\/revisions"}],"predecessor-version":[{"id":10428,"href":"https:\/\/www.legistdf.gob.ar\/index.php\/wp-json\/wp\/v2\/posts\/10426\/revisions\/10428"}],"wp:featuredmedia":[{"embeddable":true,"href":"https:\/\/www.legistdf.gob.ar\/index.php\/wp-json\/wp\/v2\/media\/10427"}],"wp:attachment":[{"href":"https:\/\/www.legistdf.gob.ar\/index.php\/wp-json\/wp\/v2\/media?parent=10426"}],"wp:term":[{"taxonomy":"category","embeddable":true,"href":"https:\/\/www.legistdf.gob.ar\/index.php\/wp-json\/wp\/v2\/categories?post=10426"},{"taxonomy":"post_tag","embeddable":true,"href":"https:\/\/www.legistdf.gob.ar\/index.php\/wp-json\/wp\/v2\/tags?post=10426"}],"curies":[{"name":"wp","href":"https:\/\/api.w.org\/{rel}","templated":true}]}}