{"id":10439,"date":"2018-10-23T15:29:33","date_gmt":"2018-10-23T18:29:33","guid":{"rendered":"http:\/\/www.legistdf.gob.ar\/?p=10439"},"modified":"2018-10-24T13:13:52","modified_gmt":"2018-10-24T16:13:52","slug":"sociedad-el-parlamento-analizara-un-proyecto-de-autogestion-del-habitat-popular","status":"publish","type":"post","link":"https:\/\/www.legistdf.gob.ar\/index.php\/2018\/10\/23\/sociedad-el-parlamento-analizara-un-proyecto-de-autogestion-del-habitat-popular\/","title":{"rendered":"SOCIEDAD: El Parlamento analizar\u00e1 un proyecto de autogesti\u00f3n del h\u00e1bitat popular"},"content":{"rendered":"<p><strong>Ushuaia, martes 23 de octubre de 2018.- El Parlamento fueguino acompa\u00f1\u00f3 hoy el III Foro hacia una ley de autogesti\u00f3n del h\u00e1bitat popular, organizado por el Movimiento de Ocupantes e Inquilinos (MOI) y el equipo de investigaci\u00f3n y h\u00e1bitat del Instituto de Cultura, Sociedad y Estado (ICSE) de la Universidad Nacional de Tierra del Fuego (UNTDF). Las legisladoras Angelina Carrasco, Marcela G\u00f3mez y Andrea Freites (FPV \u2013 PJ) participaron del encuentro, que se desarroll\u00f3 en la sede Ushuaia de la Casa de Estudios.<\/strong><\/p>\n<p><strong>\u00a0<\/strong><\/p>\n<p>La exposici\u00f3n estuvo a cargo del presidente de la Federaci\u00f3n de Cooperativas Autogestionarias MOI-CTA, Arq. N\u00e9stor Jeifetz. La actividad tuvo como prop\u00f3sito incorporar los principios de la autogesti\u00f3n del h\u00e1bitat popular a partir de la creaci\u00f3n de un programa espec\u00edfico en la normativa vigente, Ley provincial N\u00b0 19 de creaci\u00f3n del Instituto Provincial de Vivienda (IPV). Las organizaciones presentar\u00e1n un proyecto de ley que busca modificar esa norma.<\/p>\n<p>&nbsp;<\/p>\n<p>En di\u00e1logo con Prensa Legislativa, la legisladora Angelina Carrasco record\u00f3 que se trata del tercer encuentro y record\u00f3 su participaci\u00f3n en eventos anteriores. \u201cEn esta oportunidad, se plantearon las conclusiones de un trabajo articulado entre las cooperativas y las organizaciones colectivas\u201d.<\/p>\n<p>&nbsp;<\/p>\n<p>Destac\u00f3 que la idea del encuentro fue culminar con un proyecto de Ley para \u201cgenerar, dentro del IPV, un programa destinado a la producci\u00f3n autogestionaria del h\u00e1bitat\u201d. La Parlamentaria remarc\u00f3 los consensos logrados por las partes involucradas para llegar a esta propuesta.<\/p>\n<p>&nbsp;<\/p>\n<p>Seg\u00fan explic\u00f3, el eje del programa pretende que sea el IPV quien aporte los recursos para financiar \u201cno s\u00f3lo la adquisici\u00f3n del suelo, sino tambi\u00e9n la construcci\u00f3n de la vivienda; los honorarios profesionales del equipo t\u00e9cnico que interviene en estos proyectos, que abarca el h\u00e1bitat en general\u201d, es decir todo lo que rodea a una vivienda o a un grupo de viviendas.<\/p>\n<p>&nbsp;<\/p>\n<p>En ese sentido, Carrasco dijo que esta iniciativa propone llegar \u201ca todo tipo de organizaciones colectivas, ya sean cooperativas, sindicatos, asociaciones sin fines de lucro, como as\u00ed tambi\u00e9n a personas particulares o individuales\u201d, concluy\u00f3.<\/p>\n<p>&nbsp;<\/p>\n<p>En tanto, la legisladora Andrea Freites dialog\u00f3 con el secretario de Planificaci\u00f3n Estrat\u00e9gica, Ordenamiento Territorial y H\u00e1bitat, arq. Olaf Jovanovich y el presidente del IPV, dr. Gustavo V\u00e1zquez. \u201cMe interioric\u00e9 sobre el trabajo articulado que llevan adelante la Universidad; el MOI y todas la \u00e1reas involucradas, y con la labor previa de las legisladoras Marcela G\u00f3mez y Angelina Carrasco\u201d.<\/p>\n<p>&nbsp;<\/p>\n<p>\u201cEl foro es muy interesante\u201d y adelant\u00f3 la elaboraci\u00f3n de un proyecto de Ley, que ingresar\u00e1n al Poder Legislativo\u201d. De este modo, Freites evidenci\u00f3 el trabajo por parte de Ejecutivo y lo que se \u201cbusca es modificar la Ley provincial N\u00ba 19 del IPV, donde se crear\u00e1 un programa de h\u00e1bitat de auto gesti\u00f3n, para desarrollar viviendas colectivamente\u201d.<\/p>\n<p>&nbsp;<\/p>\n<p>Por \u00faltimo, la referente del FPV \u2013 PJ manifest\u00f3 que \u201cel Instituto le da casas a las personas que no la tienen, y estos foros buscan con el trabajo articulado, que sea trabajar en la construcci\u00f3n de ellas\u201d. Adem\u00e1s, Freites reconoci\u00f3 que en el per\u00edodo que transita el pa\u00eds, \u201cgenerar esta nueva herramienta que crea mano de obra local, es muy interesante\u201d, cerr\u00f3.<\/p>\n<p>[youtube https:\/\/www.youtube.com\/watch?v=BSDgtRfdKKc?rel=0&amp;w=853&amp;h=480]<\/p>\n<p>&nbsp;<\/p>\n<p>&nbsp;<\/p>\n<p>&nbsp;<\/p>\n\n\t\t<style type=\"text\/css\">\n\t\t\t#gallery-1 {\n\t\t\t\tmargin: auto;\n\t\t\t}\n\t\t\t#gallery-1 .gallery-item {\n\t\t\t\tfloat: left;\n\t\t\t\tmargin-top: 10px;\n\t\t\t\ttext-align: center;\n\t\t\t\twidth: 33%;\n\t\t\t}\n\t\t\t#gallery-1 img {\n\t\t\t\tborder: 2px solid #cfcfcf;\n\t\t\t}\n\t\t\t#gallery-1 .gallery-caption {\n\t\t\t\tmargin-left: 0;\n\t\t\t}\n\t\t\t\/* see gallery_shortcode() in wp-includes\/media.php *\/\n\t\t<\/style>\n\t\t<div data-carousel-extra='{\"blog_id\":1,\"permalink\":\"https:\\\/\\\/www.legistdf.gob.ar\\\/index.php\\\/2018\\\/10\\\/23\\\/sociedad-el-parlamento-analizara-un-proyecto-de-autogestion-del-habitat-popular\\\/\"}' id='gallery-1' class='gallery galleryid-10439 gallery-columns-3 gallery-size-thumbnail'><dl class='gallery-item'>\n\t\t\t<dt class='gallery-icon landscape'>\n\t\t\t\t<a href='https:\/\/www.legistdf.gob.ar\/index.php\/2018\/10\/23\/sociedad-el-parlamento-analizara-un-proyecto-de-autogestion-del-habitat-popular\/img_6154\/'><img loading=\"lazy\" decoding=\"async\" width=\"150\" height=\"150\" src=\"https:\/\/www.legistdf.gob.ar\/wp-content\/uploads\/2018\/10\/IMG_6154-150x150.jpg\" class=\"attachment-thumbnail size-thumbnail\" alt=\"\" srcset=\"https:\/\/www.legistdf.gob.ar\/wp-content\/uploads\/2018\/10\/IMG_6154-150x150.jpg 150w, https:\/\/www.legistdf.gob.ar\/wp-content\/uploads\/2018\/10\/IMG_6154-64x64.jpg 64w\" sizes=\"(max-width: 150px) 100vw, 150px\" data-attachment-id=\"10440\" data-permalink=\"https:\/\/www.legistdf.gob.ar\/index.php\/2018\/10\/23\/sociedad-el-parlamento-analizara-un-proyecto-de-autogestion-del-habitat-popular\/img_6154\/\" data-orig-file=\"https:\/\/www.legistdf.gob.ar\/wp-content\/uploads\/2018\/10\/IMG_6154.jpg\" data-orig-size=\"1000,667\" data-comments-opened=\"0\" data-image-meta=\"{&quot;aperture&quot;:&quot;10&quot;,&quot;credit&quot;:&quot;PrensaLegislativa2015&quot;,&quot;camera&quot;:&quot;Canon EOS 70D&quot;,&quot;caption&quot;:&quot;&quot;,&quot;created_timestamp&quot;:&quot;1540271253&quot;,&quot;copyright&quot;:&quot;&quot;,&quot;focal_length&quot;:&quot;70&quot;,&quot;iso&quot;:&quot;100&quot;,&quot;shutter_speed&quot;:&quot;0.0125&quot;,&quot;title&quot;:&quot;&quot;,&quot;orientation&quot;:&quot;0&quot;}\" data-image-title=\"IMG_6154\" data-image-description=\"\" data-image-caption=\"\" data-medium-file=\"https:\/\/www.legistdf.gob.ar\/wp-content\/uploads\/2018\/10\/IMG_6154-300x200.jpg\" data-large-file=\"https:\/\/www.legistdf.gob.ar\/wp-content\/uploads\/2018\/10\/IMG_6154.jpg\" \/><\/a>\n\t\t\t<\/dt><\/dl><dl class='gallery-item'>\n\t\t\t<dt class='gallery-icon landscape'>\n\t\t\t\t<a href='https:\/\/www.legistdf.gob.ar\/index.php\/2018\/10\/23\/sociedad-el-parlamento-analizara-un-proyecto-de-autogestion-del-habitat-popular\/img_6165\/'><img loading=\"lazy\" decoding=\"async\" width=\"150\" height=\"150\" src=\"https:\/\/www.legistdf.gob.ar\/wp-content\/uploads\/2018\/10\/IMG_6165-150x150.jpg\" class=\"attachment-thumbnail size-thumbnail\" alt=\"\" srcset=\"https:\/\/www.legistdf.gob.ar\/wp-content\/uploads\/2018\/10\/IMG_6165-150x150.jpg 150w, https:\/\/www.legistdf.gob.ar\/wp-content\/uploads\/2018\/10\/IMG_6165-64x64.jpg 64w\" sizes=\"(max-width: 150px) 100vw, 150px\" data-attachment-id=\"10441\" data-permalink=\"https:\/\/www.legistdf.gob.ar\/index.php\/2018\/10\/23\/sociedad-el-parlamento-analizara-un-proyecto-de-autogestion-del-habitat-popular\/img_6165\/\" data-orig-file=\"https:\/\/www.legistdf.gob.ar\/wp-content\/uploads\/2018\/10\/IMG_6165.jpg\" data-orig-size=\"1000,667\" data-comments-opened=\"0\" data-image-meta=\"{&quot;aperture&quot;:&quot;2.8&quot;,&quot;credit&quot;:&quot;PrensaLegislativa2015&quot;,&quot;camera&quot;:&quot;Canon EOS 70D&quot;,&quot;caption&quot;:&quot;&quot;,&quot;created_timestamp&quot;:&quot;1540271358&quot;,&quot;copyright&quot;:&quot;&quot;,&quot;focal_length&quot;:&quot;70&quot;,&quot;iso&quot;:&quot;100&quot;,&quot;shutter_speed&quot;:&quot;0.00625&quot;,&quot;title&quot;:&quot;&quot;,&quot;orientation&quot;:&quot;1&quot;}\" data-image-title=\"IMG_6165\" data-image-description=\"\" data-image-caption=\"\" data-medium-file=\"https:\/\/www.legistdf.gob.ar\/wp-content\/uploads\/2018\/10\/IMG_6165-300x200.jpg\" data-large-file=\"https:\/\/www.legistdf.gob.ar\/wp-content\/uploads\/2018\/10\/IMG_6165.jpg\" \/><\/a>\n\t\t\t<\/dt><\/dl><dl class='gallery-item'>\n\t\t\t<dt class='gallery-icon landscape'>\n\t\t\t\t<a href='https:\/\/www.legistdf.gob.ar\/index.php\/2018\/10\/23\/sociedad-el-parlamento-analizara-un-proyecto-de-autogestion-del-habitat-popular\/img_6172\/'><img loading=\"lazy\" decoding=\"async\" width=\"150\" height=\"150\" src=\"https:\/\/www.legistdf.gob.ar\/wp-content\/uploads\/2018\/10\/IMG_6172-150x150.jpg\" class=\"attachment-thumbnail size-thumbnail\" alt=\"\" srcset=\"https:\/\/www.legistdf.gob.ar\/wp-content\/uploads\/2018\/10\/IMG_6172-150x150.jpg 150w, https:\/\/www.legistdf.gob.ar\/wp-content\/uploads\/2018\/10\/IMG_6172-64x64.jpg 64w\" sizes=\"(max-width: 150px) 100vw, 150px\" data-attachment-id=\"10442\" data-permalink=\"https:\/\/www.legistdf.gob.ar\/index.php\/2018\/10\/23\/sociedad-el-parlamento-analizara-un-proyecto-de-autogestion-del-habitat-popular\/img_6172\/\" data-orig-file=\"https:\/\/www.legistdf.gob.ar\/wp-content\/uploads\/2018\/10\/IMG_6172.jpg\" data-orig-size=\"1000,667\" data-comments-opened=\"0\" data-image-meta=\"{&quot;aperture&quot;:&quot;8&quot;,&quot;credit&quot;:&quot;PrensaLegislativa2015&quot;,&quot;camera&quot;:&quot;Canon EOS 70D&quot;,&quot;caption&quot;:&quot;&quot;,&quot;created_timestamp&quot;:&quot;1540271714&quot;,&quot;copyright&quot;:&quot;&quot;,&quot;focal_length&quot;:&quot;70&quot;,&quot;iso&quot;:&quot;2000&quot;,&quot;shutter_speed&quot;:&quot;0.01&quot;,&quot;title&quot;:&quot;&quot;,&quot;orientation&quot;:&quot;1&quot;}\" data-image-title=\"IMG_6172\" data-image-description=\"\" data-image-caption=\"\" data-medium-file=\"https:\/\/www.legistdf.gob.ar\/wp-content\/uploads\/2018\/10\/IMG_6172-300x200.jpg\" data-large-file=\"https:\/\/www.legistdf.gob.ar\/wp-content\/uploads\/2018\/10\/IMG_6172.jpg\" \/><\/a>\n\t\t\t<\/dt><\/dl><br style=\"clear: both\" \/><dl class='gallery-item'>\n\t\t\t<dt class='gallery-icon landscape'>\n\t\t\t\t<a href='https:\/\/www.legistdf.gob.ar\/index.php\/2018\/10\/23\/sociedad-el-parlamento-analizara-un-proyecto-de-autogestion-del-habitat-popular\/img_6179\/'><img loading=\"lazy\" decoding=\"async\" width=\"150\" height=\"150\" src=\"https:\/\/www.legistdf.gob.ar\/wp-content\/uploads\/2018\/10\/IMG_6179-150x150.jpg\" class=\"attachment-thumbnail size-thumbnail\" alt=\"\" srcset=\"https:\/\/www.legistdf.gob.ar\/wp-content\/uploads\/2018\/10\/IMG_6179-150x150.jpg 150w, https:\/\/www.legistdf.gob.ar\/wp-content\/uploads\/2018\/10\/IMG_6179-64x64.jpg 64w\" sizes=\"(max-width: 150px) 100vw, 150px\" data-attachment-id=\"10443\" data-permalink=\"https:\/\/www.legistdf.gob.ar\/index.php\/2018\/10\/23\/sociedad-el-parlamento-analizara-un-proyecto-de-autogestion-del-habitat-popular\/img_6179\/\" data-orig-file=\"https:\/\/www.legistdf.gob.ar\/wp-content\/uploads\/2018\/10\/IMG_6179.jpg\" data-orig-size=\"1000,667\" data-comments-opened=\"0\" data-image-meta=\"{&quot;aperture&quot;:&quot;6.3&quot;,&quot;credit&quot;:&quot;PrensaLegislativa2015&quot;,&quot;camera&quot;:&quot;Canon EOS 70D&quot;,&quot;caption&quot;:&quot;&quot;,&quot;created_timestamp&quot;:&quot;1540271786&quot;,&quot;copyright&quot;:&quot;&quot;,&quot;focal_length&quot;:&quot;24&quot;,&quot;iso&quot;:&quot;2000&quot;,&quot;shutter_speed&quot;:&quot;0.025&quot;,&quot;title&quot;:&quot;&quot;,&quot;orientation&quot;:&quot;1&quot;}\" data-image-title=\"IMG_6179\" data-image-description=\"\" data-image-caption=\"\" data-medium-file=\"https:\/\/www.legistdf.gob.ar\/wp-content\/uploads\/2018\/10\/IMG_6179-300x200.jpg\" data-large-file=\"https:\/\/www.legistdf.gob.ar\/wp-content\/uploads\/2018\/10\/IMG_6179.jpg\" \/><\/a>\n\t\t\t<\/dt><\/dl><dl class='gallery-item'>\n\t\t\t<dt class='gallery-icon landscape'>\n\t\t\t\t<a href='https:\/\/www.legistdf.gob.ar\/index.php\/2018\/10\/23\/sociedad-el-parlamento-analizara-un-proyecto-de-autogestion-del-habitat-popular\/img_6200\/'><img loading=\"lazy\" decoding=\"async\" width=\"150\" height=\"150\" src=\"https:\/\/www.legistdf.gob.ar\/wp-content\/uploads\/2018\/10\/IMG_6200-150x150.jpg\" class=\"attachment-thumbnail size-thumbnail\" alt=\"\" srcset=\"https:\/\/www.legistdf.gob.ar\/wp-content\/uploads\/2018\/10\/IMG_6200-150x150.jpg 150w, https:\/\/www.legistdf.gob.ar\/wp-content\/uploads\/2018\/10\/IMG_6200-64x64.jpg 64w\" sizes=\"(max-width: 150px) 100vw, 150px\" data-attachment-id=\"10444\" data-permalink=\"https:\/\/www.legistdf.gob.ar\/index.php\/2018\/10\/23\/sociedad-el-parlamento-analizara-un-proyecto-de-autogestion-del-habitat-popular\/img_6200\/\" data-orig-file=\"https:\/\/www.legistdf.gob.ar\/wp-content\/uploads\/2018\/10\/IMG_6200.jpg\" data-orig-size=\"1000,667\" data-comments-opened=\"0\" data-image-meta=\"{&quot;aperture&quot;:&quot;6.3&quot;,&quot;credit&quot;:&quot;PrensaLegislativa2015&quot;,&quot;camera&quot;:&quot;Canon EOS 70D&quot;,&quot;caption&quot;:&quot;&quot;,&quot;created_timestamp&quot;:&quot;1540272812&quot;,&quot;copyright&quot;:&quot;&quot;,&quot;focal_length&quot;:&quot;24&quot;,&quot;iso&quot;:&quot;1000&quot;,&quot;shutter_speed&quot;:&quot;0.025&quot;,&quot;title&quot;:&quot;&quot;,&quot;orientation&quot;:&quot;1&quot;}\" data-image-title=\"IMG_6200\" data-image-description=\"\" data-image-caption=\"\" data-medium-file=\"https:\/\/www.legistdf.gob.ar\/wp-content\/uploads\/2018\/10\/IMG_6200-300x200.jpg\" data-large-file=\"https:\/\/www.legistdf.gob.ar\/wp-content\/uploads\/2018\/10\/IMG_6200.jpg\" \/><\/a>\n\t\t\t<\/dt><\/dl>\n\t\t\t<br style='clear: both' \/>\n\t\t<\/div>\n\n<p>&nbsp;<\/p>\n<p>&nbsp;<\/p>\n","protected":false},"excerpt":{"rendered":"<p>Ushuaia, martes 23 de octubre de 2018.- El Parlamento fueguino acompa\u00f1\u00f3 hoy el III Foro hacia una ley de autogesti\u00f3n del h\u00e1bitat popular, organizado por el Movimiento de Ocupantes e Inquilinos (MOI) y el equipo de investigaci\u00f3n y h\u00e1bitat del Instituto de Cultura, Sociedad y Estado (ICSE) de la Universidad Nacional de Tierra del Fuego [&hellip;]<\/p>\n","protected":false},"author":352,"featured_media":10444,"comment_status":"closed","ping_status":"open","sticky":false,"template":"","format":"standard","meta":{"jetpack_post_was_ever_published":false,"_jetpack_newsletter_access":"","_jetpack_dont_email_post_to_subs":false,"_jetpack_newsletter_tier_id":0,"footnotes":"","jetpack_publicize_message":"","jetpack_publicize_feature_enabled":true,"jetpack_social_post_already_shared":true,"jetpack_social_options":{"image_generator_settings":{"template":"highway","enabled":false}}},"categories":[1],"tags":[81,124,725,724,727,256,694,123,726,407],"jetpack_publicize_connections":[],"jetpack_sharing_enabled":true,"jetpack_featured_media_url":"https:\/\/www.legistdf.gob.ar\/wp-content\/uploads\/2018\/10\/IMG_6200.jpg","jetpack-related-posts":[],"_links":{"self":[{"href":"https:\/\/www.legistdf.gob.ar\/index.php\/wp-json\/wp\/v2\/posts\/10439"}],"collection":[{"href":"https:\/\/www.legistdf.gob.ar\/index.php\/wp-json\/wp\/v2\/posts"}],"about":[{"href":"https:\/\/www.legistdf.gob.ar\/index.php\/wp-json\/wp\/v2\/types\/post"}],"author":[{"embeddable":true,"href":"https:\/\/www.legistdf.gob.ar\/index.php\/wp-json\/wp\/v2\/users\/352"}],"replies":[{"embeddable":true,"href":"https:\/\/www.legistdf.gob.ar\/index.php\/wp-json\/wp\/v2\/comments?post=10439"}],"version-history":[{"count":3,"href":"https:\/\/www.legistdf.gob.ar\/index.php\/wp-json\/wp\/v2\/posts\/10439\/revisions"}],"predecessor-version":[{"id":10452,"href":"https:\/\/www.legistdf.gob.ar\/index.php\/wp-json\/wp\/v2\/posts\/10439\/revisions\/10452"}],"wp:featuredmedia":[{"embeddable":true,"href":"https:\/\/www.legistdf.gob.ar\/index.php\/wp-json\/wp\/v2\/media\/10444"}],"wp:attachment":[{"href":"https:\/\/www.legistdf.gob.ar\/index.php\/wp-json\/wp\/v2\/media?parent=10439"}],"wp:term":[{"taxonomy":"category","embeddable":true,"href":"https:\/\/www.legistdf.gob.ar\/index.php\/wp-json\/wp\/v2\/categories?post=10439"},{"taxonomy":"post_tag","embeddable":true,"href":"https:\/\/www.legistdf.gob.ar\/index.php\/wp-json\/wp\/v2\/tags?post=10439"}],"curies":[{"name":"wp","href":"https:\/\/api.w.org\/{rel}","templated":true}]}}