{"id":10519,"date":"2018-10-27T13:40:58","date_gmt":"2018-10-27T16:40:58","guid":{"rendered":"http:\/\/www.legistdf.gob.ar\/?p=10519"},"modified":"2018-10-27T13:40:58","modified_gmt":"2018-10-27T16:40:58","slug":"deportes-karateca-fueguino-representara-a-tierra-del-fuego-en-el-panamericano-de-brasil","status":"publish","type":"post","link":"https:\/\/www.legistdf.gob.ar\/index.php\/2018\/10\/27\/deportes-karateca-fueguino-representara-a-tierra-del-fuego-en-el-panamericano-de-brasil\/","title":{"rendered":"DEPORTES: Karateca fueguino representar\u00e1 a Tierra del Fuego en el Panamericano de Brasil"},"content":{"rendered":"<p><strong>Ushuaia, s\u00e1bado 27 de octubre de 2018.- El sensei de Karate Do, Jorge Horacio Mart\u00ednez fue recibido por el vicegobernador Juan Carlos Arcando, con quien abord\u00f3 su proyecto de artes marciales en R\u00edo Grande.<\/strong><\/p>\n<p>&nbsp;<\/p>\n<p>Mart\u00ednez, cuenta con un nutrido grupo de alumnos de esta tradicional pr\u00e1ctica marcial japonesa centrada en la isla de Okinawa.<\/p>\n<p>&nbsp;<\/p>\n<p>\u201cHemos venido a comentarle al Vicegobernador nuestra participaci\u00f3n en el Nacional de Karate en septiembre, donde hemos tenido tres campeonatos nacionales y la convocatoria que hemos tenido para participar del seleccionado argentino en el Panamericano de Brasil que es organizado por la \u00a0International Traditional Karate Federation (ITKF), al que fui invitado\u201d, explic\u00f3 el profesor Mart\u00ednez tras su visita al mandatario en la Delegaci\u00f3n de la Legislatura en R\u00edo Grande.<\/p>\n<p>&nbsp;<\/p>\n<p>Este maestro de Karate Do ense\u00f1a en el SUM del barrio Patagonia, donde imparte clases los lunes, mi\u00e9rcoles y viernes a partir de las 21. Su dojo se llama \u2018Nisiyama\u2019.<\/p>\n<p>&nbsp;<\/p>\n<p>El Panamericano se realizar\u00e1 en Curitiba desde el 7 al 12 de noviembre, \u201cdonde adem\u00e1s del campeonato donde participan los seleccionados nacionales, habr\u00e1 cursos de capacitaci\u00f3n, torneos infantiles, torneos para adultos y hay un torneo interclubes donde pueden participar todos. La copa Nisiyama es para los diez mejores del mundo\u201d, detall\u00f3.<\/p>\n<p>&nbsp;<\/p>\n<p>\u201cPor Tierra del Fuego estar\u00eda viajando yo solo, porque no tengo chicos que re\u00fanan la categor\u00eda para competir; deben ser categor\u00edas a partir de los 12 o 13 a\u00f1os con cinturones avanzados, los chicos que tengo a cargo y est\u00e1n en actividad no re\u00fanen esas condiciones todav\u00eda\u201d, explic\u00f3 el Sensei quien tiene el segundo dan.<\/p>\n<p>&nbsp;<\/p>\n<p>Su profesor es el sensei Justo G\u00f3mez, que tiene siete campeonatos del mundo y ostenta el sexto dan.<\/p>\n<p>&nbsp;<\/p>\n\n\t\t<style type=\"text\/css\">\n\t\t\t#gallery-1 {\n\t\t\t\tmargin: auto;\n\t\t\t}\n\t\t\t#gallery-1 .gallery-item {\n\t\t\t\tfloat: left;\n\t\t\t\tmargin-top: 10px;\n\t\t\t\ttext-align: center;\n\t\t\t\twidth: 100%;\n\t\t\t}\n\t\t\t#gallery-1 img {\n\t\t\t\tborder: 2px solid #cfcfcf;\n\t\t\t}\n\t\t\t#gallery-1 .gallery-caption {\n\t\t\t\tmargin-left: 0;\n\t\t\t}\n\t\t\t\/* see gallery_shortcode() in wp-includes\/media.php *\/\n\t\t<\/style>\n\t\t<div data-carousel-extra='{\"blog_id\":1,\"permalink\":\"https:\\\/\\\/www.legistdf.gob.ar\\\/index.php\\\/2018\\\/10\\\/27\\\/deportes-karateca-fueguino-representara-a-tierra-del-fuego-en-el-panamericano-de-brasil\\\/\"}' id='gallery-1' class='gallery galleryid-10519 gallery-columns-1 gallery-size-thumbnail'><dl class='gallery-item'>\n\t\t\t<dt class='gallery-icon landscape'>\n\t\t\t\t<a href='https:\/\/www.legistdf.gob.ar\/index.php\/2018\/10\/27\/deportes-karateca-fueguino-representara-a-tierra-del-fuego-en-el-panamericano-de-brasil\/1-158\/'><img loading=\"lazy\" decoding=\"async\" width=\"150\" height=\"150\" src=\"https:\/\/www.legistdf.gob.ar\/wp-content\/uploads\/2018\/10\/1-5-150x150.jpg\" class=\"attachment-thumbnail size-thumbnail\" alt=\"\" srcset=\"https:\/\/www.legistdf.gob.ar\/wp-content\/uploads\/2018\/10\/1-5-150x150.jpg 150w, https:\/\/www.legistdf.gob.ar\/wp-content\/uploads\/2018\/10\/1-5-64x64.jpg 64w\" sizes=\"(max-width: 150px) 100vw, 150px\" data-attachment-id=\"10520\" data-permalink=\"https:\/\/www.legistdf.gob.ar\/index.php\/2018\/10\/27\/deportes-karateca-fueguino-representara-a-tierra-del-fuego-en-el-panamericano-de-brasil\/1-158\/\" data-orig-file=\"https:\/\/www.legistdf.gob.ar\/wp-content\/uploads\/2018\/10\/1-5.jpg\" data-orig-size=\"1200,797\" data-comments-opened=\"0\" data-image-meta=\"{&quot;aperture&quot;:&quot;3.5&quot;,&quot;credit&quot;:&quot;&quot;,&quot;camera&quot;:&quot;NIKON D90&quot;,&quot;caption&quot;:&quot;&quot;,&quot;created_timestamp&quot;:&quot;1540217062&quot;,&quot;copyright&quot;:&quot;&quot;,&quot;focal_length&quot;:&quot;18&quot;,&quot;iso&quot;:&quot;800&quot;,&quot;shutter_speed&quot;:&quot;0.016666666666667&quot;,&quot;title&quot;:&quot;&quot;,&quot;orientation&quot;:&quot;1&quot;}\" data-image-title=\"1\" data-image-description=\"\" data-image-caption=\"\" data-medium-file=\"https:\/\/www.legistdf.gob.ar\/wp-content\/uploads\/2018\/10\/1-5-300x199.jpg\" data-large-file=\"https:\/\/www.legistdf.gob.ar\/wp-content\/uploads\/2018\/10\/1-5-1024x680.jpg\" \/><\/a>\n\t\t\t<\/dt><\/dl><br style=\"clear: both\" \/>\n\t\t<\/div>\n\n","protected":false},"excerpt":{"rendered":"<p>Ushuaia, s\u00e1bado 27 de octubre de 2018.- El sensei de Karate Do, Jorge Horacio Mart\u00ednez fue recibido por el vicegobernador Juan Carlos Arcando, con quien abord\u00f3 su proyecto de artes marciales en R\u00edo Grande. &nbsp; Mart\u00ednez, cuenta con un nutrido grupo de alumnos de esta tradicional pr\u00e1ctica marcial japonesa centrada en la isla de Okinawa. [&hellip;]<\/p>\n","protected":false},"author":352,"featured_media":10520,"comment_status":"closed","ping_status":"open","sticky":false,"template":"","format":"standard","meta":{"jetpack_post_was_ever_published":false,"_jetpack_newsletter_access":"","_jetpack_dont_email_post_to_subs":false,"_jetpack_newsletter_tier_id":0,"footnotes":"","jetpack_publicize_message":"","jetpack_publicize_feature_enabled":true,"jetpack_social_post_already_shared":true,"jetpack_social_options":{"image_generator_settings":{"template":"highway","enabled":false}}},"categories":[1],"tags":[291,97,79],"jetpack_publicize_connections":[],"jetpack_sharing_enabled":true,"jetpack_featured_media_url":"https:\/\/www.legistdf.gob.ar\/wp-content\/uploads\/2018\/10\/1-5.jpg","jetpack-related-posts":[],"_links":{"self":[{"href":"https:\/\/www.legistdf.gob.ar\/index.php\/wp-json\/wp\/v2\/posts\/10519"}],"collection":[{"href":"https:\/\/www.legistdf.gob.ar\/index.php\/wp-json\/wp\/v2\/posts"}],"about":[{"href":"https:\/\/www.legistdf.gob.ar\/index.php\/wp-json\/wp\/v2\/types\/post"}],"author":[{"embeddable":true,"href":"https:\/\/www.legistdf.gob.ar\/index.php\/wp-json\/wp\/v2\/users\/352"}],"replies":[{"embeddable":true,"href":"https:\/\/www.legistdf.gob.ar\/index.php\/wp-json\/wp\/v2\/comments?post=10519"}],"version-history":[{"count":1,"href":"https:\/\/www.legistdf.gob.ar\/index.php\/wp-json\/wp\/v2\/posts\/10519\/revisions"}],"predecessor-version":[{"id":10521,"href":"https:\/\/www.legistdf.gob.ar\/index.php\/wp-json\/wp\/v2\/posts\/10519\/revisions\/10521"}],"wp:featuredmedia":[{"embeddable":true,"href":"https:\/\/www.legistdf.gob.ar\/index.php\/wp-json\/wp\/v2\/media\/10520"}],"wp:attachment":[{"href":"https:\/\/www.legistdf.gob.ar\/index.php\/wp-json\/wp\/v2\/media?parent=10519"}],"wp:term":[{"taxonomy":"category","embeddable":true,"href":"https:\/\/www.legistdf.gob.ar\/index.php\/wp-json\/wp\/v2\/categories?post=10519"},{"taxonomy":"post_tag","embeddable":true,"href":"https:\/\/www.legistdf.gob.ar\/index.php\/wp-json\/wp\/v2\/tags?post=10519"}],"curies":[{"name":"wp","href":"https:\/\/api.w.org\/{rel}","templated":true}]}}