{"id":10522,"date":"2018-10-28T13:44:34","date_gmt":"2018-10-28T16:44:34","guid":{"rendered":"http:\/\/www.legistdf.gob.ar\/?p=10522"},"modified":"2018-10-27T13:46:10","modified_gmt":"2018-10-27T16:46:10","slug":"cultura-bailarines-fueguinos-buscaran-el-podio-en-el-world-latin-dance-cup","status":"publish","type":"post","link":"https:\/\/www.legistdf.gob.ar\/index.php\/2018\/10\/28\/cultura-bailarines-fueguinos-buscaran-el-podio-en-el-world-latin-dance-cup\/","title":{"rendered":"CULTURA: Bailarines fueguinos buscar\u00e1n el podio en el World Latin Dance Cup"},"content":{"rendered":"<p><strong>Ushuaia, domingo 28 de octubre de 2018.- Los bailarines profesionales de bachata Carla Mancilla y Nicol\u00e1s Mansilla, del Grupo Eros, fueron recibidos en la Delegaci\u00f3n de la Legislatura provincial en R\u00edo Grande por el vicegobernador Juan Carlos Arcando.\u00a0El World Latin Dance Cup re\u00fane a parejas de baile de toda la Argentina y es la vidriera nacional para la salsa y la bachata. Los ganadores de este certamen, luego van a la instancia internacional que se celebra en Miami, Estados Unidos.<\/strong><\/p>\n<p>&nbsp;<\/p>\n<p>Carla Mancilla dijo que \u00a0\u201cparticipamos en distintos escenarios como en el World Salsa Summit, donde alcanzamos el mejor puntaje; despu\u00e9s competimos en el World Latin Dance Cup en Tierra del Fuego, donde hemos obtenido el primer lugar en bachata. En Ushuaia participamos en el Torneo Fittness donde logramos la categor\u00eda destacada y uno de los mejores puntajes, as\u00ed que estamos con muchas expectativas de seguir creciendo\u201d.<\/p>\n<p>&nbsp;<\/p>\n<p>En este sentido, la bailarina record\u00f3 que \u201cel a\u00f1o pasado participamos en el World Latin Dance Cup donde alcanzamos la quinta posici\u00f3n a nivel nacional, as\u00ed que este a\u00f1o tenemos muchas ganas de apostarle al podio y por eso volvemos a intentarlo\u201d.<\/p>\n<p>&nbsp;<\/p>\n<p>Por su parte Nicol\u00e1s Mansilla detall\u00f3 que \u201cel World Latin Dance Cup se realizar\u00e1 en Mendoza desde el 15 al 20 de noviembre y tanto como grupo como en lo personal vamos con muchas expectativas y vamos por el podio, tenemos muchas ganas de estar entre los tres primeros lugares as\u00ed que nos estamos preparando mucho para este desaf\u00edo\u201d.<\/p>\n<p>&nbsp;<\/p>\n<p>El World Latin Dance Cup re\u00fane a parejas de baile de toda la Argentina y es la vidriera nacional para la salsa y la bachata. Los ganadores de este certamen, luego van a la instancia internacional que se celebra en Miami, Estados Unidos.<\/p>\n<p>&nbsp;<\/p>\n<p>\u201cNosotros vamos a representar a la Provincia y demostrar que pese a estar tan lejos, se puede tener un excelente nivel\u201d, coincidieron ambos bailarines.<\/p>\n\n\t\t<style type=\"text\/css\">\n\t\t\t#gallery-1 {\n\t\t\t\tmargin: auto;\n\t\t\t}\n\t\t\t#gallery-1 .gallery-item {\n\t\t\t\tfloat: left;\n\t\t\t\tmargin-top: 10px;\n\t\t\t\ttext-align: center;\n\t\t\t\twidth: 100%;\n\t\t\t}\n\t\t\t#gallery-1 img {\n\t\t\t\tborder: 2px solid #cfcfcf;\n\t\t\t}\n\t\t\t#gallery-1 .gallery-caption {\n\t\t\t\tmargin-left: 0;\n\t\t\t}\n\t\t\t\/* see gallery_shortcode() in wp-includes\/media.php *\/\n\t\t<\/style>\n\t\t<div data-carousel-extra='{\"blog_id\":1,\"permalink\":\"https:\\\/\\\/www.legistdf.gob.ar\\\/index.php\\\/2018\\\/10\\\/28\\\/cultura-bailarines-fueguinos-buscaran-el-podio-en-el-world-latin-dance-cup\\\/\"}' id='gallery-1' class='gallery galleryid-10522 gallery-columns-1 gallery-size-thumbnail'><dl class='gallery-item'>\n\t\t\t<dt class='gallery-icon landscape'>\n\t\t\t\t<a href='https:\/\/www.legistdf.gob.ar\/index.php\/2018\/10\/28\/cultura-bailarines-fueguinos-buscaran-el-podio-en-el-world-latin-dance-cup\/1-159\/'><img loading=\"lazy\" decoding=\"async\" width=\"150\" height=\"150\" src=\"https:\/\/www.legistdf.gob.ar\/wp-content\/uploads\/2018\/10\/1-6-150x150.jpg\" class=\"attachment-thumbnail size-thumbnail\" alt=\"\" srcset=\"https:\/\/www.legistdf.gob.ar\/wp-content\/uploads\/2018\/10\/1-6-150x150.jpg 150w, https:\/\/www.legistdf.gob.ar\/wp-content\/uploads\/2018\/10\/1-6-64x64.jpg 64w\" sizes=\"(max-width: 150px) 100vw, 150px\" data-attachment-id=\"10523\" data-permalink=\"https:\/\/www.legistdf.gob.ar\/index.php\/2018\/10\/28\/cultura-bailarines-fueguinos-buscaran-el-podio-en-el-world-latin-dance-cup\/1-159\/\" data-orig-file=\"https:\/\/www.legistdf.gob.ar\/wp-content\/uploads\/2018\/10\/1-6.jpg\" data-orig-size=\"1200,797\" data-comments-opened=\"0\" data-image-meta=\"{&quot;aperture&quot;:&quot;3.5&quot;,&quot;credit&quot;:&quot;&quot;,&quot;camera&quot;:&quot;NIKON D90&quot;,&quot;caption&quot;:&quot;&quot;,&quot;created_timestamp&quot;:&quot;1540216240&quot;,&quot;copyright&quot;:&quot;&quot;,&quot;focal_length&quot;:&quot;18&quot;,&quot;iso&quot;:&quot;800&quot;,&quot;shutter_speed&quot;:&quot;0.016666666666667&quot;,&quot;title&quot;:&quot;&quot;,&quot;orientation&quot;:&quot;1&quot;}\" data-image-title=\"1\" data-image-description=\"\" data-image-caption=\"\" data-medium-file=\"https:\/\/www.legistdf.gob.ar\/wp-content\/uploads\/2018\/10\/1-6-300x199.jpg\" data-large-file=\"https:\/\/www.legistdf.gob.ar\/wp-content\/uploads\/2018\/10\/1-6-1024x680.jpg\" \/><\/a>\n\t\t\t<\/dt><\/dl><br style=\"clear: both\" \/>\n\t\t<\/div>\n\n","protected":false},"excerpt":{"rendered":"<p>Ushuaia, domingo 28 de octubre de 2018.- Los bailarines profesionales de bachata Carla Mancilla y Nicol\u00e1s Mansilla, del Grupo Eros, fueron recibidos en la Delegaci\u00f3n de la Legislatura provincial en R\u00edo Grande por el vicegobernador Juan Carlos Arcando.\u00a0El World Latin Dance Cup re\u00fane a parejas de baile de toda la Argentina y es la vidriera [&hellip;]<\/p>\n","protected":false},"author":352,"featured_media":10523,"comment_status":"closed","ping_status":"open","sticky":false,"template":"","format":"standard","meta":{"jetpack_post_was_ever_published":false,"_jetpack_newsletter_access":"","_jetpack_dont_email_post_to_subs":false,"_jetpack_newsletter_tier_id":0,"footnotes":"","jetpack_publicize_message":"","jetpack_publicize_feature_enabled":true,"jetpack_social_post_already_shared":true,"jetpack_social_options":{"image_generator_settings":{"template":"highway","enabled":false}}},"categories":[1],"tags":[47,97,78,79,87],"jetpack_publicize_connections":[],"jetpack_sharing_enabled":true,"jetpack_featured_media_url":"https:\/\/www.legistdf.gob.ar\/wp-content\/uploads\/2018\/10\/1-6.jpg","jetpack-related-posts":[],"_links":{"self":[{"href":"https:\/\/www.legistdf.gob.ar\/index.php\/wp-json\/wp\/v2\/posts\/10522"}],"collection":[{"href":"https:\/\/www.legistdf.gob.ar\/index.php\/wp-json\/wp\/v2\/posts"}],"about":[{"href":"https:\/\/www.legistdf.gob.ar\/index.php\/wp-json\/wp\/v2\/types\/post"}],"author":[{"embeddable":true,"href":"https:\/\/www.legistdf.gob.ar\/index.php\/wp-json\/wp\/v2\/users\/352"}],"replies":[{"embeddable":true,"href":"https:\/\/www.legistdf.gob.ar\/index.php\/wp-json\/wp\/v2\/comments?post=10522"}],"version-history":[{"count":1,"href":"https:\/\/www.legistdf.gob.ar\/index.php\/wp-json\/wp\/v2\/posts\/10522\/revisions"}],"predecessor-version":[{"id":10524,"href":"https:\/\/www.legistdf.gob.ar\/index.php\/wp-json\/wp\/v2\/posts\/10522\/revisions\/10524"}],"wp:featuredmedia":[{"embeddable":true,"href":"https:\/\/www.legistdf.gob.ar\/index.php\/wp-json\/wp\/v2\/media\/10523"}],"wp:attachment":[{"href":"https:\/\/www.legistdf.gob.ar\/index.php\/wp-json\/wp\/v2\/media?parent=10522"}],"wp:term":[{"taxonomy":"category","embeddable":true,"href":"https:\/\/www.legistdf.gob.ar\/index.php\/wp-json\/wp\/v2\/categories?post=10522"},{"taxonomy":"post_tag","embeddable":true,"href":"https:\/\/www.legistdf.gob.ar\/index.php\/wp-json\/wp\/v2\/tags?post=10522"}],"curies":[{"name":"wp","href":"https:\/\/api.w.org\/{rel}","templated":true}]}}