{"id":10525,"date":"2018-10-29T12:29:24","date_gmt":"2018-10-29T15:29:24","guid":{"rendered":"http:\/\/www.legistdf.gob.ar\/?p=10525"},"modified":"2018-10-29T12:30:56","modified_gmt":"2018-10-29T15:30:56","slug":"legislatura-la-embajadora-serbia-jela-bacovic-se-reunio-con-andrea-freites","status":"publish","type":"post","link":"https:\/\/www.legistdf.gob.ar\/index.php\/2018\/10\/29\/legislatura-la-embajadora-serbia-jela-bacovic-se-reunio-con-andrea-freites\/","title":{"rendered":"LEGISLATURA: La embajadora serbia Jela Bacovic se reuni\u00f3 con Andrea Freites"},"content":{"rendered":"<p>&nbsp;<\/p>\n<p><strong>Ushuaia,\u00a0 lunes 29 de octubre de 2018.- Jela Bacovic, embajadora de la Rep\u00fablica Serbia en nuestro pa\u00eds, fue recibida por la titular de la Comisi\u00f3n de Educaci\u00f3n del Parlamento, legisladora Andrea Freites (FPV \u2013 PJ). En el encuentro protocolar, detallaron los alcances de la muestra tecnol\u00f3gica \u201cNikola Tesla. Inventor del siglo XXI\u201d tambi\u00e9n visitaron el monumento hist\u00f3rico nacional Plaza Islas MAlvinas y rindieron homenaje a los ca\u00eddos.<\/strong><\/p>\n<p>&nbsp;<\/p>\n<p>La diplom\u00e1tica visita Tierra del Fuego, en el marco de la muestra que se presenta desde hoy, hasta el 7 de diciembre en la Provincia sobre el inventor Tesla, que es considerado el padre de la electricidad comercial y \u201cseguramente el m\u00e1s genial inventor del siglo XX\u201d.<\/p>\n<p>&nbsp;<\/p>\n<p>\u201cDesde la Legislatura, quer\u00edamos darle la bienvenida a la Provincia\u201d inici\u00f3 Freites y record\u00f3 la organizaci\u00f3n, junto a la Fundaci\u00f3n Telef\u00f3nica de la muestra que se inaugurar\u00e1 hoy. \u201cEs muy importante para nosotros contar con su presencia\u201d, sostuvo la Parlamentaria.<\/p>\n<p>&nbsp;<\/p>\n<p>En tanto, Bacovic agradeci\u00f3 el \u201ccaluroso\u201d recibimiento en sede de Presidencia y consider\u00f3 que la muestra llega a la Provincia en un momento importante. \u201cEs un evento muy especial porque es parte de mi proyecto de hace diez a\u00f1os\u201d y record\u00f3 la primera muestra de Tesla en Madrid (Espa\u00f1a). Destac\u00f3 la participaci\u00f3n de la Fundaci\u00f3n Telef\u00f3nica. Durante el encuentro, dialogaron sobre la vida y obra de Tesla y sobre la realidad de ese pa\u00eds europeo.<\/p>\n<p>&nbsp;<\/p>\n<p>En otro orden, la Legisladora agradeci\u00f3 la posici\u00f3n de Serbia respecto de la Cuesti\u00f3n Malvinas. En este punto la Diplom\u00e1tica resalt\u00f3 que en su pa\u00eds, la denominaci\u00f3n que se da al archipi\u00e9lago fueguino, se corresponde al top\u00f3nimo oficial. Malvinas.<\/p>\n<p>&nbsp;<\/p>\n<p>Agradeci\u00f3 \u201cel constante acompa\u00f1amiento que tienen con la cuesti\u00f3n Malvinas. Es una lucha permanente que tenemos y la Gobernadora Dra. Rosana Bertone est\u00e1 parada al frente de esta cuesti\u00f3n y que en Tierra del Fuego se vive con mucha presencia\u201d. En este punto, detall\u00f3 el acto significativo de la Vigilia del 2 de abril que se realiza en R\u00edo Grande y del fuerte sentimiento malvinero que habita a cada fueguino.<\/p>\n<p>&nbsp;<\/p>\n<p>En tanto, la subsecretaria de Relaciones Internacionales del Gobierno fueguino, Mar\u00eda Cecilia Fiocchi destac\u00f3 las gestiones de la Parlamentaria para que la muestra llegue a la Provincia. \u201cAndrea Freites fue la impulsora para que tengamos este evento ac\u00e1\u201d, resalt\u00f3.<\/p>\n<p>Con posterioridad, los funcionarios se trasladaron al Monumento HIst\u00f3rica Nacional Plaza Islas Malvinas, y rindieron homenaje a los caidos en el conflicto del Atlantico Sur en 1982.<\/p>\n<p>&nbsp;<\/p>\n<p>La muestra, se expondr\u00e1 en Ushuaia en el Polo Deportivo y Cultural \u201cPioneros Fueguinos\u201d del 29 de octubre al 13 de noviembre de 2018, en R\u00edo Grande en el Museo Fueguino de Arte desde el 20 de noviembre al 7 de diciembre de 2018, de lunes a viernes de 9 a 15, y s\u00e1bados de 15 a 19.<\/p>\n<p>&nbsp;<\/p>\n<p><a href=\"https:\/\/flic.kr\/s\/aHsmpZvyZ5\">Galer\u00eda de im\u00e1genes<\/a><\/p>\n<p>&nbsp;<\/p>\n\n\t\t<style type=\"text\/css\">\n\t\t\t#gallery-1 {\n\t\t\t\tmargin: auto;\n\t\t\t}\n\t\t\t#gallery-1 .gallery-item {\n\t\t\t\tfloat: left;\n\t\t\t\tmargin-top: 10px;\n\t\t\t\ttext-align: center;\n\t\t\t\twidth: 33%;\n\t\t\t}\n\t\t\t#gallery-1 img {\n\t\t\t\tborder: 2px solid #cfcfcf;\n\t\t\t}\n\t\t\t#gallery-1 .gallery-caption {\n\t\t\t\tmargin-left: 0;\n\t\t\t}\n\t\t\t\/* see gallery_shortcode() in wp-includes\/media.php *\/\n\t\t<\/style>\n\t\t<div data-carousel-extra='{\"blog_id\":1,\"permalink\":\"https:\\\/\\\/www.legistdf.gob.ar\\\/index.php\\\/2018\\\/10\\\/29\\\/legislatura-la-embajadora-serbia-jela-bacovic-se-reunio-con-andrea-freites\\\/\"}' id='gallery-1' class='gallery galleryid-10525 gallery-columns-3 gallery-size-thumbnail'><dl class='gallery-item'>\n\t\t\t<dt class='gallery-icon landscape'>\n\t\t\t\t<a href='https:\/\/www.legistdf.gob.ar\/index.php\/2018\/10\/29\/legislatura-la-embajadora-serbia-jela-bacovic-se-reunio-con-andrea-freites\/_mg_1178\/'><img loading=\"lazy\" decoding=\"async\" width=\"150\" height=\"150\" src=\"https:\/\/www.legistdf.gob.ar\/wp-content\/uploads\/2018\/10\/MG_1178-150x150.jpg\" class=\"attachment-thumbnail size-thumbnail\" alt=\"\" srcset=\"https:\/\/www.legistdf.gob.ar\/wp-content\/uploads\/2018\/10\/MG_1178-150x150.jpg 150w, https:\/\/www.legistdf.gob.ar\/wp-content\/uploads\/2018\/10\/MG_1178-64x64.jpg 64w\" sizes=\"(max-width: 150px) 100vw, 150px\" data-attachment-id=\"10526\" data-permalink=\"https:\/\/www.legistdf.gob.ar\/index.php\/2018\/10\/29\/legislatura-la-embajadora-serbia-jela-bacovic-se-reunio-con-andrea-freites\/_mg_1178\/\" data-orig-file=\"https:\/\/www.legistdf.gob.ar\/wp-content\/uploads\/2018\/10\/MG_1178.jpg\" data-orig-size=\"1000,667\" data-comments-opened=\"0\" data-image-meta=\"{&quot;aperture&quot;:&quot;2.5&quot;,&quot;credit&quot;:&quot;PrenlsaLegislativa2015&quot;,&quot;camera&quot;:&quot;Canon EOS 60D&quot;,&quot;caption&quot;:&quot;&quot;,&quot;created_timestamp&quot;:&quot;1540792094&quot;,&quot;copyright&quot;:&quot;&quot;,&quot;focal_length&quot;:&quot;50&quot;,&quot;iso&quot;:&quot;100&quot;,&quot;shutter_speed&quot;:&quot;0.02&quot;,&quot;title&quot;:&quot;&quot;,&quot;orientation&quot;:&quot;0&quot;}\" data-image-title=\"_MG_1178\" data-image-description=\"\" data-image-caption=\"\" data-medium-file=\"https:\/\/www.legistdf.gob.ar\/wp-content\/uploads\/2018\/10\/MG_1178-300x200.jpg\" data-large-file=\"https:\/\/www.legistdf.gob.ar\/wp-content\/uploads\/2018\/10\/MG_1178.jpg\" \/><\/a>\n\t\t\t<\/dt><\/dl><dl class='gallery-item'>\n\t\t\t<dt class='gallery-icon landscape'>\n\t\t\t\t<a href='https:\/\/www.legistdf.gob.ar\/index.php\/2018\/10\/29\/legislatura-la-embajadora-serbia-jela-bacovic-se-reunio-con-andrea-freites\/_mg_1187\/'><img loading=\"lazy\" decoding=\"async\" width=\"150\" height=\"150\" src=\"https:\/\/www.legistdf.gob.ar\/wp-content\/uploads\/2018\/10\/MG_1187-150x150.jpg\" class=\"attachment-thumbnail size-thumbnail\" alt=\"\" srcset=\"https:\/\/www.legistdf.gob.ar\/wp-content\/uploads\/2018\/10\/MG_1187-150x150.jpg 150w, https:\/\/www.legistdf.gob.ar\/wp-content\/uploads\/2018\/10\/MG_1187-64x64.jpg 64w\" sizes=\"(max-width: 150px) 100vw, 150px\" data-attachment-id=\"10527\" data-permalink=\"https:\/\/www.legistdf.gob.ar\/index.php\/2018\/10\/29\/legislatura-la-embajadora-serbia-jela-bacovic-se-reunio-con-andrea-freites\/_mg_1187\/\" data-orig-file=\"https:\/\/www.legistdf.gob.ar\/wp-content\/uploads\/2018\/10\/MG_1187.jpg\" data-orig-size=\"1000,667\" data-comments-opened=\"0\" data-image-meta=\"{&quot;aperture&quot;:&quot;1.8&quot;,&quot;credit&quot;:&quot;PrenlsaLegislativa2015&quot;,&quot;camera&quot;:&quot;Canon EOS 60D&quot;,&quot;caption&quot;:&quot;&quot;,&quot;created_timestamp&quot;:&quot;1540792139&quot;,&quot;copyright&quot;:&quot;&quot;,&quot;focal_length&quot;:&quot;50&quot;,&quot;iso&quot;:&quot;100&quot;,&quot;shutter_speed&quot;:&quot;0.02&quot;,&quot;title&quot;:&quot;&quot;,&quot;orientation&quot;:&quot;0&quot;}\" data-image-title=\"_MG_1187\" data-image-description=\"\" data-image-caption=\"\" data-medium-file=\"https:\/\/www.legistdf.gob.ar\/wp-content\/uploads\/2018\/10\/MG_1187-300x200.jpg\" data-large-file=\"https:\/\/www.legistdf.gob.ar\/wp-content\/uploads\/2018\/10\/MG_1187.jpg\" \/><\/a>\n\t\t\t<\/dt><\/dl><dl class='gallery-item'>\n\t\t\t<dt class='gallery-icon landscape'>\n\t\t\t\t<a href='https:\/\/www.legistdf.gob.ar\/index.php\/2018\/10\/29\/legislatura-la-embajadora-serbia-jela-bacovic-se-reunio-con-andrea-freites\/_mg_1198\/'><img loading=\"lazy\" decoding=\"async\" width=\"150\" height=\"150\" src=\"https:\/\/www.legistdf.gob.ar\/wp-content\/uploads\/2018\/10\/MG_1198-150x150.jpg\" class=\"attachment-thumbnail size-thumbnail\" alt=\"\" srcset=\"https:\/\/www.legistdf.gob.ar\/wp-content\/uploads\/2018\/10\/MG_1198-150x150.jpg 150w, https:\/\/www.legistdf.gob.ar\/wp-content\/uploads\/2018\/10\/MG_1198-64x64.jpg 64w\" sizes=\"(max-width: 150px) 100vw, 150px\" data-attachment-id=\"10528\" data-permalink=\"https:\/\/www.legistdf.gob.ar\/index.php\/2018\/10\/29\/legislatura-la-embajadora-serbia-jela-bacovic-se-reunio-con-andrea-freites\/_mg_1198\/\" data-orig-file=\"https:\/\/www.legistdf.gob.ar\/wp-content\/uploads\/2018\/10\/MG_1198.jpg\" data-orig-size=\"1000,667\" data-comments-opened=\"0\" data-image-meta=\"{&quot;aperture&quot;:&quot;2.2&quot;,&quot;credit&quot;:&quot;PrenlsaLegislativa2015&quot;,&quot;camera&quot;:&quot;Canon EOS 60D&quot;,&quot;caption&quot;:&quot;&quot;,&quot;created_timestamp&quot;:&quot;1540792177&quot;,&quot;copyright&quot;:&quot;&quot;,&quot;focal_length&quot;:&quot;50&quot;,&quot;iso&quot;:&quot;100&quot;,&quot;shutter_speed&quot;:&quot;0.02&quot;,&quot;title&quot;:&quot;&quot;,&quot;orientation&quot;:&quot;0&quot;}\" data-image-title=\"_MG_1198\" data-image-description=\"\" data-image-caption=\"\" data-medium-file=\"https:\/\/www.legistdf.gob.ar\/wp-content\/uploads\/2018\/10\/MG_1198-300x200.jpg\" data-large-file=\"https:\/\/www.legistdf.gob.ar\/wp-content\/uploads\/2018\/10\/MG_1198.jpg\" \/><\/a>\n\t\t\t<\/dt><\/dl><br style=\"clear: both\" \/><dl class='gallery-item'>\n\t\t\t<dt class='gallery-icon landscape'>\n\t\t\t\t<a href='https:\/\/www.legistdf.gob.ar\/index.php\/2018\/10\/29\/legislatura-la-embajadora-serbia-jela-bacovic-se-reunio-con-andrea-freites\/_mg_1214\/'><img loading=\"lazy\" decoding=\"async\" width=\"150\" height=\"150\" src=\"https:\/\/www.legistdf.gob.ar\/wp-content\/uploads\/2018\/10\/MG_1214-150x150.jpg\" class=\"attachment-thumbnail size-thumbnail\" alt=\"\" srcset=\"https:\/\/www.legistdf.gob.ar\/wp-content\/uploads\/2018\/10\/MG_1214-150x150.jpg 150w, https:\/\/www.legistdf.gob.ar\/wp-content\/uploads\/2018\/10\/MG_1214-64x64.jpg 64w\" sizes=\"(max-width: 150px) 100vw, 150px\" data-attachment-id=\"10529\" data-permalink=\"https:\/\/www.legistdf.gob.ar\/index.php\/2018\/10\/29\/legislatura-la-embajadora-serbia-jela-bacovic-se-reunio-con-andrea-freites\/_mg_1214\/\" data-orig-file=\"https:\/\/www.legistdf.gob.ar\/wp-content\/uploads\/2018\/10\/MG_1214.jpg\" data-orig-size=\"1000,667\" data-comments-opened=\"0\" data-image-meta=\"{&quot;aperture&quot;:&quot;1.4&quot;,&quot;credit&quot;:&quot;PrenlsaLegislativa2015&quot;,&quot;camera&quot;:&quot;Canon EOS 60D&quot;,&quot;caption&quot;:&quot;&quot;,&quot;created_timestamp&quot;:&quot;1540792369&quot;,&quot;copyright&quot;:&quot;&quot;,&quot;focal_length&quot;:&quot;50&quot;,&quot;iso&quot;:&quot;100&quot;,&quot;shutter_speed&quot;:&quot;0.016666666666667&quot;,&quot;title&quot;:&quot;&quot;,&quot;orientation&quot;:&quot;0&quot;}\" data-image-title=\"_MG_1214\" data-image-description=\"\" data-image-caption=\"\" data-medium-file=\"https:\/\/www.legistdf.gob.ar\/wp-content\/uploads\/2018\/10\/MG_1214-300x200.jpg\" data-large-file=\"https:\/\/www.legistdf.gob.ar\/wp-content\/uploads\/2018\/10\/MG_1214.jpg\" \/><\/a>\n\t\t\t<\/dt><\/dl><dl class='gallery-item'>\n\t\t\t<dt class='gallery-icon landscape'>\n\t\t\t\t<a href='https:\/\/www.legistdf.gob.ar\/index.php\/2018\/10\/29\/legislatura-la-embajadora-serbia-jela-bacovic-se-reunio-con-andrea-freites\/_mg_1220\/'><img loading=\"lazy\" decoding=\"async\" width=\"150\" height=\"150\" src=\"https:\/\/www.legistdf.gob.ar\/wp-content\/uploads\/2018\/10\/MG_1220-150x150.jpg\" class=\"attachment-thumbnail size-thumbnail\" alt=\"\" srcset=\"https:\/\/www.legistdf.gob.ar\/wp-content\/uploads\/2018\/10\/MG_1220-150x150.jpg 150w, https:\/\/www.legistdf.gob.ar\/wp-content\/uploads\/2018\/10\/MG_1220-64x64.jpg 64w\" sizes=\"(max-width: 150px) 100vw, 150px\" data-attachment-id=\"10530\" data-permalink=\"https:\/\/www.legistdf.gob.ar\/index.php\/2018\/10\/29\/legislatura-la-embajadora-serbia-jela-bacovic-se-reunio-con-andrea-freites\/_mg_1220\/\" data-orig-file=\"https:\/\/www.legistdf.gob.ar\/wp-content\/uploads\/2018\/10\/MG_1220.jpg\" data-orig-size=\"1000,667\" data-comments-opened=\"0\" data-image-meta=\"{&quot;aperture&quot;:&quot;2&quot;,&quot;credit&quot;:&quot;PrenlsaLegislativa2015&quot;,&quot;camera&quot;:&quot;Canon EOS 60D&quot;,&quot;caption&quot;:&quot;&quot;,&quot;created_timestamp&quot;:&quot;1540792442&quot;,&quot;copyright&quot;:&quot;&quot;,&quot;focal_length&quot;:&quot;50&quot;,&quot;iso&quot;:&quot;100&quot;,&quot;shutter_speed&quot;:&quot;0.016666666666667&quot;,&quot;title&quot;:&quot;&quot;,&quot;orientation&quot;:&quot;0&quot;}\" data-image-title=\"_MG_1220\" data-image-description=\"\" data-image-caption=\"\" data-medium-file=\"https:\/\/www.legistdf.gob.ar\/wp-content\/uploads\/2018\/10\/MG_1220-300x200.jpg\" data-large-file=\"https:\/\/www.legistdf.gob.ar\/wp-content\/uploads\/2018\/10\/MG_1220.jpg\" \/><\/a>\n\t\t\t<\/dt><\/dl><dl class='gallery-item'>\n\t\t\t<dt class='gallery-icon landscape'>\n\t\t\t\t<a href='https:\/\/www.legistdf.gob.ar\/index.php\/2018\/10\/29\/legislatura-la-embajadora-serbia-jela-bacovic-se-reunio-con-andrea-freites\/_mg_1243\/'><img loading=\"lazy\" decoding=\"async\" width=\"150\" height=\"150\" src=\"https:\/\/www.legistdf.gob.ar\/wp-content\/uploads\/2018\/10\/MG_1243-150x150.jpg\" class=\"attachment-thumbnail size-thumbnail\" alt=\"\" srcset=\"https:\/\/www.legistdf.gob.ar\/wp-content\/uploads\/2018\/10\/MG_1243-150x150.jpg 150w, https:\/\/www.legistdf.gob.ar\/wp-content\/uploads\/2018\/10\/MG_1243-64x64.jpg 64w\" sizes=\"(max-width: 150px) 100vw, 150px\" data-attachment-id=\"10531\" data-permalink=\"https:\/\/www.legistdf.gob.ar\/index.php\/2018\/10\/29\/legislatura-la-embajadora-serbia-jela-bacovic-se-reunio-con-andrea-freites\/_mg_1243\/\" data-orig-file=\"https:\/\/www.legistdf.gob.ar\/wp-content\/uploads\/2018\/10\/MG_1243.jpg\" data-orig-size=\"1000,667\" data-comments-opened=\"0\" data-image-meta=\"{&quot;aperture&quot;:&quot;1.8&quot;,&quot;credit&quot;:&quot;PrenlsaLegislativa2015&quot;,&quot;camera&quot;:&quot;Canon EOS 60D&quot;,&quot;caption&quot;:&quot;&quot;,&quot;created_timestamp&quot;:&quot;1540793811&quot;,&quot;copyright&quot;:&quot;&quot;,&quot;focal_length&quot;:&quot;50&quot;,&quot;iso&quot;:&quot;100&quot;,&quot;shutter_speed&quot;:&quot;0.016666666666667&quot;,&quot;title&quot;:&quot;&quot;,&quot;orientation&quot;:&quot;0&quot;}\" data-image-title=\"_MG_1243\" data-image-description=\"\" data-image-caption=\"\" data-medium-file=\"https:\/\/www.legistdf.gob.ar\/wp-content\/uploads\/2018\/10\/MG_1243-300x200.jpg\" data-large-file=\"https:\/\/www.legistdf.gob.ar\/wp-content\/uploads\/2018\/10\/MG_1243.jpg\" \/><\/a>\n\t\t\t<\/dt><\/dl><br style=\"clear: both\" \/><dl class='gallery-item'>\n\t\t\t<dt class='gallery-icon landscape'>\n\t\t\t\t<a href='https:\/\/www.legistdf.gob.ar\/index.php\/2018\/10\/29\/legislatura-la-embajadora-serbia-jela-bacovic-se-reunio-con-andrea-freites\/_mg_1258\/'><img loading=\"lazy\" decoding=\"async\" width=\"150\" height=\"150\" src=\"https:\/\/www.legistdf.gob.ar\/wp-content\/uploads\/2018\/10\/MG_1258-150x150.jpg\" class=\"attachment-thumbnail size-thumbnail\" alt=\"\" srcset=\"https:\/\/www.legistdf.gob.ar\/wp-content\/uploads\/2018\/10\/MG_1258-150x150.jpg 150w, https:\/\/www.legistdf.gob.ar\/wp-content\/uploads\/2018\/10\/MG_1258-64x64.jpg 64w\" sizes=\"(max-width: 150px) 100vw, 150px\" data-attachment-id=\"10532\" data-permalink=\"https:\/\/www.legistdf.gob.ar\/index.php\/2018\/10\/29\/legislatura-la-embajadora-serbia-jela-bacovic-se-reunio-con-andrea-freites\/_mg_1258\/\" data-orig-file=\"https:\/\/www.legistdf.gob.ar\/wp-content\/uploads\/2018\/10\/MG_1258.jpg\" data-orig-size=\"1000,667\" data-comments-opened=\"0\" data-image-meta=\"{&quot;aperture&quot;:&quot;10&quot;,&quot;credit&quot;:&quot;PrenlsaLegislativa2015&quot;,&quot;camera&quot;:&quot;Canon EOS 60D&quot;,&quot;caption&quot;:&quot;&quot;,&quot;created_timestamp&quot;:&quot;1540794169&quot;,&quot;copyright&quot;:&quot;&quot;,&quot;focal_length&quot;:&quot;50&quot;,&quot;iso&quot;:&quot;100&quot;,&quot;shutter_speed&quot;:&quot;0.01&quot;,&quot;title&quot;:&quot;&quot;,&quot;orientation&quot;:&quot;0&quot;}\" data-image-title=\"_MG_1258\" data-image-description=\"\" data-image-caption=\"\" data-medium-file=\"https:\/\/www.legistdf.gob.ar\/wp-content\/uploads\/2018\/10\/MG_1258-300x200.jpg\" data-large-file=\"https:\/\/www.legistdf.gob.ar\/wp-content\/uploads\/2018\/10\/MG_1258.jpg\" \/><\/a>\n\t\t\t<\/dt><\/dl><dl class='gallery-item'>\n\t\t\t<dt class='gallery-icon landscape'>\n\t\t\t\t<a href='https:\/\/www.legistdf.gob.ar\/index.php\/2018\/10\/29\/legislatura-la-embajadora-serbia-jela-bacovic-se-reunio-con-andrea-freites\/_mg_1259\/'><img loading=\"lazy\" decoding=\"async\" width=\"150\" height=\"150\" src=\"https:\/\/www.legistdf.gob.ar\/wp-content\/uploads\/2018\/10\/MG_1259-150x150.jpg\" class=\"attachment-thumbnail size-thumbnail\" alt=\"\" srcset=\"https:\/\/www.legistdf.gob.ar\/wp-content\/uploads\/2018\/10\/MG_1259-150x150.jpg 150w, https:\/\/www.legistdf.gob.ar\/wp-content\/uploads\/2018\/10\/MG_1259-64x64.jpg 64w\" sizes=\"(max-width: 150px) 100vw, 150px\" data-attachment-id=\"10533\" data-permalink=\"https:\/\/www.legistdf.gob.ar\/index.php\/2018\/10\/29\/legislatura-la-embajadora-serbia-jela-bacovic-se-reunio-con-andrea-freites\/_mg_1259\/\" data-orig-file=\"https:\/\/www.legistdf.gob.ar\/wp-content\/uploads\/2018\/10\/MG_1259.jpg\" data-orig-size=\"1000,667\" data-comments-opened=\"0\" data-image-meta=\"{&quot;aperture&quot;:&quot;14&quot;,&quot;credit&quot;:&quot;PrenlsaLegislativa2015&quot;,&quot;camera&quot;:&quot;Canon EOS 60D&quot;,&quot;caption&quot;:&quot;&quot;,&quot;created_timestamp&quot;:&quot;1540794193&quot;,&quot;copyright&quot;:&quot;&quot;,&quot;focal_length&quot;:&quot;50&quot;,&quot;iso&quot;:&quot;100&quot;,&quot;shutter_speed&quot;:&quot;0.01&quot;,&quot;title&quot;:&quot;&quot;,&quot;orientation&quot;:&quot;0&quot;}\" data-image-title=\"_MG_1259\" data-image-description=\"\" data-image-caption=\"\" data-medium-file=\"https:\/\/www.legistdf.gob.ar\/wp-content\/uploads\/2018\/10\/MG_1259-300x200.jpg\" data-large-file=\"https:\/\/www.legistdf.gob.ar\/wp-content\/uploads\/2018\/10\/MG_1259.jpg\" \/><\/a>\n\t\t\t<\/dt><\/dl><dl class='gallery-item'>\n\t\t\t<dt class='gallery-icon landscape'>\n\t\t\t\t<a href='https:\/\/www.legistdf.gob.ar\/index.php\/2018\/10\/29\/legislatura-la-embajadora-serbia-jela-bacovic-se-reunio-con-andrea-freites\/_mg_1270\/'><img loading=\"lazy\" decoding=\"async\" width=\"150\" height=\"150\" src=\"https:\/\/www.legistdf.gob.ar\/wp-content\/uploads\/2018\/10\/MG_1270-150x150.jpg\" class=\"attachment-thumbnail size-thumbnail\" alt=\"\" srcset=\"https:\/\/www.legistdf.gob.ar\/wp-content\/uploads\/2018\/10\/MG_1270-150x150.jpg 150w, https:\/\/www.legistdf.gob.ar\/wp-content\/uploads\/2018\/10\/MG_1270-64x64.jpg 64w\" sizes=\"(max-width: 150px) 100vw, 150px\" data-attachment-id=\"10534\" data-permalink=\"https:\/\/www.legistdf.gob.ar\/index.php\/2018\/10\/29\/legislatura-la-embajadora-serbia-jela-bacovic-se-reunio-con-andrea-freites\/_mg_1270\/\" data-orig-file=\"https:\/\/www.legistdf.gob.ar\/wp-content\/uploads\/2018\/10\/MG_1270.jpg\" data-orig-size=\"1000,667\" data-comments-opened=\"0\" data-image-meta=\"{&quot;aperture&quot;:&quot;18&quot;,&quot;credit&quot;:&quot;PrenlsaLegislativa2015&quot;,&quot;camera&quot;:&quot;Canon EOS 60D&quot;,&quot;caption&quot;:&quot;&quot;,&quot;created_timestamp&quot;:&quot;1540794384&quot;,&quot;copyright&quot;:&quot;&quot;,&quot;focal_length&quot;:&quot;50&quot;,&quot;iso&quot;:&quot;100&quot;,&quot;shutter_speed&quot;:&quot;0.01&quot;,&quot;title&quot;:&quot;&quot;,&quot;orientation&quot;:&quot;0&quot;}\" data-image-title=\"_MG_1270\" data-image-description=\"\" data-image-caption=\"\" data-medium-file=\"https:\/\/www.legistdf.gob.ar\/wp-content\/uploads\/2018\/10\/MG_1270-300x200.jpg\" data-large-file=\"https:\/\/www.legistdf.gob.ar\/wp-content\/uploads\/2018\/10\/MG_1270.jpg\" \/><\/a>\n\t\t\t<\/dt><\/dl><br style=\"clear: both\" \/>\n\t\t<\/div>\n\n","protected":false},"excerpt":{"rendered":"<p>&nbsp; Ushuaia,\u00a0 lunes 29 de octubre de 2018.- Jela Bacovic, embajadora de la Rep\u00fablica Serbia en nuestro pa\u00eds, fue recibida por la titular de la Comisi\u00f3n de Educaci\u00f3n del Parlamento, legisladora Andrea Freites (FPV \u2013 PJ). En el encuentro protocolar, detallaron los alcances de la muestra tecnol\u00f3gica \u201cNikola Tesla. Inventor del siglo XXI\u201d tambi\u00e9n visitaron [&hellip;]<\/p>\n","protected":false},"author":352,"featured_media":10531,"comment_status":"closed","ping_status":"open","sticky":false,"template":"","format":"standard","meta":{"jetpack_post_was_ever_published":false,"_jetpack_newsletter_access":"","_jetpack_dont_email_post_to_subs":false,"_jetpack_newsletter_tier_id":0,"footnotes":"","jetpack_publicize_message":"","jetpack_publicize_feature_enabled":true,"jetpack_social_post_already_shared":true,"jetpack_social_options":{"image_generator_settings":{"template":"highway","enabled":false}}},"categories":[1],"tags":[81,738,78,740,739,79,87],"jetpack_publicize_connections":[],"jetpack_sharing_enabled":true,"jetpack_featured_media_url":"https:\/\/www.legistdf.gob.ar\/wp-content\/uploads\/2018\/10\/MG_1243.jpg","jetpack-related-posts":[],"_links":{"self":[{"href":"https:\/\/www.legistdf.gob.ar\/index.php\/wp-json\/wp\/v2\/posts\/10525"}],"collection":[{"href":"https:\/\/www.legistdf.gob.ar\/index.php\/wp-json\/wp\/v2\/posts"}],"about":[{"href":"https:\/\/www.legistdf.gob.ar\/index.php\/wp-json\/wp\/v2\/types\/post"}],"author":[{"embeddable":true,"href":"https:\/\/www.legistdf.gob.ar\/index.php\/wp-json\/wp\/v2\/users\/352"}],"replies":[{"embeddable":true,"href":"https:\/\/www.legistdf.gob.ar\/index.php\/wp-json\/wp\/v2\/comments?post=10525"}],"version-history":[{"count":2,"href":"https:\/\/www.legistdf.gob.ar\/index.php\/wp-json\/wp\/v2\/posts\/10525\/revisions"}],"predecessor-version":[{"id":10536,"href":"https:\/\/www.legistdf.gob.ar\/index.php\/wp-json\/wp\/v2\/posts\/10525\/revisions\/10536"}],"wp:featuredmedia":[{"embeddable":true,"href":"https:\/\/www.legistdf.gob.ar\/index.php\/wp-json\/wp\/v2\/media\/10531"}],"wp:attachment":[{"href":"https:\/\/www.legistdf.gob.ar\/index.php\/wp-json\/wp\/v2\/media?parent=10525"}],"wp:term":[{"taxonomy":"category","embeddable":true,"href":"https:\/\/www.legistdf.gob.ar\/index.php\/wp-json\/wp\/v2\/categories?post=10525"},{"taxonomy":"post_tag","embeddable":true,"href":"https:\/\/www.legistdf.gob.ar\/index.php\/wp-json\/wp\/v2\/tags?post=10525"}],"curies":[{"name":"wp","href":"https:\/\/api.w.org\/{rel}","templated":true}]}}