{"id":10547,"date":"2018-10-29T16:48:43","date_gmt":"2018-10-29T19:48:43","guid":{"rendered":"http:\/\/www.legistdf.gob.ar\/?p=10547"},"modified":"2018-10-29T16:48:43","modified_gmt":"2018-10-29T19:48:43","slug":"deportes-eugenia-lemos-represento-a-tierra-del-fuego-en-los-juegos-olimpicos-de-la-juventud","status":"publish","type":"post","link":"https:\/\/www.legistdf.gob.ar\/index.php\/2018\/10\/29\/deportes-eugenia-lemos-represento-a-tierra-del-fuego-en-los-juegos-olimpicos-de-la-juventud\/","title":{"rendered":"DEPORTES: Eugenia Lemos represent\u00f3 a Tierra del Fuego en los Juegos Ol\u00edmpicos de la Juventud"},"content":{"rendered":"<p><strong>Ushuaia, lunes 29 de octubre de 2018.- Los Juegos Ol\u00edmpicos de la Juventud de Buenos Aires 2018, se realizaron desde el 6 al 18 de octubre pasado donde Eugenia Lemos particip\u00f3 como voluntaria de la competencia. El viernes pasado fue recibida por el Presidente de Poder Legislativo, vicegobernador Juan Carlos Arcando. Lemos cont\u00f3 que form\u00f3 parte de la organizaci\u00f3n y su trabajo fue asistir permanentemente a los deportistas, durante nueve horas de trabajo en el parque urbano de Puerto Madero. <\/strong><\/p>\n<p>&nbsp;<\/p>\n<p>Consultada sobre c\u00f3mo lleg\u00f3 a formar parte del plantel del evento y dijo que \u201cen diciembre del a\u00f1o pasado sali\u00f3 la convocatoria y me inscrib\u00ed. Luego fuimos pasando distintas etapas de selecci\u00f3n y a cuatro d\u00edas de los juegos me convocaron como una de los nueve mil voluntarios de la Argentina y el mundo, en representaci\u00f3n de la Provincia\u201d.<\/p>\n<p>&nbsp;<\/p>\n<p>\u201cFue una experiencia \u00fanica e inolvidable. Desde chica mir\u00e9 los juegos ol\u00edmpicos, fui deportista y vivirlo desde adentro fue otra manera de sentirlo, ahora esto significa m\u00e1s para mi, mucho m\u00e1s que antes\u201d, dijo Lemos en relaci\u00f3n a su participaci\u00f3n del evento.<\/p>\n<p>&nbsp;<\/p>\n<p>Finalmente, la voluntaria ol\u00edmpica manifest\u00f3 sentirse orgullosa de haber representado a Tierra del Fuego. \u201cLes mencion\u00e9 que era de Ushuaia y me preguntaban c\u00f3mo era el clima; su paisajes y pude intercambiar informaci\u00f3n, mostrando fotos y los invit\u00e9 a que visiten la ciudad\u201d, concluy\u00f3.<\/p>\n<p>&nbsp;<\/p>\n<p>Sin dudas entre los puntos m\u00e1s salientes de esta experiencia Ol\u00edmpica para la Argentina est\u00e1 la respuesta del p\u00fablico en todas las jornadas y todos los deportes. M\u00e1s de un mill\u00f3n de personas visitaron todas las instalaciones de la celebraci\u00f3n multideportiva, m\u00e1s importante en la historia del pa\u00eds.<\/p>\n<p>&nbsp;<\/p>\n<p>Otro de los elementos distintivos de Buenos Aires 2018 fue su concepto de Parques Ol\u00edmpicos, con cuatro centros distribuidos en la ciudad: el Parque Ol\u00edmpico de la Juventud fue el coraz\u00f3n de los Juegos emplazado en el sur de la Ciudad, Parque Tecn\u00f3polis al norte, el Parque Urbano en Puerto Madero y el Parque Verde en los Bosques de Palermo.<\/p>\n<p>&nbsp;<\/p>\n<p>Adem\u00e1s de las cuatro sedes independientes para el desarrollo de los 32 deportes y 36 disciplinas: el Club Atl\u00e9tico San Isidro sede La Boya para el rugby sevens, el Club N\u00e1utico de San Isidro para las disciplinas de la vela, el club Hurlingham, para el golf y la sede paseo de la Costa en Vicente L\u00f3pez, para el patinaje de velocidad sobre ruedas y el BMX racing.<\/p>\n<p>&nbsp;<\/p>\n<p>&nbsp;<\/p>\n<p style=\"text-align: right\"><em>Con informaci\u00f3n de\u00a0<a href=\"https:\/\/www.buenosaires2018.com\/home?lng=es\">https:\/\/www.buenosaires2018.com\/home?lng=es<\/a> y Prensa Legislativa<\/em><\/p>\n<p>&nbsp;<\/p>\n<p>&nbsp;<\/p>\n\n\t\t<style type=\"text\/css\">\n\t\t\t#gallery-1 {\n\t\t\t\tmargin: auto;\n\t\t\t}\n\t\t\t#gallery-1 .gallery-item {\n\t\t\t\tfloat: left;\n\t\t\t\tmargin-top: 10px;\n\t\t\t\ttext-align: center;\n\t\t\t\twidth: 33%;\n\t\t\t}\n\t\t\t#gallery-1 img {\n\t\t\t\tborder: 2px solid #cfcfcf;\n\t\t\t}\n\t\t\t#gallery-1 .gallery-caption {\n\t\t\t\tmargin-left: 0;\n\t\t\t}\n\t\t\t\/* see gallery_shortcode() in wp-includes\/media.php *\/\n\t\t<\/style>\n\t\t<div data-carousel-extra='{\"blog_id\":1,\"permalink\":\"https:\\\/\\\/www.legistdf.gob.ar\\\/index.php\\\/2018\\\/10\\\/29\\\/deportes-eugenia-lemos-represento-a-tierra-del-fuego-en-los-juegos-olimpicos-de-la-juventud\\\/\"}' id='gallery-1' class='gallery galleryid-10547 gallery-columns-3 gallery-size-thumbnail'><dl class='gallery-item'>\n\t\t\t<dt class='gallery-icon portrait'>\n\t\t\t\t<a href='https:\/\/www.legistdf.gob.ar\/index.php\/2018\/10\/29\/deportes-eugenia-lemos-represento-a-tierra-del-fuego-en-los-juegos-olimpicos-de-la-juventud\/1-160\/'><img loading=\"lazy\" decoding=\"async\" width=\"150\" height=\"150\" src=\"https:\/\/www.legistdf.gob.ar\/wp-content\/uploads\/2018\/10\/1-7-150x150.jpg\" class=\"attachment-thumbnail size-thumbnail\" alt=\"\" srcset=\"https:\/\/www.legistdf.gob.ar\/wp-content\/uploads\/2018\/10\/1-7-150x150.jpg 150w, https:\/\/www.legistdf.gob.ar\/wp-content\/uploads\/2018\/10\/1-7-64x64.jpg 64w\" sizes=\"(max-width: 150px) 100vw, 150px\" data-attachment-id=\"10550\" data-permalink=\"https:\/\/www.legistdf.gob.ar\/index.php\/2018\/10\/29\/deportes-eugenia-lemos-represento-a-tierra-del-fuego-en-los-juegos-olimpicos-de-la-juventud\/1-160\/\" data-orig-file=\"https:\/\/www.legistdf.gob.ar\/wp-content\/uploads\/2018\/10\/1-7.jpg\" data-orig-size=\"774,1032\" data-comments-opened=\"0\" data-image-meta=\"{&quot;aperture&quot;:&quot;0&quot;,&quot;credit&quot;:&quot;&quot;,&quot;camera&quot;:&quot;&quot;,&quot;caption&quot;:&quot;&quot;,&quot;created_timestamp&quot;:&quot;0&quot;,&quot;copyright&quot;:&quot;&quot;,&quot;focal_length&quot;:&quot;0&quot;,&quot;iso&quot;:&quot;0&quot;,&quot;shutter_speed&quot;:&quot;0&quot;,&quot;title&quot;:&quot;&quot;,&quot;orientation&quot;:&quot;0&quot;}\" data-image-title=\"1\" data-image-description=\"\" data-image-caption=\"\" data-medium-file=\"https:\/\/www.legistdf.gob.ar\/wp-content\/uploads\/2018\/10\/1-7-225x300.jpg\" data-large-file=\"https:\/\/www.legistdf.gob.ar\/wp-content\/uploads\/2018\/10\/1-7-768x1024.jpg\" \/><\/a>\n\t\t\t<\/dt><\/dl><dl class='gallery-item'>\n\t\t\t<dt class='gallery-icon landscape'>\n\t\t\t\t<a href='https:\/\/www.legistdf.gob.ar\/index.php\/2018\/10\/29\/deportes-eugenia-lemos-represento-a-tierra-del-fuego-en-los-juegos-olimpicos-de-la-juventud\/olimpico\/'><img loading=\"lazy\" decoding=\"async\" width=\"150\" height=\"150\" src=\"https:\/\/www.legistdf.gob.ar\/wp-content\/uploads\/2018\/10\/Olimpico-150x150.jpg\" class=\"attachment-thumbnail size-thumbnail\" alt=\"\" srcset=\"https:\/\/www.legistdf.gob.ar\/wp-content\/uploads\/2018\/10\/Olimpico-150x150.jpg 150w, https:\/\/www.legistdf.gob.ar\/wp-content\/uploads\/2018\/10\/Olimpico-64x64.jpg 64w\" sizes=\"(max-width: 150px) 100vw, 150px\" data-attachment-id=\"10551\" data-permalink=\"https:\/\/www.legistdf.gob.ar\/index.php\/2018\/10\/29\/deportes-eugenia-lemos-represento-a-tierra-del-fuego-en-los-juegos-olimpicos-de-la-juventud\/olimpico\/\" data-orig-file=\"https:\/\/www.legistdf.gob.ar\/wp-content\/uploads\/2018\/10\/Olimpico.jpg\" data-orig-size=\"1000,667\" data-comments-opened=\"0\" data-image-meta=\"{&quot;aperture&quot;:&quot;3.2&quot;,&quot;credit&quot;:&quot;&quot;,&quot;camera&quot;:&quot;Canon EOS 6D&quot;,&quot;caption&quot;:&quot;&quot;,&quot;created_timestamp&quot;:&quot;1540552248&quot;,&quot;copyright&quot;:&quot;&quot;,&quot;focal_length&quot;:&quot;24&quot;,&quot;iso&quot;:&quot;400&quot;,&quot;shutter_speed&quot;:&quot;0.033333333333333&quot;,&quot;title&quot;:&quot;&quot;,&quot;orientation&quot;:&quot;0&quot;}\" data-image-title=\"Olimpico\" data-image-description=\"\" data-image-caption=\"\" data-medium-file=\"https:\/\/www.legistdf.gob.ar\/wp-content\/uploads\/2018\/10\/Olimpico-300x200.jpg\" data-large-file=\"https:\/\/www.legistdf.gob.ar\/wp-content\/uploads\/2018\/10\/Olimpico.jpg\" \/><\/a>\n\t\t\t<\/dt><\/dl><dl class='gallery-item'>\n\t\t\t<dt class='gallery-icon landscape'>\n\t\t\t\t<a href='https:\/\/www.legistdf.gob.ar\/index.php\/2018\/10\/29\/deportes-eugenia-lemos-represento-a-tierra-del-fuego-en-los-juegos-olimpicos-de-la-juventud\/2-147\/'><img loading=\"lazy\" decoding=\"async\" width=\"150\" height=\"150\" src=\"https:\/\/www.legistdf.gob.ar\/wp-content\/uploads\/2018\/10\/2-4-150x150.jpg\" class=\"attachment-thumbnail size-thumbnail\" alt=\"\" srcset=\"https:\/\/www.legistdf.gob.ar\/wp-content\/uploads\/2018\/10\/2-4-150x150.jpg 150w, https:\/\/www.legistdf.gob.ar\/wp-content\/uploads\/2018\/10\/2-4-64x64.jpg 64w\" sizes=\"(max-width: 150px) 100vw, 150px\" data-attachment-id=\"10557\" data-permalink=\"https:\/\/www.legistdf.gob.ar\/index.php\/2018\/10\/29\/deportes-eugenia-lemos-represento-a-tierra-del-fuego-en-los-juegos-olimpicos-de-la-juventud\/2-147\/\" data-orig-file=\"https:\/\/www.legistdf.gob.ar\/wp-content\/uploads\/2018\/10\/2-4.jpg\" data-orig-size=\"774,588\" data-comments-opened=\"0\" data-image-meta=\"{&quot;aperture&quot;:&quot;0&quot;,&quot;credit&quot;:&quot;&quot;,&quot;camera&quot;:&quot;&quot;,&quot;caption&quot;:&quot;&quot;,&quot;created_timestamp&quot;:&quot;0&quot;,&quot;copyright&quot;:&quot;&quot;,&quot;focal_length&quot;:&quot;0&quot;,&quot;iso&quot;:&quot;0&quot;,&quot;shutter_speed&quot;:&quot;0&quot;,&quot;title&quot;:&quot;&quot;,&quot;orientation&quot;:&quot;0&quot;}\" data-image-title=\"2\" data-image-description=\"\" data-image-caption=\"\" data-medium-file=\"https:\/\/www.legistdf.gob.ar\/wp-content\/uploads\/2018\/10\/2-4-300x228.jpg\" data-large-file=\"https:\/\/www.legistdf.gob.ar\/wp-content\/uploads\/2018\/10\/2-4.jpg\" \/><\/a>\n\t\t\t<\/dt><\/dl><br style=\"clear: both\" \/><dl class='gallery-item'>\n\t\t\t<dt class='gallery-icon landscape'>\n\t\t\t\t<a href='https:\/\/www.legistdf.gob.ar\/index.php\/2018\/10\/29\/deportes-eugenia-lemos-represento-a-tierra-del-fuego-en-los-juegos-olimpicos-de-la-juventud\/3-133\/'><img loading=\"lazy\" decoding=\"async\" width=\"150\" height=\"150\" src=\"https:\/\/www.legistdf.gob.ar\/wp-content\/uploads\/2018\/10\/3-2-150x150.jpg\" class=\"attachment-thumbnail size-thumbnail\" alt=\"\" srcset=\"https:\/\/www.legistdf.gob.ar\/wp-content\/uploads\/2018\/10\/3-2-150x150.jpg 150w, https:\/\/www.legistdf.gob.ar\/wp-content\/uploads\/2018\/10\/3-2-64x64.jpg 64w\" sizes=\"(max-width: 150px) 100vw, 150px\" data-attachment-id=\"10558\" data-permalink=\"https:\/\/www.legistdf.gob.ar\/index.php\/2018\/10\/29\/deportes-eugenia-lemos-represento-a-tierra-del-fuego-en-los-juegos-olimpicos-de-la-juventud\/3-133\/\" data-orig-file=\"https:\/\/www.legistdf.gob.ar\/wp-content\/uploads\/2018\/10\/3-2.jpg\" data-orig-size=\"882,497\" data-comments-opened=\"0\" data-image-meta=\"{&quot;aperture&quot;:&quot;0&quot;,&quot;credit&quot;:&quot;&quot;,&quot;camera&quot;:&quot;&quot;,&quot;caption&quot;:&quot;&quot;,&quot;created_timestamp&quot;:&quot;0&quot;,&quot;copyright&quot;:&quot;&quot;,&quot;focal_length&quot;:&quot;0&quot;,&quot;iso&quot;:&quot;0&quot;,&quot;shutter_speed&quot;:&quot;0&quot;,&quot;title&quot;:&quot;&quot;,&quot;orientation&quot;:&quot;0&quot;}\" data-image-title=\"3\" data-image-description=\"\" data-image-caption=\"\" data-medium-file=\"https:\/\/www.legistdf.gob.ar\/wp-content\/uploads\/2018\/10\/3-2-300x169.jpg\" data-large-file=\"https:\/\/www.legistdf.gob.ar\/wp-content\/uploads\/2018\/10\/3-2.jpg\" \/><\/a>\n\t\t\t<\/dt><\/dl>\n\t\t\t<br style='clear: both' \/>\n\t\t<\/div>\n\n<p>&nbsp;<\/p>\n<p>&nbsp;<\/p>\n","protected":false},"excerpt":{"rendered":"<p>Ushuaia, lunes 29 de octubre de 2018.- Los Juegos Ol\u00edmpicos de la Juventud de Buenos Aires 2018, se realizaron desde el 6 al 18 de octubre pasado donde Eugenia Lemos particip\u00f3 como voluntaria de la competencia. El viernes pasado fue recibida por el Presidente de Poder Legislativo, vicegobernador Juan Carlos Arcando. Lemos cont\u00f3 que form\u00f3 [&hellip;]<\/p>\n","protected":false},"author":352,"featured_media":10557,"comment_status":"closed","ping_status":"open","sticky":false,"template":"","format":"standard","meta":{"jetpack_post_was_ever_published":false,"_jetpack_newsletter_access":"","_jetpack_dont_email_post_to_subs":false,"_jetpack_newsletter_tier_id":0,"footnotes":"","jetpack_publicize_message":"","jetpack_publicize_feature_enabled":true,"jetpack_social_post_already_shared":true,"jetpack_social_options":{"image_generator_settings":{"template":"highway","enabled":false}}},"categories":[1],"tags":[443,400,745,97,742,743,265,744],"jetpack_publicize_connections":[],"jetpack_sharing_enabled":true,"jetpack_featured_media_url":"https:\/\/www.legistdf.gob.ar\/wp-content\/uploads\/2018\/10\/2-4.jpg","jetpack-related-posts":[],"_links":{"self":[{"href":"https:\/\/www.legistdf.gob.ar\/index.php\/wp-json\/wp\/v2\/posts\/10547"}],"collection":[{"href":"https:\/\/www.legistdf.gob.ar\/index.php\/wp-json\/wp\/v2\/posts"}],"about":[{"href":"https:\/\/www.legistdf.gob.ar\/index.php\/wp-json\/wp\/v2\/types\/post"}],"author":[{"embeddable":true,"href":"https:\/\/www.legistdf.gob.ar\/index.php\/wp-json\/wp\/v2\/users\/352"}],"replies":[{"embeddable":true,"href":"https:\/\/www.legistdf.gob.ar\/index.php\/wp-json\/wp\/v2\/comments?post=10547"}],"version-history":[{"count":1,"href":"https:\/\/www.legistdf.gob.ar\/index.php\/wp-json\/wp\/v2\/posts\/10547\/revisions"}],"predecessor-version":[{"id":10559,"href":"https:\/\/www.legistdf.gob.ar\/index.php\/wp-json\/wp\/v2\/posts\/10547\/revisions\/10559"}],"wp:featuredmedia":[{"embeddable":true,"href":"https:\/\/www.legistdf.gob.ar\/index.php\/wp-json\/wp\/v2\/media\/10557"}],"wp:attachment":[{"href":"https:\/\/www.legistdf.gob.ar\/index.php\/wp-json\/wp\/v2\/media?parent=10547"}],"wp:term":[{"taxonomy":"category","embeddable":true,"href":"https:\/\/www.legistdf.gob.ar\/index.php\/wp-json\/wp\/v2\/categories?post=10547"},{"taxonomy":"post_tag","embeddable":true,"href":"https:\/\/www.legistdf.gob.ar\/index.php\/wp-json\/wp\/v2\/tags?post=10547"}],"curies":[{"name":"wp","href":"https:\/\/api.w.org\/{rel}","templated":true}]}}