{"id":10560,"date":"2018-10-30T09:00:02","date_gmt":"2018-10-30T12:00:02","guid":{"rendered":"http:\/\/www.legistdf.gob.ar\/?p=10560"},"modified":"2018-10-29T16:53:55","modified_gmt":"2018-10-29T19:53:55","slug":"sociedad-la-legislatura-recibio-la-imagen-de-la-madre-serafina","status":"publish","type":"post","link":"https:\/\/www.legistdf.gob.ar\/index.php\/2018\/10\/30\/sociedad-la-legislatura-recibio-la-imagen-de-la-madre-serafina\/","title":{"rendered":"SOCIEDAD: La Legislatura recibi\u00f3 la imagen de la Madre Serafina  \u00a0"},"content":{"rendered":"<p>&nbsp;<\/p>\n<p><strong>Ushuaia, martes 30 de octubre de 2018.- Las hermanas Claudia y Mar\u00eda Elena, integrantes de la Congregaci\u00f3n Hermanas Clarisas Franciscanas Misioneras del Sant\u00edsimo Sacramento en Tierra del Fuego, mantuvieron un encuentro con el presidente del Poder Legislativo, vicegobernador Juan Carlos Arcando. All\u00ed, el titular de Parlamento recibi\u00f3 de manos de las religiosas un cuadro con el retrato de la madre Serafina Farolfi, fundadora de ese espacio de devotas. <\/strong><\/p>\n<p>&nbsp;<\/p>\n<p>La madre Serafina fund\u00f3 el instituto de\u00a0Clarisas Franciscanas Misioneras del Sant\u00edsimo Sacramento de misi\u00f3n educativa con la espiritualidad franciscana. El 1 de Mayo de 1898, fue reconocido oficialmente por las autoridades religiosas. En ese mismo d\u00eda, la madre Serafina, como fundadora y sus ocho compa\u00f1eras, se trasladaron a Bertinoro y renovaron los votos de\u00a0castidad, pobreza y obediencia\u00a0y profesaron\u00a0la regla de Santa Clara.<\/p>\n<p>&nbsp;<\/p>\n<p>Cabe se\u00f1alar, que a finales de junio de este a\u00f1o, la madre general de la Congregaci\u00f3n, Karuna Kuruvanthann, que reside en Roma (Italia), visit\u00f3 la casa superiora en la provincia de Salta. Adem\u00e1s, el Presidente de la Legislatura, vicegobernador Juan Carlos Arcando particip\u00f3 del evento organizado en el norte de nuestro pa\u00eds, que congreg\u00f3 a la comunidad religiosa en Argentina.<\/p>\n<p>&nbsp;<\/p>\n<p>Luego de la visita, en sede de Presidencia del Parlamento, la hermana Mar\u00eda Elena record\u00f3 que junto al Vicegobernador estuvieron en \u201cla clausura del a\u00f1o eucar\u00edstico de nuestra congregaci\u00f3n. Fue una ceremonia muy importante, donde la Madre General don\u00f3 esta imagen de Serafina. Ella recorri\u00f3 todo el pa\u00eds, est\u00e1 en proceso de beatificaci\u00f3n. Fue cierva de Dios, actualmente es venerable y estamos esperando los milagros de ella, para que pase a ser beata\u201d, sostuvo a Prensa Legislativa.<\/p>\n<p>&nbsp;<\/p>\n<p>Por otra parte, la hermana Claudia explic\u00f3 sobre las actividades que desarrollan con los j\u00f3venes de Ushuaia: \u201cHace poco hubo un encuentro de la familia franciscanas y en esa ocasi\u00f3n, nos reunimos con los adolescentes de los colegios y con los grupos juveniles parroquiales. All\u00ed, abordamos el tema de la preservaci\u00f3n del medio ambiente y tomamos el documento Laudato Si, que se refiere al cuidado de la casa com\u00fan, que en este caso es el planeta donde el Se\u00f1or nos puso\u201d.<\/p>\n<p>&nbsp;<\/p>\n<p>Finalmente, las hermanas agradecieron la predisposici\u00f3n del Vicegobernador que siempre \u201ccolabora con nosotras en lo que necesitamos\u201d, concluyeron.<\/p>\n<p>&nbsp;<\/p>\n<p>&nbsp;<\/p>\n\n\t\t<style type=\"text\/css\">\n\t\t\t#gallery-1 {\n\t\t\t\tmargin: auto;\n\t\t\t}\n\t\t\t#gallery-1 .gallery-item {\n\t\t\t\tfloat: left;\n\t\t\t\tmargin-top: 10px;\n\t\t\t\ttext-align: center;\n\t\t\t\twidth: 100%;\n\t\t\t}\n\t\t\t#gallery-1 img {\n\t\t\t\tborder: 2px solid #cfcfcf;\n\t\t\t}\n\t\t\t#gallery-1 .gallery-caption {\n\t\t\t\tmargin-left: 0;\n\t\t\t}\n\t\t\t\/* see gallery_shortcode() in wp-includes\/media.php *\/\n\t\t<\/style>\n\t\t<div data-carousel-extra='{\"blog_id\":1,\"permalink\":\"https:\\\/\\\/www.legistdf.gob.ar\\\/index.php\\\/2018\\\/10\\\/30\\\/sociedad-la-legislatura-recibio-la-imagen-de-la-madre-serafina\\\/\"}' id='gallery-1' class='gallery galleryid-10560 gallery-columns-1 gallery-size-thumbnail'><dl class='gallery-item'>\n\t\t\t<dt class='gallery-icon landscape'>\n\t\t\t\t<a href='https:\/\/www.legistdf.gob.ar\/index.php\/2018\/10\/30\/sociedad-la-legislatura-recibio-la-imagen-de-la-madre-serafina\/monjas\/'><img loading=\"lazy\" decoding=\"async\" width=\"150\" height=\"150\" src=\"https:\/\/www.legistdf.gob.ar\/wp-content\/uploads\/2018\/10\/Monjas-150x150.jpg\" class=\"attachment-thumbnail size-thumbnail\" alt=\"\" srcset=\"https:\/\/www.legistdf.gob.ar\/wp-content\/uploads\/2018\/10\/Monjas-150x150.jpg 150w, https:\/\/www.legistdf.gob.ar\/wp-content\/uploads\/2018\/10\/Monjas-64x64.jpg 64w\" sizes=\"(max-width: 150px) 100vw, 150px\" data-attachment-id=\"10561\" data-permalink=\"https:\/\/www.legistdf.gob.ar\/index.php\/2018\/10\/30\/sociedad-la-legislatura-recibio-la-imagen-de-la-madre-serafina\/monjas\/\" data-orig-file=\"https:\/\/www.legistdf.gob.ar\/wp-content\/uploads\/2018\/10\/Monjas.jpg\" data-orig-size=\"1000,667\" data-comments-opened=\"0\" data-image-meta=\"{&quot;aperture&quot;:&quot;2.8&quot;,&quot;credit&quot;:&quot;&quot;,&quot;camera&quot;:&quot;Canon EOS 6D&quot;,&quot;caption&quot;:&quot;&quot;,&quot;created_timestamp&quot;:&quot;1540553064&quot;,&quot;copyright&quot;:&quot;&quot;,&quot;focal_length&quot;:&quot;28&quot;,&quot;iso&quot;:&quot;320&quot;,&quot;shutter_speed&quot;:&quot;0.033333333333333&quot;,&quot;title&quot;:&quot;&quot;,&quot;orientation&quot;:&quot;0&quot;}\" data-image-title=\"Monjas\" data-image-description=\"\" data-image-caption=\"\" data-medium-file=\"https:\/\/www.legistdf.gob.ar\/wp-content\/uploads\/2018\/10\/Monjas-300x200.jpg\" data-large-file=\"https:\/\/www.legistdf.gob.ar\/wp-content\/uploads\/2018\/10\/Monjas.jpg\" \/><\/a>\n\t\t\t<\/dt><\/dl><br style=\"clear: both\" \/>\n\t\t<\/div>\n\n","protected":false},"excerpt":{"rendered":"<p>&nbsp; Ushuaia, martes 30 de octubre de 2018.- Las hermanas Claudia y Mar\u00eda Elena, integrantes de la Congregaci\u00f3n Hermanas Clarisas Franciscanas Misioneras del Sant\u00edsimo Sacramento en Tierra del Fuego, mantuvieron un encuentro con el presidente del Poder Legislativo, vicegobernador Juan Carlos Arcando. All\u00ed, el titular de Parlamento recibi\u00f3 de manos de las religiosas un cuadro [&hellip;]<\/p>\n","protected":false},"author":352,"featured_media":10561,"comment_status":"closed","ping_status":"open","sticky":false,"template":"","format":"standard","meta":{"jetpack_post_was_ever_published":false,"_jetpack_newsletter_access":"","_jetpack_dont_email_post_to_subs":false,"_jetpack_newsletter_tier_id":0,"footnotes":"","jetpack_publicize_message":"","jetpack_publicize_feature_enabled":true,"jetpack_social_post_already_shared":true,"jetpack_social_options":{"image_generator_settings":{"template":"highway","enabled":false}}},"categories":[1],"tags":[746,751,747,97,748,750,749,752],"jetpack_publicize_connections":[],"jetpack_sharing_enabled":true,"jetpack_featured_media_url":"https:\/\/www.legistdf.gob.ar\/wp-content\/uploads\/2018\/10\/Monjas.jpg","jetpack-related-posts":[],"_links":{"self":[{"href":"https:\/\/www.legistdf.gob.ar\/index.php\/wp-json\/wp\/v2\/posts\/10560"}],"collection":[{"href":"https:\/\/www.legistdf.gob.ar\/index.php\/wp-json\/wp\/v2\/posts"}],"about":[{"href":"https:\/\/www.legistdf.gob.ar\/index.php\/wp-json\/wp\/v2\/types\/post"}],"author":[{"embeddable":true,"href":"https:\/\/www.legistdf.gob.ar\/index.php\/wp-json\/wp\/v2\/users\/352"}],"replies":[{"embeddable":true,"href":"https:\/\/www.legistdf.gob.ar\/index.php\/wp-json\/wp\/v2\/comments?post=10560"}],"version-history":[{"count":1,"href":"https:\/\/www.legistdf.gob.ar\/index.php\/wp-json\/wp\/v2\/posts\/10560\/revisions"}],"predecessor-version":[{"id":10562,"href":"https:\/\/www.legistdf.gob.ar\/index.php\/wp-json\/wp\/v2\/posts\/10560\/revisions\/10562"}],"wp:featuredmedia":[{"embeddable":true,"href":"https:\/\/www.legistdf.gob.ar\/index.php\/wp-json\/wp\/v2\/media\/10561"}],"wp:attachment":[{"href":"https:\/\/www.legistdf.gob.ar\/index.php\/wp-json\/wp\/v2\/media?parent=10560"}],"wp:term":[{"taxonomy":"category","embeddable":true,"href":"https:\/\/www.legistdf.gob.ar\/index.php\/wp-json\/wp\/v2\/categories?post=10560"},{"taxonomy":"post_tag","embeddable":true,"href":"https:\/\/www.legistdf.gob.ar\/index.php\/wp-json\/wp\/v2\/tags?post=10560"}],"curies":[{"name":"wp","href":"https:\/\/api.w.org\/{rel}","templated":true}]}}