{"id":10582,"date":"2018-10-30T14:28:20","date_gmt":"2018-10-30T17:28:20","guid":{"rendered":"http:\/\/www.legistdf.gob.ar\/?p=10582"},"modified":"2018-10-30T14:41:42","modified_gmt":"2018-10-30T17:41:42","slug":"educacion-este-programa-tiene-que-ver-con-la-empleabilidad-y-la-capacitacion-docente","status":"publish","type":"post","link":"https:\/\/www.legistdf.gob.ar\/index.php\/2018\/10\/30\/educacion-este-programa-tiene-que-ver-con-la-empleabilidad-y-la-capacitacion-docente\/","title":{"rendered":"EDUCACI\u00d3N: \u201cEste programa tiene que ver con la empleabilidad y la capacitaci\u00f3n docente\u201d"},"content":{"rendered":"<p><strong>Ushuaia, martes 30 de octubre de 2018.- La Fundaci\u00f3n Telef\u00f3nica Movistar lleg\u00f3 la Provincia con la muestra \u201cNikola Tesla. Inventor\u00a0 del Siglo XXI\u201d como parte de la gira educativa \u201cDespertando ideas se despierta el futuro\u201d, que incluye visitas guiadas, talleres tecnol\u00f3gicos y experiencias para familias e instituciones educativas. La exposici\u00f3n \u201cNikola Tesla. Inventor del siglo XXI\u201d, cuenta con la colaboraci\u00f3n del Museo Tesla de Belgrado, propone un recorrido por el espacio y el tiempo habitados por el genial inventor. El Parlamento fueguino, en cabeza de la legisladora Andrea Freites, promueve y acompa\u00f1a la realizaci\u00f3n de la muestra.<\/strong><\/p>\n<p>&nbsp;<\/p>\n<p>La legisladora Andrea Freites dijo ayer en la inauguraci\u00f3n de la muestra, \u201cmuy contenta, inaugurando esta muestra tan importante. Hace aproximadamente un mes y medio que fuimos a Fundaci\u00f3n Telef\u00f3nica con la gobernadora Dra. Rosana Bertone; busc\u00e1bamos en principio firmar un acuerdo marco para poder trabajar con ellos, que tiene adem\u00e1s de esta muestra que es muy interesante, capacitaciones que tienen que ver con la empleabilidad y trabajar la capacitaci\u00f3n docente\u201d.<\/p>\n<p>&nbsp;<\/p>\n<p>\u201cFuimos muy bien recibidas por la Fundaci\u00f3n Telef\u00f3nica y nos ofrecieron seguir adelante y poder acordar este convenio, que le da el marco al programa educativo con esta muestra y a los dem\u00e1s programas que vamos a llevar adelante el a\u00f1o pr\u00f3ximo\u201d, adelant\u00f3 Freites.<\/p>\n<p>&nbsp;<\/p>\n<p>\u201cQuiero agradecer en primer t\u00e9rmino a Fundaci\u00f3n Telef\u00f3nica, que en tiempo record logr\u00f3 que hoy inauguremos la muestra de Nikola Tesla en la Provincia; al municipio de Ushuaia, que no tuvo ning\u00fan inconveniente en acompa\u00f1ar la propuesta; a la Gobernadora Dra. Rosana Bertone, que desde que le plante\u00e9 esta iniciativa, se comprometi\u00f3 a concretarla\u201d, dijo la referente del bloque del FPV \u2013 PJ.<\/p>\n<p>&nbsp;<\/p>\n<p>En otro orden, la Legisladora agradeci\u00f3 la posici\u00f3n de Serbia respecto de la Cuesti\u00f3n Malvinas. Serbia, al no formar parte de la Uni\u00f3n Europea, ha manifestado constantemente su apoyo para con la posici\u00f3n Argentina, fundado en el respeto al principio de integridad territorial de los Estados. En este punto es dable recordar que en ese pa\u00eds europeo, la denominaci\u00f3n que se da al archipi\u00e9lago fueguino, se corresponde al top\u00f3nimo oficial. Es decir Malvinas.<\/p>\n<p>&nbsp;<\/p>\n<p>Por \u00faltimo, la legisladora Andrea Freites, quien fue la promotora y el nexo entre la Fundaci\u00f3n y el Gobierno de la Provincia para la firma del convenio que tiene como objetivo promover la formaci\u00f3n virtual, cultural y de empleabilidad, dej\u00f3 formalmente inaugurada la muestra \u201cNicola Tesla. Inventor del siglo XXI\u201d.<\/p>\n<p>&nbsp;<\/p>\n<p>Luego, el gerente de la Fundaci\u00f3n Telef\u00f3nica Movistar, Gustavo Blanco Garc\u00eda Ordas, agradeci\u00f3 \u201cla presencia de la Legisladora y presidente de la Comisi\u00f3n de Educaci\u00f3n, profesora Andrea Freites, con cuya colaboraci\u00f3n y compromiso llevamos adelante este proyecto\u201d.<\/p>\n<p>&nbsp;<\/p>\n<p>\u201cHoy cumplimos con un sue\u00f1o, traer la propuesta educativa de Fundaci\u00f3n Telef\u00f3nica Movistar a Tierra del Fuego y complementarla con un acuerdo de colaboraci\u00f3n entre el Gobierno y Fundaci\u00f3n, que nos permitir\u00e1 ofrecer experiencias de formaci\u00f3n tecnol\u00f3gica y habilidades de empleabilidad para docentes y j\u00f3venes\u201d, asegur\u00f3 Blanco.<\/p>\n<p>&nbsp;<\/p>\n<p>En ese sentido, continu\u00f3: \u201cCelebramos la llegada de Nikola Tesla al Fin del Mundo, una exposici\u00f3n internacional que ha sido visitada por m\u00e1s de un mill\u00f3n de personas, y nos invita a conocer los inventos de una de las personalidades m\u00e1s importantes del siglo XX, un adelantado, que construy\u00f3 y molde\u00f3 sus inventos tal como los conocemos hoy\u201d, cerr\u00f3.<\/p>\n<p>&nbsp;<\/p>\n<p>Por su parte, la embajadora de la Rep\u00fablica de Serbia Jela Bacovic, dijo que \u201cparticipar en la muestra de Tesla es para m\u00ed algo muy especial, muy interesante. Consideramos a Fundaci\u00f3n Telef\u00f3nica como uno de los m\u00e1s importantes colaboradores de los museos, para trasladar y transmitir la personalidad, ciencia y conocimiento, relacionado con Nikola Tesla\u201d.<\/p>\n<p>&nbsp;<\/p>\n<p>La Embajadora afirm\u00f3 que \u201cdesde m\u00ed punto de vista, Tesla pertenece a todos, no pertenece a ning\u00fan pueblo en particular, su origen es conocido, pero no hace falta mencionarlo, estamos muy orgullosos de tener una cercan\u00eda muy fuerte con \u00e9l\u201d.<\/p>\n<p>&nbsp;<\/p>\n<p>Por \u00faltimo, la docente Vanina S\u00e1nchez de la Escuela N\u00b0 15, coment\u00f3 a Prensa Legislativa que \u201cvinimos con chicos de 3\u00ba a\u00f1o de EGB 1, con los que estamos trabajando rob\u00f3tica en la escuela, los chicos est\u00e1n fascinados. Primero escucharon sobre Tesla, que no lo conoc\u00edan y despu\u00e9s visitaron el laboratorio con la actividad que propon\u00edan. Luego pudieron manipular y practicar con algo totalmente nuevo para ellos\u201d, se\u00f1al\u00f3.<\/p>\n<p>&nbsp;<\/p>\n<p>El grupo, de 29 alumnos y sus docentes, fue uno de los primeros que concurri\u00f3 a visitar la muestra. Los chicos pudieron as\u00ed disfrutar de experiencias de laboratorio inspiradas en los inventos de Nikola Tesla.<\/p>\n<p>&nbsp;<\/p>\n<p>Aparte de las visitas guiadas en los horarios establecidos, la muestra ofrece tambi\u00e9n:<\/p>\n<p>&nbsp;<\/p>\n<p>&#8211; Taller Comunidades Rob\u00f3ticas:\u00a0Destinado a escuelas y familias.\u00a0Partiendo de conceptos sobre rob\u00f3tica, el taller tiene como objetivo incentivar las capacidades creativas diversas de cada uno de los estudiantes. Un espacio donde se libere el desarrollo creativo personalizado, fomentando el conocimiento y la apropiaci\u00f3n cr\u00edtica de las herramientas tecnol\u00f3gicas.<\/p>\n<p>&nbsp;<\/p>\n<p>&#8211; Taller Rob\u00f3tica Alternativa:\u00a0Destinado a escuelas y familias.\u00a0El taller tiene como objetivo introducir a los ni\u00f1os en la comprensi\u00f3n y autoproducci\u00f3n de objetos rob\u00f3ticos a partir de la utilizaci\u00f3n de diferentes materialidades y objetos de uso cotidiano. Consta de la realizaci\u00f3n de una actividad de creaci\u00f3n y construcci\u00f3n de una comunidad rob\u00f3tica a partir de la utilizaci\u00f3n de componentes de electr\u00f3nica b\u00e1sica como leds, motores y sensores.<\/p>\n<p>&nbsp;<\/p>\n<p>La muestra permanecer\u00e1 en Ushuaia hasta el 13 de noviembre en el foyer de la Casa de la Cultura. Luego, se trasladar\u00e1 al Centro Cultural Yaganes de R\u00edo Grande, desde el 20 de noviembre al 5 de diciembre. Los establecimientos educativos podr\u00e1n visitarla de lunes a viernes de 9 a 15 h. Para el p\u00fablico en general, las puertas estar\u00e1n abiertas de lunes a s\u00e1bados de 15 a 19 h, en ambas ciudades.<\/p>\n<p>&nbsp;<\/p>\n<p>Del acto inaugural, participaron adem\u00e1s, el ministro de Educaci\u00f3n, Diego Romero; funcionarios provinciales y municipales; autoridades de la empresa Telef\u00f3nica Movistar, invitados especiales y vecinos.<\/p>\n<p>[youtube https:\/\/www.youtube.com\/watch?v=JpMYYtkwN18?rel=0&#038;w=853&#038;h=480]<\/p>\n<p>Galer\u00eda de im\u00e1genes:\u00a0<a href=\"https:\/\/flic.kr\/s\/aHsmkZMguo\">https:\/\/flic.kr\/s\/aHsmkZMguo<\/a><\/p>\n\n\t\t<style type=\"text\/css\">\n\t\t\t#gallery-1 {\n\t\t\t\tmargin: auto;\n\t\t\t}\n\t\t\t#gallery-1 .gallery-item {\n\t\t\t\tfloat: left;\n\t\t\t\tmargin-top: 10px;\n\t\t\t\ttext-align: center;\n\t\t\t\twidth: 33%;\n\t\t\t}\n\t\t\t#gallery-1 img {\n\t\t\t\tborder: 2px solid #cfcfcf;\n\t\t\t}\n\t\t\t#gallery-1 .gallery-caption {\n\t\t\t\tmargin-left: 0;\n\t\t\t}\n\t\t\t\/* see gallery_shortcode() in wp-includes\/media.php *\/\n\t\t<\/style>\n\t\t<div data-carousel-extra='{\"blog_id\":1,\"permalink\":\"https:\\\/\\\/www.legistdf.gob.ar\\\/index.php\\\/2018\\\/10\\\/30\\\/educacion-este-programa-tiene-que-ver-con-la-empleabilidad-y-la-capacitacion-docente\\\/\"}' id='gallery-1' class='gallery galleryid-10582 gallery-columns-3 gallery-size-thumbnail'><dl class='gallery-item'>\n\t\t\t<dt class='gallery-icon landscape'>\n\t\t\t\t<a href='https:\/\/www.legistdf.gob.ar\/index.php\/2018\/10\/30\/educacion-este-programa-tiene-que-ver-con-la-empleabilidad-y-la-capacitacion-docente\/img_6552-2\/'><img loading=\"lazy\" decoding=\"async\" width=\"150\" height=\"150\" src=\"https:\/\/www.legistdf.gob.ar\/wp-content\/uploads\/2018\/10\/IMG_6552-1-150x150.jpg\" class=\"attachment-thumbnail size-thumbnail\" alt=\"\" srcset=\"https:\/\/www.legistdf.gob.ar\/wp-content\/uploads\/2018\/10\/IMG_6552-1-150x150.jpg 150w, https:\/\/www.legistdf.gob.ar\/wp-content\/uploads\/2018\/10\/IMG_6552-1-64x64.jpg 64w\" sizes=\"(max-width: 150px) 100vw, 150px\" data-attachment-id=\"10583\" data-permalink=\"https:\/\/www.legistdf.gob.ar\/index.php\/2018\/10\/30\/educacion-este-programa-tiene-que-ver-con-la-empleabilidad-y-la-capacitacion-docente\/img_6552-2\/\" data-orig-file=\"https:\/\/www.legistdf.gob.ar\/wp-content\/uploads\/2018\/10\/IMG_6552-1.jpg\" data-orig-size=\"1000,667\" data-comments-opened=\"0\" data-image-meta=\"{&quot;aperture&quot;:&quot;3.5&quot;,&quot;credit&quot;:&quot;PrensaLegislativa2015&quot;,&quot;camera&quot;:&quot;Canon EOS 70D&quot;,&quot;caption&quot;:&quot;&quot;,&quot;created_timestamp&quot;:&quot;1540789190&quot;,&quot;copyright&quot;:&quot;&quot;,&quot;focal_length&quot;:&quot;11&quot;,&quot;iso&quot;:&quot;800&quot;,&quot;shutter_speed&quot;:&quot;0.033333333333333&quot;,&quot;title&quot;:&quot;&quot;,&quot;orientation&quot;:&quot;1&quot;}\" data-image-title=\"IMG_6552\" data-image-description=\"\" data-image-caption=\"\" data-medium-file=\"https:\/\/www.legistdf.gob.ar\/wp-content\/uploads\/2018\/10\/IMG_6552-1-300x200.jpg\" data-large-file=\"https:\/\/www.legistdf.gob.ar\/wp-content\/uploads\/2018\/10\/IMG_6552-1.jpg\" \/><\/a>\n\t\t\t<\/dt><\/dl><dl class='gallery-item'>\n\t\t\t<dt class='gallery-icon landscape'>\n\t\t\t\t<a href='https:\/\/www.legistdf.gob.ar\/index.php\/2018\/10\/30\/educacion-este-programa-tiene-que-ver-con-la-empleabilidad-y-la-capacitacion-docente\/img_6691\/'><img loading=\"lazy\" decoding=\"async\" width=\"150\" height=\"150\" src=\"https:\/\/www.legistdf.gob.ar\/wp-content\/uploads\/2018\/10\/IMG_6691-150x150.jpg\" class=\"attachment-thumbnail size-thumbnail\" alt=\"\" srcset=\"https:\/\/www.legistdf.gob.ar\/wp-content\/uploads\/2018\/10\/IMG_6691-150x150.jpg 150w, https:\/\/www.legistdf.gob.ar\/wp-content\/uploads\/2018\/10\/IMG_6691-64x64.jpg 64w\" sizes=\"(max-width: 150px) 100vw, 150px\" data-attachment-id=\"10584\" data-permalink=\"https:\/\/www.legistdf.gob.ar\/index.php\/2018\/10\/30\/educacion-este-programa-tiene-que-ver-con-la-empleabilidad-y-la-capacitacion-docente\/img_6691\/\" data-orig-file=\"https:\/\/www.legistdf.gob.ar\/wp-content\/uploads\/2018\/10\/IMG_6691.jpg\" data-orig-size=\"1000,667\" data-comments-opened=\"0\" data-image-meta=\"{&quot;aperture&quot;:&quot;3.5&quot;,&quot;credit&quot;:&quot;PrensaLegislativa2015&quot;,&quot;camera&quot;:&quot;Canon EOS 70D&quot;,&quot;caption&quot;:&quot;&quot;,&quot;created_timestamp&quot;:&quot;1540795356&quot;,&quot;copyright&quot;:&quot;&quot;,&quot;focal_length&quot;:&quot;18&quot;,&quot;iso&quot;:&quot;125&quot;,&quot;shutter_speed&quot;:&quot;0.033333333333333&quot;,&quot;title&quot;:&quot;&quot;,&quot;orientation&quot;:&quot;1&quot;}\" data-image-title=\"IMG_6691\" data-image-description=\"\" data-image-caption=\"\" data-medium-file=\"https:\/\/www.legistdf.gob.ar\/wp-content\/uploads\/2018\/10\/IMG_6691-300x200.jpg\" data-large-file=\"https:\/\/www.legistdf.gob.ar\/wp-content\/uploads\/2018\/10\/IMG_6691.jpg\" \/><\/a>\n\t\t\t<\/dt><\/dl>\n\t\t\t<br style='clear: both' \/>\n\t\t<\/div>\n\n","protected":false},"excerpt":{"rendered":"<p>Ushuaia, martes 30 de octubre de 2018.- La Fundaci\u00f3n Telef\u00f3nica Movistar lleg\u00f3 la Provincia con la muestra \u201cNikola Tesla. Inventor\u00a0 del Siglo XXI\u201d como parte de la gira educativa \u201cDespertando ideas se despierta el futuro\u201d, que incluye visitas guiadas, talleres tecnol\u00f3gicos y experiencias para familias e instituciones educativas. La exposici\u00f3n \u201cNikola Tesla. Inventor del siglo [&hellip;]<\/p>\n","protected":false},"author":352,"featured_media":10583,"comment_status":"closed","ping_status":"open","sticky":false,"template":"","format":"standard","meta":{"jetpack_post_was_ever_published":false,"_jetpack_newsletter_access":"","_jetpack_dont_email_post_to_subs":false,"_jetpack_newsletter_tier_id":0,"footnotes":"","jetpack_publicize_message":"","jetpack_publicize_feature_enabled":true,"jetpack_social_post_already_shared":true,"jetpack_social_options":{"image_generator_settings":{"template":"highway","enabled":false}}},"categories":[1],"tags":[81,543,335,761,741,738,130,739],"jetpack_publicize_connections":[],"jetpack_sharing_enabled":true,"jetpack_featured_media_url":"https:\/\/www.legistdf.gob.ar\/wp-content\/uploads\/2018\/10\/IMG_6552-1.jpg","jetpack-related-posts":[],"_links":{"self":[{"href":"https:\/\/www.legistdf.gob.ar\/index.php\/wp-json\/wp\/v2\/posts\/10582"}],"collection":[{"href":"https:\/\/www.legistdf.gob.ar\/index.php\/wp-json\/wp\/v2\/posts"}],"about":[{"href":"https:\/\/www.legistdf.gob.ar\/index.php\/wp-json\/wp\/v2\/types\/post"}],"author":[{"embeddable":true,"href":"https:\/\/www.legistdf.gob.ar\/index.php\/wp-json\/wp\/v2\/users\/352"}],"replies":[{"embeddable":true,"href":"https:\/\/www.legistdf.gob.ar\/index.php\/wp-json\/wp\/v2\/comments?post=10582"}],"version-history":[{"count":3,"href":"https:\/\/www.legistdf.gob.ar\/index.php\/wp-json\/wp\/v2\/posts\/10582\/revisions"}],"predecessor-version":[{"id":10586,"href":"https:\/\/www.legistdf.gob.ar\/index.php\/wp-json\/wp\/v2\/posts\/10582\/revisions\/10586"}],"wp:featuredmedia":[{"embeddable":true,"href":"https:\/\/www.legistdf.gob.ar\/index.php\/wp-json\/wp\/v2\/media\/10583"}],"wp:attachment":[{"href":"https:\/\/www.legistdf.gob.ar\/index.php\/wp-json\/wp\/v2\/media?parent=10582"}],"wp:term":[{"taxonomy":"category","embeddable":true,"href":"https:\/\/www.legistdf.gob.ar\/index.php\/wp-json\/wp\/v2\/categories?post=10582"},{"taxonomy":"post_tag","embeddable":true,"href":"https:\/\/www.legistdf.gob.ar\/index.php\/wp-json\/wp\/v2\/tags?post=10582"}],"curies":[{"name":"wp","href":"https:\/\/api.w.org\/{rel}","templated":true}]}}