{"id":10768,"date":"2018-11-09T11:36:11","date_gmt":"2018-11-09T14:36:11","guid":{"rendered":"http:\/\/www.legistdf.gob.ar\/?p=10768"},"modified":"2018-11-09T11:36:11","modified_gmt":"2018-11-09T14:36:11","slug":"presupuesto-desde-desarrollo-social-informaron-considerable-aumento-de-beneficiarios-en-diferentes-programas","status":"publish","type":"post","link":"https:\/\/www.legistdf.gob.ar\/index.php\/2018\/11\/09\/presupuesto-desde-desarrollo-social-informaron-considerable-aumento-de-beneficiarios-en-diferentes-programas\/","title":{"rendered":"PRESUPUESTO: Desde Desarrollo Social informaron \u201cconsiderable aumento de beneficiarios en diferentes programas\u201d  \u00a0"},"content":{"rendered":"<p>&nbsp;<\/p>\n<p><strong>Ushuaia, viernes 9 de noviembre de 2018.- La Comisi\u00f3n de Econom\u00eda (2), presidida por el legislador Pablo Blanco (UCR \u2013 Cambiemos), recibi\u00f3 ayer por la tarde a la ministra de Desarrollo Social y su equipo t\u00e9cnico, para analizar junto a los Parlamentarios la ejecuci\u00f3n presupuestaria de lo que va del 2018, y las previsiones de esa cartera para el a\u00f1o pr\u00f3ximo. \u201cLuego de casi tres a\u00f1os de gesti\u00f3n, hemos cumplido nuestro objetivo principal, y hoy estamos presentes en la sociedad, en relaci\u00f3n a las cuestiones sociales, problem\u00e1ticas y a los programas de los que nosotros somos responsables\u201d, asegur\u00f3 Paula Gargiulo.<\/strong><\/p>\n<p><strong>\u00a0<\/strong><\/p>\n<p>Ante los Legisladores dijo que el Ministerio que conduce \u201csiempre tuvo las puertas abiertas, m\u00e1s all\u00e1 de todas las dificultades\u201d. Afirm\u00f3 que \u201clos programas de que disponemos, tanto de asistencia directa como los de dispositivos asistenciales, en esta realidad tan compleja en la que vivimos todos, han estado permanentemente abiertos y dando respuesta a la sociedad\u201d, explic\u00f3 la Ministra.<\/p>\n<p>&nbsp;<\/p>\n<p>En ese sentido, la titular de la cartera social afirm\u00f3 que\u00a0\u201chemos tenido un considerable aumento de beneficiarios en diferentes programas, lo que requiri\u00f3 un aumento exponencial de recursos para poder cumplir la demanda y asistir a todas estas familias que se acercaron a nosotros\u201d.<\/p>\n<p>&nbsp;<\/p>\n<p>\u201cTenemos diferentes programas de ayuda y los nuevos que hemos creado, a partir de las necesidades de los vecinos, adem\u00e1s de los fondos permanentes que cubren la demanda espont\u00e1nea que nos pueda presentar una familia\u201d, confirm\u00f3 la Ministra.<\/p>\n<p>&nbsp;<\/p>\n\n\t\t<style type=\"text\/css\">\n\t\t\t#gallery-1 {\n\t\t\t\tmargin: auto;\n\t\t\t}\n\t\t\t#gallery-1 .gallery-item {\n\t\t\t\tfloat: left;\n\t\t\t\tmargin-top: 10px;\n\t\t\t\ttext-align: center;\n\t\t\t\twidth: 33%;\n\t\t\t}\n\t\t\t#gallery-1 img {\n\t\t\t\tborder: 2px solid #cfcfcf;\n\t\t\t}\n\t\t\t#gallery-1 .gallery-caption {\n\t\t\t\tmargin-left: 0;\n\t\t\t}\n\t\t\t\/* see gallery_shortcode() in wp-includes\/media.php *\/\n\t\t<\/style>\n\t\t<div data-carousel-extra='{\"blog_id\":1,\"permalink\":\"https:\\\/\\\/www.legistdf.gob.ar\\\/index.php\\\/2018\\\/11\\\/09\\\/presupuesto-desde-desarrollo-social-informaron-considerable-aumento-de-beneficiarios-en-diferentes-programas\\\/\"}' id='gallery-1' class='gallery galleryid-10768 gallery-columns-3 gallery-size-thumbnail'><dl class='gallery-item'>\n\t\t\t<dt class='gallery-icon landscape'>\n\t\t\t\t<a href='https:\/\/www.legistdf.gob.ar\/index.php\/2018\/11\/09\/presupuesto-desde-desarrollo-social-informaron-considerable-aumento-de-beneficiarios-en-diferentes-programas\/img_7019\/'><img loading=\"lazy\" decoding=\"async\" width=\"150\" height=\"150\" src=\"https:\/\/www.legistdf.gob.ar\/wp-content\/uploads\/2018\/11\/IMG_7019-150x150.jpg\" class=\"attachment-thumbnail size-thumbnail\" alt=\"\" srcset=\"https:\/\/www.legistdf.gob.ar\/wp-content\/uploads\/2018\/11\/IMG_7019-150x150.jpg 150w, https:\/\/www.legistdf.gob.ar\/wp-content\/uploads\/2018\/11\/IMG_7019-64x64.jpg 64w\" sizes=\"(max-width: 150px) 100vw, 150px\" data-attachment-id=\"10769\" data-permalink=\"https:\/\/www.legistdf.gob.ar\/index.php\/2018\/11\/09\/presupuesto-desde-desarrollo-social-informaron-considerable-aumento-de-beneficiarios-en-diferentes-programas\/img_7019\/\" data-orig-file=\"https:\/\/www.legistdf.gob.ar\/wp-content\/uploads\/2018\/11\/IMG_7019.jpg\" data-orig-size=\"1500,1000\" data-comments-opened=\"0\" data-image-meta=\"{&quot;aperture&quot;:&quot;5.6&quot;,&quot;credit&quot;:&quot;&quot;,&quot;camera&quot;:&quot;Canon EOS 6D&quot;,&quot;caption&quot;:&quot;&quot;,&quot;created_timestamp&quot;:&quot;1541665320&quot;,&quot;copyright&quot;:&quot;&quot;,&quot;focal_length&quot;:&quot;28&quot;,&quot;iso&quot;:&quot;250&quot;,&quot;shutter_speed&quot;:&quot;0.01&quot;,&quot;title&quot;:&quot;&quot;,&quot;orientation&quot;:&quot;0&quot;}\" data-image-title=\"IMG_7019\" data-image-description=\"\" data-image-caption=\"\" data-medium-file=\"https:\/\/www.legistdf.gob.ar\/wp-content\/uploads\/2018\/11\/IMG_7019-300x200.jpg\" data-large-file=\"https:\/\/www.legistdf.gob.ar\/wp-content\/uploads\/2018\/11\/IMG_7019-1024x683.jpg\" \/><\/a>\n\t\t\t<\/dt><\/dl><dl class='gallery-item'>\n\t\t\t<dt class='gallery-icon landscape'>\n\t\t\t\t<a href='https:\/\/www.legistdf.gob.ar\/index.php\/2018\/11\/09\/presupuesto-desde-desarrollo-social-informaron-considerable-aumento-de-beneficiarios-en-diferentes-programas\/img_7021\/'><img loading=\"lazy\" decoding=\"async\" width=\"150\" height=\"150\" src=\"https:\/\/www.legistdf.gob.ar\/wp-content\/uploads\/2018\/11\/IMG_7021-150x150.jpg\" class=\"attachment-thumbnail size-thumbnail\" alt=\"\" srcset=\"https:\/\/www.legistdf.gob.ar\/wp-content\/uploads\/2018\/11\/IMG_7021-150x150.jpg 150w, https:\/\/www.legistdf.gob.ar\/wp-content\/uploads\/2018\/11\/IMG_7021-64x64.jpg 64w\" sizes=\"(max-width: 150px) 100vw, 150px\" data-attachment-id=\"10770\" data-permalink=\"https:\/\/www.legistdf.gob.ar\/index.php\/2018\/11\/09\/presupuesto-desde-desarrollo-social-informaron-considerable-aumento-de-beneficiarios-en-diferentes-programas\/img_7021\/\" data-orig-file=\"https:\/\/www.legistdf.gob.ar\/wp-content\/uploads\/2018\/11\/IMG_7021.jpg\" data-orig-size=\"1500,1000\" data-comments-opened=\"0\" data-image-meta=\"{&quot;aperture&quot;:&quot;5.6&quot;,&quot;credit&quot;:&quot;&quot;,&quot;camera&quot;:&quot;Canon EOS 6D&quot;,&quot;caption&quot;:&quot;&quot;,&quot;created_timestamp&quot;:&quot;1541665356&quot;,&quot;copyright&quot;:&quot;&quot;,&quot;focal_length&quot;:&quot;70&quot;,&quot;iso&quot;:&quot;250&quot;,&quot;shutter_speed&quot;:&quot;0.01&quot;,&quot;title&quot;:&quot;&quot;,&quot;orientation&quot;:&quot;0&quot;}\" data-image-title=\"IMG_7021\" data-image-description=\"\" data-image-caption=\"\" data-medium-file=\"https:\/\/www.legistdf.gob.ar\/wp-content\/uploads\/2018\/11\/IMG_7021-300x200.jpg\" data-large-file=\"https:\/\/www.legistdf.gob.ar\/wp-content\/uploads\/2018\/11\/IMG_7021-1024x683.jpg\" \/><\/a>\n\t\t\t<\/dt><\/dl><dl class='gallery-item'>\n\t\t\t<dt class='gallery-icon landscape'>\n\t\t\t\t<a href='https:\/\/www.legistdf.gob.ar\/index.php\/2018\/11\/09\/presupuesto-desde-desarrollo-social-informaron-considerable-aumento-de-beneficiarios-en-diferentes-programas\/img_7023\/'><img loading=\"lazy\" decoding=\"async\" width=\"150\" height=\"150\" src=\"https:\/\/www.legistdf.gob.ar\/wp-content\/uploads\/2018\/11\/IMG_7023-150x150.jpg\" class=\"attachment-thumbnail size-thumbnail\" alt=\"\" srcset=\"https:\/\/www.legistdf.gob.ar\/wp-content\/uploads\/2018\/11\/IMG_7023-150x150.jpg 150w, https:\/\/www.legistdf.gob.ar\/wp-content\/uploads\/2018\/11\/IMG_7023-64x64.jpg 64w\" sizes=\"(max-width: 150px) 100vw, 150px\" data-attachment-id=\"10771\" data-permalink=\"https:\/\/www.legistdf.gob.ar\/index.php\/2018\/11\/09\/presupuesto-desde-desarrollo-social-informaron-considerable-aumento-de-beneficiarios-en-diferentes-programas\/img_7023\/\" data-orig-file=\"https:\/\/www.legistdf.gob.ar\/wp-content\/uploads\/2018\/11\/IMG_7023.jpg\" data-orig-size=\"1500,1000\" data-comments-opened=\"0\" data-image-meta=\"{&quot;aperture&quot;:&quot;5.6&quot;,&quot;credit&quot;:&quot;&quot;,&quot;camera&quot;:&quot;Canon EOS 6D&quot;,&quot;caption&quot;:&quot;&quot;,&quot;created_timestamp&quot;:&quot;1541665392&quot;,&quot;copyright&quot;:&quot;&quot;,&quot;focal_length&quot;:&quot;24&quot;,&quot;iso&quot;:&quot;250&quot;,&quot;shutter_speed&quot;:&quot;0.01&quot;,&quot;title&quot;:&quot;&quot;,&quot;orientation&quot;:&quot;0&quot;}\" data-image-title=\"IMG_7023\" data-image-description=\"\" data-image-caption=\"\" data-medium-file=\"https:\/\/www.legistdf.gob.ar\/wp-content\/uploads\/2018\/11\/IMG_7023-300x200.jpg\" data-large-file=\"https:\/\/www.legistdf.gob.ar\/wp-content\/uploads\/2018\/11\/IMG_7023-1024x683.jpg\" \/><\/a>\n\t\t\t<\/dt><\/dl><br style=\"clear: both\" \/><dl class='gallery-item'>\n\t\t\t<dt class='gallery-icon landscape'>\n\t\t\t\t<a href='https:\/\/www.legistdf.gob.ar\/index.php\/2018\/11\/09\/presupuesto-desde-desarrollo-social-informaron-considerable-aumento-de-beneficiarios-en-diferentes-programas\/img_7050\/'><img loading=\"lazy\" decoding=\"async\" width=\"150\" height=\"150\" src=\"https:\/\/www.legistdf.gob.ar\/wp-content\/uploads\/2018\/11\/IMG_7050-150x150.jpg\" class=\"attachment-thumbnail size-thumbnail\" alt=\"\" srcset=\"https:\/\/www.legistdf.gob.ar\/wp-content\/uploads\/2018\/11\/IMG_7050-150x150.jpg 150w, https:\/\/www.legistdf.gob.ar\/wp-content\/uploads\/2018\/11\/IMG_7050-64x64.jpg 64w\" sizes=\"(max-width: 150px) 100vw, 150px\" data-attachment-id=\"10772\" data-permalink=\"https:\/\/www.legistdf.gob.ar\/index.php\/2018\/11\/09\/presupuesto-desde-desarrollo-social-informaron-considerable-aumento-de-beneficiarios-en-diferentes-programas\/img_7050\/\" data-orig-file=\"https:\/\/www.legistdf.gob.ar\/wp-content\/uploads\/2018\/11\/IMG_7050.jpg\" data-orig-size=\"1500,1000\" data-comments-opened=\"0\" data-image-meta=\"{&quot;aperture&quot;:&quot;5.6&quot;,&quot;credit&quot;:&quot;&quot;,&quot;camera&quot;:&quot;Canon EOS 6D&quot;,&quot;caption&quot;:&quot;&quot;,&quot;created_timestamp&quot;:&quot;1541666669&quot;,&quot;copyright&quot;:&quot;&quot;,&quot;focal_length&quot;:&quot;70&quot;,&quot;iso&quot;:&quot;250&quot;,&quot;shutter_speed&quot;:&quot;0.0125&quot;,&quot;title&quot;:&quot;&quot;,&quot;orientation&quot;:&quot;0&quot;}\" data-image-title=\"IMG_7050\" data-image-description=\"\" data-image-caption=\"\" data-medium-file=\"https:\/\/www.legistdf.gob.ar\/wp-content\/uploads\/2018\/11\/IMG_7050-300x200.jpg\" data-large-file=\"https:\/\/www.legistdf.gob.ar\/wp-content\/uploads\/2018\/11\/IMG_7050-1024x683.jpg\" \/><\/a>\n\t\t\t<\/dt><\/dl><dl class='gallery-item'>\n\t\t\t<dt class='gallery-icon landscape'>\n\t\t\t\t<a href='https:\/\/www.legistdf.gob.ar\/index.php\/2018\/11\/09\/presupuesto-desde-desarrollo-social-informaron-considerable-aumento-de-beneficiarios-en-diferentes-programas\/img_7058\/'><img loading=\"lazy\" decoding=\"async\" width=\"150\" height=\"150\" src=\"https:\/\/www.legistdf.gob.ar\/wp-content\/uploads\/2018\/11\/IMG_7058-150x150.jpg\" class=\"attachment-thumbnail size-thumbnail\" alt=\"\" srcset=\"https:\/\/www.legistdf.gob.ar\/wp-content\/uploads\/2018\/11\/IMG_7058-150x150.jpg 150w, https:\/\/www.legistdf.gob.ar\/wp-content\/uploads\/2018\/11\/IMG_7058-64x64.jpg 64w\" sizes=\"(max-width: 150px) 100vw, 150px\" data-attachment-id=\"10773\" data-permalink=\"https:\/\/www.legistdf.gob.ar\/index.php\/2018\/11\/09\/presupuesto-desde-desarrollo-social-informaron-considerable-aumento-de-beneficiarios-en-diferentes-programas\/img_7058\/\" data-orig-file=\"https:\/\/www.legistdf.gob.ar\/wp-content\/uploads\/2018\/11\/IMG_7058.jpg\" data-orig-size=\"1500,1000\" data-comments-opened=\"0\" data-image-meta=\"{&quot;aperture&quot;:&quot;5.6&quot;,&quot;credit&quot;:&quot;&quot;,&quot;camera&quot;:&quot;Canon EOS 6D&quot;,&quot;caption&quot;:&quot;&quot;,&quot;created_timestamp&quot;:&quot;1541666982&quot;,&quot;copyright&quot;:&quot;&quot;,&quot;focal_length&quot;:&quot;57&quot;,&quot;iso&quot;:&quot;250&quot;,&quot;shutter_speed&quot;:&quot;0.0125&quot;,&quot;title&quot;:&quot;&quot;,&quot;orientation&quot;:&quot;0&quot;}\" data-image-title=\"IMG_7058\" data-image-description=\"\" data-image-caption=\"\" data-medium-file=\"https:\/\/www.legistdf.gob.ar\/wp-content\/uploads\/2018\/11\/IMG_7058-300x200.jpg\" data-large-file=\"https:\/\/www.legistdf.gob.ar\/wp-content\/uploads\/2018\/11\/IMG_7058-1024x683.jpg\" \/><\/a>\n\t\t\t<\/dt><\/dl>\n\t\t\t<br style='clear: both' \/>\n\t\t<\/div>\n\n<p><strong>\u00a0<\/strong><\/p>\n","protected":false},"excerpt":{"rendered":"<p>&nbsp; Ushuaia, viernes 9 de noviembre de 2018.- La Comisi\u00f3n de Econom\u00eda (2), presidida por el legislador Pablo Blanco (UCR \u2013 Cambiemos), recibi\u00f3 ayer por la tarde a la ministra de Desarrollo Social y su equipo t\u00e9cnico, para analizar junto a los Parlamentarios la ejecuci\u00f3n presupuestaria de lo que va del 2018, y las previsiones [&hellip;]<\/p>\n","protected":false},"author":352,"featured_media":10770,"comment_status":"closed","ping_status":"open","sticky":false,"template":"","format":"standard","meta":{"jetpack_post_was_ever_published":false,"_jetpack_newsletter_access":"","_jetpack_dont_email_post_to_subs":false,"_jetpack_newsletter_tier_id":0,"footnotes":"","jetpack_publicize_message":"","jetpack_publicize_feature_enabled":true,"jetpack_social_post_already_shared":true,"jetpack_social_options":{"image_generator_settings":{"template":"highway","enabled":false}}},"categories":[1],"tags":[789,538,790,83,788,86,351],"jetpack_publicize_connections":[],"jetpack_sharing_enabled":true,"jetpack_featured_media_url":"https:\/\/www.legistdf.gob.ar\/wp-content\/uploads\/2018\/11\/IMG_7021.jpg","jetpack-related-posts":[],"_links":{"self":[{"href":"https:\/\/www.legistdf.gob.ar\/index.php\/wp-json\/wp\/v2\/posts\/10768"}],"collection":[{"href":"https:\/\/www.legistdf.gob.ar\/index.php\/wp-json\/wp\/v2\/posts"}],"about":[{"href":"https:\/\/www.legistdf.gob.ar\/index.php\/wp-json\/wp\/v2\/types\/post"}],"author":[{"embeddable":true,"href":"https:\/\/www.legistdf.gob.ar\/index.php\/wp-json\/wp\/v2\/users\/352"}],"replies":[{"embeddable":true,"href":"https:\/\/www.legistdf.gob.ar\/index.php\/wp-json\/wp\/v2\/comments?post=10768"}],"version-history":[{"count":1,"href":"https:\/\/www.legistdf.gob.ar\/index.php\/wp-json\/wp\/v2\/posts\/10768\/revisions"}],"predecessor-version":[{"id":10774,"href":"https:\/\/www.legistdf.gob.ar\/index.php\/wp-json\/wp\/v2\/posts\/10768\/revisions\/10774"}],"wp:featuredmedia":[{"embeddable":true,"href":"https:\/\/www.legistdf.gob.ar\/index.php\/wp-json\/wp\/v2\/media\/10770"}],"wp:attachment":[{"href":"https:\/\/www.legistdf.gob.ar\/index.php\/wp-json\/wp\/v2\/media?parent=10768"}],"wp:term":[{"taxonomy":"category","embeddable":true,"href":"https:\/\/www.legistdf.gob.ar\/index.php\/wp-json\/wp\/v2\/categories?post=10768"},{"taxonomy":"post_tag","embeddable":true,"href":"https:\/\/www.legistdf.gob.ar\/index.php\/wp-json\/wp\/v2\/tags?post=10768"}],"curies":[{"name":"wp","href":"https:\/\/api.w.org\/{rel}","templated":true}]}}