{"id":10833,"date":"2018-11-20T13:54:15","date_gmt":"2018-11-20T16:54:15","guid":{"rendered":"http:\/\/www.legistdf.gob.ar\/?p=10833"},"modified":"2018-11-20T15:52:28","modified_gmt":"2018-11-20T18:52:28","slug":"comisiones-se-acordo-un-nuevo-encuentro-de-debate","status":"publish","type":"post","link":"https:\/\/www.legistdf.gob.ar\/index.php\/2018\/11\/20\/comisiones-se-acordo-un-nuevo-encuentro-de-debate\/","title":{"rendered":"COMISIONES: Se acord\u00f3 un nuevo encuentro de debate"},"content":{"rendered":"<p><strong>Ushuaia, martes 20 de noviembre de 2018.- La presidente de la Comisi\u00f3n de Legislaci\u00f3n General (1), Myriam Mart\u00ednez, convoc\u00f3 a sus pares para un encuentro el pr\u00f3ximo jueves 22 de noviembre a las 10 en el sal\u00f3n de comisiones de la Legislatura.<\/strong><\/p>\n<p>&nbsp;<\/p>\n<p>En el encuentro, se abordar\u00e1n los asuntos N\u00ba 154\/17 sobre R\u00e9gimen Provincial del Partidos Pol\u00edticos; 048\/18 proyecto sobre honorarios profesionales para abogados de la Provincia; 065\/18 proyecto sobre Acceso a la Informaci\u00f3n P\u00fablica; 141\/18 modificaci\u00f3n a la Ley provincial 561 R\u00e9gimen de Jubilaci\u00f3n y Pensiones para el personal de los tres poderes del Estado; 248\/18 modificaci\u00f3n a las Leyes provinciales 345,314 y 714 de bomberos voluntarios.<\/p>\n<p>&nbsp;<\/p>\n<p>Por \u00faltimo, se encuentra en agenda para su tratamiento, el asunto N\u00ba 193\/18 adhesi\u00f3n de la Provincia a la Ley nacional 27.351, sobre la tarifa especial para pacientes electrodependientes.<\/p>\n<p>&nbsp;<\/p>\n<p>Para el encuentro, se invit\u00f3 al Presidente del Colegio de Abogados de Ushuaia y Rio Grande; al secretario de medios, Pablo Cab\u00e1s; al ministro jefe de Gabinete, Leonardo Gorbacz; al presidente de la Caja de Previsi\u00f3n Social de la Provincia de Tierra del Fuego (CPSPTF) Rub\u00e9n Bahntje; al presidente de la Federaci\u00f3n de Bomberos Voluntarios de Tierra del Fuego, Horacio Galego; el secretario de protecci\u00f3n civil, Eduardo Barrientos; autoridades de los cuarteles de bomberos, el presidente de Energ\u00eda, Alejandro Ledesma y autoridades de la Cooperativa el\u00e9ctrica de R\u00edo Grande.<\/p>\n<p>&nbsp;<\/p>\n<p><img loading=\"lazy\" decoding=\"async\" data-attachment-id=\"10834\" data-permalink=\"https:\/\/www.legistdf.gob.ar\/index.php\/2018\/11\/20\/comisiones-se-acordo-un-nuevo-encuentro-de-debate\/img_4053-2\/\" data-orig-file=\"https:\/\/www.legistdf.gob.ar\/wp-content\/uploads\/2018\/11\/IMG_4053.jpg\" data-orig-size=\"1000,667\" data-comments-opened=\"0\" data-image-meta=\"{&quot;aperture&quot;:&quot;6.3&quot;,&quot;credit&quot;:&quot;&quot;,&quot;camera&quot;:&quot;Canon EOS 6D&quot;,&quot;caption&quot;:&quot;&quot;,&quot;created_timestamp&quot;:&quot;1537945331&quot;,&quot;copyright&quot;:&quot;&quot;,&quot;focal_length&quot;:&quot;24&quot;,&quot;iso&quot;:&quot;800&quot;,&quot;shutter_speed&quot;:&quot;0.0125&quot;,&quot;title&quot;:&quot;&quot;,&quot;orientation&quot;:&quot;0&quot;}\" data-image-title=\"IMG_4053\" data-image-description=\"\" data-image-caption=\"\" data-medium-file=\"https:\/\/www.legistdf.gob.ar\/wp-content\/uploads\/2018\/11\/IMG_4053-300x200.jpg\" data-large-file=\"https:\/\/www.legistdf.gob.ar\/wp-content\/uploads\/2018\/11\/IMG_4053.jpg\" class=\"aligncenter size-medium wp-image-10834\" src=\"http:\/\/www.legistdf.gob.ar\/wp-content\/uploads\/2018\/11\/IMG_4053-300x200.jpg\" alt=\"\" width=\"300\" height=\"200\" srcset=\"https:\/\/www.legistdf.gob.ar\/wp-content\/uploads\/2018\/11\/IMG_4053-300x200.jpg 300w, https:\/\/www.legistdf.gob.ar\/wp-content\/uploads\/2018\/11\/IMG_4053-768x512.jpg 768w, https:\/\/www.legistdf.gob.ar\/wp-content\/uploads\/2018\/11\/IMG_4053-160x107.jpg 160w, https:\/\/www.legistdf.gob.ar\/wp-content\/uploads\/2018\/11\/IMG_4053.jpg 1000w\" sizes=\"(max-width: 300px) 100vw, 300px\" \/><\/p>\n","protected":false},"excerpt":{"rendered":"<p>Ushuaia, martes 20 de noviembre de 2018.- La presidente de la Comisi\u00f3n de Legislaci\u00f3n General (1), Myriam Mart\u00ednez, convoc\u00f3 a sus pares para un encuentro el pr\u00f3ximo jueves 22 de noviembre a las 10 en el sal\u00f3n de comisiones de la Legislatura. &nbsp; En el encuentro, se abordar\u00e1n los asuntos N\u00ba 154\/17 sobre R\u00e9gimen Provincial [&hellip;]<\/p>\n","protected":false},"author":352,"featured_media":10834,"comment_status":"closed","ping_status":"open","sticky":false,"template":"","format":"standard","meta":{"jetpack_post_was_ever_published":false,"_jetpack_newsletter_access":"","_jetpack_dont_email_post_to_subs":false,"_jetpack_newsletter_tier_id":0,"footnotes":"","jetpack_publicize_message":"","jetpack_publicize_feature_enabled":true,"jetpack_social_post_already_shared":true,"jetpack_social_options":{"image_generator_settings":{"template":"highway","enabled":false}}},"categories":[1],"tags":[],"jetpack_publicize_connections":[],"jetpack_sharing_enabled":true,"jetpack_featured_media_url":"https:\/\/www.legistdf.gob.ar\/wp-content\/uploads\/2018\/11\/IMG_4053.jpg","jetpack-related-posts":[],"_links":{"self":[{"href":"https:\/\/www.legistdf.gob.ar\/index.php\/wp-json\/wp\/v2\/posts\/10833"}],"collection":[{"href":"https:\/\/www.legistdf.gob.ar\/index.php\/wp-json\/wp\/v2\/posts"}],"about":[{"href":"https:\/\/www.legistdf.gob.ar\/index.php\/wp-json\/wp\/v2\/types\/post"}],"author":[{"embeddable":true,"href":"https:\/\/www.legistdf.gob.ar\/index.php\/wp-json\/wp\/v2\/users\/352"}],"replies":[{"embeddable":true,"href":"https:\/\/www.legistdf.gob.ar\/index.php\/wp-json\/wp\/v2\/comments?post=10833"}],"version-history":[{"count":2,"href":"https:\/\/www.legistdf.gob.ar\/index.php\/wp-json\/wp\/v2\/posts\/10833\/revisions"}],"predecessor-version":[{"id":10846,"href":"https:\/\/www.legistdf.gob.ar\/index.php\/wp-json\/wp\/v2\/posts\/10833\/revisions\/10846"}],"wp:featuredmedia":[{"embeddable":true,"href":"https:\/\/www.legistdf.gob.ar\/index.php\/wp-json\/wp\/v2\/media\/10834"}],"wp:attachment":[{"href":"https:\/\/www.legistdf.gob.ar\/index.php\/wp-json\/wp\/v2\/media?parent=10833"}],"wp:term":[{"taxonomy":"category","embeddable":true,"href":"https:\/\/www.legistdf.gob.ar\/index.php\/wp-json\/wp\/v2\/categories?post=10833"},{"taxonomy":"post_tag","embeddable":true,"href":"https:\/\/www.legistdf.gob.ar\/index.php\/wp-json\/wp\/v2\/tags?post=10833"}],"curies":[{"name":"wp","href":"https:\/\/api.w.org\/{rel}","templated":true}]}}