{"id":10864,"date":"2018-11-21T19:03:27","date_gmt":"2018-11-21T22:03:27","guid":{"rendered":"http:\/\/www.legistdf.gob.ar\/?p=10864"},"modified":"2018-11-21T19:03:28","modified_gmt":"2018-11-21T22:03:28","slug":"sociedad-llego-a-rio-grande-la-muestra-nikola-tesla-inventor-del-siglo-xxi","status":"publish","type":"post","link":"https:\/\/www.legistdf.gob.ar\/index.php\/2018\/11\/21\/sociedad-llego-a-rio-grande-la-muestra-nikola-tesla-inventor-del-siglo-xxi\/","title":{"rendered":"SOCIEDAD: Lleg\u00f3 a R\u00edo Grande la muestra Nikola Tesla. Inventor del siglo XXI"},"content":{"rendered":"<p><strong>Ushuaia, mi\u00e9rcoles 21 de noviembre de 2018.- La muestra, que cuenta con la colaboraci\u00f3n del Museo de Tesla de Belgrado, propone un recorrido por el espacio y el tiempo habitados por el inventor. Las escuelas provinciales podr\u00e1n disfrutar de las actividades de lunes a viernes, dentro del horario escolar. <\/strong><\/p>\n<p>&nbsp;<\/p>\n<p>Son muchos los rostros de Tesla que la exposici\u00f3n quiere abarcar y, a trav\u00e9s del programa educativo; Despertando ideas se despierta el futuro; Fundaci\u00f3n Telef\u00f3nica Movistar, contempla una serie de actividades gratuitas destinadas a los diferentes p\u00fablicos.<\/p>\n<p>&nbsp;<\/p>\n<p>La exposici\u00f3n que ya recorri\u00f3 seis pa\u00edses, y que inici\u00f3 su visita a Tierra del Fuego en la ciudad de Ushuaia con un gran n\u00famero de concurrentes, propone un recorrido por sus descubrimientos, inventos, aportaciones y vaticinios permitieron el desarrollo de la civilizaci\u00f3n el\u00e9ctrica en la que todav\u00eda vivimos. Tesla concibi\u00f3 la corriente alterna y la radio, tambi\u00e9n fue pionero en tecnolog\u00edas visionarias para su \u00e9poca como la rob\u00f3tica, los aviones de despegue vertical, las armas teledirigidas, las l\u00e1mparas de bajo consumo, las energ\u00edas alternativas o la transmisi\u00f3n inal\u00e1mbrica de electricidad. Y sin embargo, tras caer en desgracia en los albores del siglo XX, muri\u00f3 y residi\u00f3 en el olvido hasta los albores de nuestro siglo XXI.<\/p>\n<p>&nbsp;<\/p>\n<p>La propuesta se complementa con una serie de actividades destinadas a los diferentes p\u00fablicos: visitas guiadas y educativas; talleres tecnol\u00f3gicos y experiencias para familias e instituciones educativas coordinadas por el Ministerio de Educaci\u00f3n de Tierra del Fuego, Ant\u00e1rtida e Islas del Atl\u00e1ntico Sur.<\/p>\n<p>&nbsp;<\/p>\n<p>Sobre esto \u00faltimo la legisladora Andrea Freites, quien particip\u00f3 activamente en impulsar este proyecto educativo destinado a la poblaci\u00f3n fueguina, destac\u00f3 que: \u201cEste acuerdo de colaboraci\u00f3n, entre el Gobierno de Tierra del Fuego, Ant\u00e1rtida e Islas del Atl\u00e1ntico Sur y la Fundaci\u00f3n Telef\u00f3nica de Argentina, signo de progreso, futuro y desarrollo, servir\u00e1 para consolidar y ampliar los contenidos y las herramientas educativas que promueven pr\u00e1cticas de ense\u00f1anzas innovadoras a trav\u00e9s de internet destinadas a fomentar la alfabetizaci\u00f3n digital de docentes, estudiantes y j\u00f3venes fueguinos\u201d.<\/p>\n<p>&nbsp;<\/p>\n<p>Las escuelas podr\u00e1n disfrutar estas experiencias de lunes a viernes, dentro del horario escolar, y las familias y el p\u00fablico en general podr\u00e1n hacerlo todos los d\u00edas desde las 15 a 19 hs.<\/p>\n<p>&nbsp;<\/p>\n<p>Museo Fueguino de Arte \u2013 Yaganes. Av. Manuel Belgrano 319, R\u00edo Grande.<\/p>\n<p>20 de noviembre al 07 de diciembre.<\/p>\n<p>Lunes a s\u00e1bado de 9 a 15 hs.<\/p>\n<p>P\u00fablico general todos los d\u00edas de 15 a 19 hs.<\/p>\n<p>&nbsp;<\/p>\n<p style=\"text-align: right\"><em>Con informaci\u00f3n y fotograf\u00eda de Prensa bloque FPV &#8211; PJ<\/em><\/p>\n<p>&nbsp;<\/p>\n\n\t\t<style type=\"text\/css\">\n\t\t\t#gallery-1 {\n\t\t\t\tmargin: auto;\n\t\t\t}\n\t\t\t#gallery-1 .gallery-item {\n\t\t\t\tfloat: left;\n\t\t\t\tmargin-top: 10px;\n\t\t\t\ttext-align: center;\n\t\t\t\twidth: 100%;\n\t\t\t}\n\t\t\t#gallery-1 img {\n\t\t\t\tborder: 2px solid #cfcfcf;\n\t\t\t}\n\t\t\t#gallery-1 .gallery-caption {\n\t\t\t\tmargin-left: 0;\n\t\t\t}\n\t\t\t\/* see gallery_shortcode() in wp-includes\/media.php *\/\n\t\t<\/style>\n\t\t<div data-carousel-extra='{\"blog_id\":1,\"permalink\":\"https:\\\/\\\/www.legistdf.gob.ar\\\/index.php\\\/2018\\\/11\\\/21\\\/sociedad-llego-a-rio-grande-la-muestra-nikola-tesla-inventor-del-siglo-xxi\\\/\"}' id='gallery-1' class='gallery galleryid-10864 gallery-columns-1 gallery-size-thumbnail'><dl class='gallery-item'>\n\t\t\t<dt class='gallery-icon landscape'>\n\t\t\t\t<a href='https:\/\/www.legistdf.gob.ar\/index.php\/2018\/11\/21\/sociedad-llego-a-rio-grande-la-muestra-nikola-tesla-inventor-del-siglo-xxi\/tesla\/'><img loading=\"lazy\" decoding=\"async\" width=\"150\" height=\"150\" src=\"https:\/\/www.legistdf.gob.ar\/wp-content\/uploads\/2018\/11\/Tesla-150x150.jpeg\" class=\"attachment-thumbnail size-thumbnail\" alt=\"\" srcset=\"https:\/\/www.legistdf.gob.ar\/wp-content\/uploads\/2018\/11\/Tesla-150x150.jpeg 150w, https:\/\/www.legistdf.gob.ar\/wp-content\/uploads\/2018\/11\/Tesla-64x64.jpeg 64w\" sizes=\"(max-width: 150px) 100vw, 150px\" data-attachment-id=\"10865\" data-permalink=\"https:\/\/www.legistdf.gob.ar\/index.php\/2018\/11\/21\/sociedad-llego-a-rio-grande-la-muestra-nikola-tesla-inventor-del-siglo-xxi\/tesla\/\" data-orig-file=\"https:\/\/www.legistdf.gob.ar\/wp-content\/uploads\/2018\/11\/Tesla.jpeg\" data-orig-size=\"1280,720\" data-comments-opened=\"0\" data-image-meta=\"{&quot;aperture&quot;:&quot;0&quot;,&quot;credit&quot;:&quot;&quot;,&quot;camera&quot;:&quot;&quot;,&quot;caption&quot;:&quot;&quot;,&quot;created_timestamp&quot;:&quot;0&quot;,&quot;copyright&quot;:&quot;&quot;,&quot;focal_length&quot;:&quot;0&quot;,&quot;iso&quot;:&quot;0&quot;,&quot;shutter_speed&quot;:&quot;0&quot;,&quot;title&quot;:&quot;&quot;,&quot;orientation&quot;:&quot;0&quot;}\" data-image-title=\"Tesla\" data-image-description=\"\" data-image-caption=\"\" data-medium-file=\"https:\/\/www.legistdf.gob.ar\/wp-content\/uploads\/2018\/11\/Tesla-300x169.jpeg\" data-large-file=\"https:\/\/www.legistdf.gob.ar\/wp-content\/uploads\/2018\/11\/Tesla-1024x576.jpeg\" \/><\/a>\n\t\t\t<\/dt><\/dl><br style=\"clear: both\" \/>\n\t\t<\/div>\n\n","protected":false},"excerpt":{"rendered":"<p>Ushuaia, mi\u00e9rcoles 21 de noviembre de 2018.- La muestra, que cuenta con la colaboraci\u00f3n del Museo de Tesla de Belgrado, propone un recorrido por el espacio y el tiempo habitados por el inventor. Las escuelas provinciales podr\u00e1n disfrutar de las actividades de lunes a viernes, dentro del horario escolar. &nbsp; Son muchos los rostros de [&hellip;]<\/p>\n","protected":false},"author":352,"featured_media":10865,"comment_status":"closed","ping_status":"open","sticky":false,"template":"","format":"standard","meta":{"jetpack_post_was_ever_published":false,"_jetpack_newsletter_access":"","_jetpack_dont_email_post_to_subs":false,"_jetpack_newsletter_tier_id":0,"footnotes":"","jetpack_publicize_message":"","jetpack_publicize_feature_enabled":true,"jetpack_social_post_already_shared":true,"jetpack_social_options":{"image_generator_settings":{"template":"highway","enabled":false}}},"categories":[1],"tags":[81,80,802,804,740,739,803],"jetpack_publicize_connections":[],"jetpack_sharing_enabled":true,"jetpack_featured_media_url":"https:\/\/www.legistdf.gob.ar\/wp-content\/uploads\/2018\/11\/Tesla.jpeg","jetpack-related-posts":[],"_links":{"self":[{"href":"https:\/\/www.legistdf.gob.ar\/index.php\/wp-json\/wp\/v2\/posts\/10864"}],"collection":[{"href":"https:\/\/www.legistdf.gob.ar\/index.php\/wp-json\/wp\/v2\/posts"}],"about":[{"href":"https:\/\/www.legistdf.gob.ar\/index.php\/wp-json\/wp\/v2\/types\/post"}],"author":[{"embeddable":true,"href":"https:\/\/www.legistdf.gob.ar\/index.php\/wp-json\/wp\/v2\/users\/352"}],"replies":[{"embeddable":true,"href":"https:\/\/www.legistdf.gob.ar\/index.php\/wp-json\/wp\/v2\/comments?post=10864"}],"version-history":[{"count":1,"href":"https:\/\/www.legistdf.gob.ar\/index.php\/wp-json\/wp\/v2\/posts\/10864\/revisions"}],"predecessor-version":[{"id":10866,"href":"https:\/\/www.legistdf.gob.ar\/index.php\/wp-json\/wp\/v2\/posts\/10864\/revisions\/10866"}],"wp:featuredmedia":[{"embeddable":true,"href":"https:\/\/www.legistdf.gob.ar\/index.php\/wp-json\/wp\/v2\/media\/10865"}],"wp:attachment":[{"href":"https:\/\/www.legistdf.gob.ar\/index.php\/wp-json\/wp\/v2\/media?parent=10864"}],"wp:term":[{"taxonomy":"category","embeddable":true,"href":"https:\/\/www.legistdf.gob.ar\/index.php\/wp-json\/wp\/v2\/categories?post=10864"},{"taxonomy":"post_tag","embeddable":true,"href":"https:\/\/www.legistdf.gob.ar\/index.php\/wp-json\/wp\/v2\/tags?post=10864"}],"curies":[{"name":"wp","href":"https:\/\/api.w.org\/{rel}","templated":true}]}}