{"id":10889,"date":"2018-11-22T15:12:19","date_gmt":"2018-11-22T18:12:19","guid":{"rendered":"http:\/\/www.legistdf.gob.ar\/?p=10889"},"modified":"2018-11-22T15:16:45","modified_gmt":"2018-11-22T18:16:45","slug":"deportes-arcando-recibio-a-jovenes-deportistas-que-entrenaran-en-eeuu","status":"publish","type":"post","link":"https:\/\/www.legistdf.gob.ar\/index.php\/2018\/11\/22\/deportes-arcando-recibio-a-jovenes-deportistas-que-entrenaran-en-eeuu\/","title":{"rendered":"DEPORTES: Arcando recibi\u00f3 a j\u00f3venes deportistas que entrenar\u00e1n en EEUU"},"content":{"rendered":"<p>&nbsp;<\/p>\n<p><strong>Ushuaia, jueves 22 de noviembre de 2018.- Dos j\u00f3venes deportistas, Valent\u00edn Moreno y Azul Ch\u00e1vez de la Federaci\u00f3n Argentina de Ski y Andinismo, visitaron esta semana el despacho del vicegobernador, Juan Carlos Arcando.\u00a0<\/strong><strong>All\u00ed los deportistas compartieron las experiencias vividas en los \u00faltimos a\u00f1os, luego de representar a la Provincia en el pa\u00eds y el mundo en la disciplina de snowboard.<\/strong><\/p>\n<p>&nbsp;<\/p>\n<p>El mes pr\u00f3ximo viajar\u00e1n a Estados Unidos para comenzar un entrenamiento de 50 d\u00edas en vistas al Mundial Junior que se realizar\u00e1 en Suecia el pr\u00f3ximo a\u00f1o.<\/p>\n<p>&nbsp;<\/p>\n<p>\u201cNos vamos el 8 de enero y volvemos el 25 de febrero -cont\u00f3 Valentin-, 50 d\u00edas de entrenamiento en la monta\u00f1a Mammoth mountain en Estados Unidos, para competir en snowboard\u201d.<\/p>\n<p>&nbsp;<\/p>\n<p>\u201cLa intenci\u00f3n es calificar e ingresar al cupo para el Mundial Junior que se desarrollar\u00e1 en Suecia en 2019 y a las Olimpiadas juveniles 2020\u201d, contaron los deportistas. De este modo, \u201chay que entrenarse de acuerdo al programa que propone la organizaci\u00f3n \u201cAndino Summer Camp\u201d, el esquema propone una instrucci\u00f3n integral en Mammoth mountain, comprensiva de la preparaci\u00f3n f\u00edsica en gimnasio, practica en la monta\u00f1a y destreza en camas el\u00e1sticas, entre otros\u201d, detall\u00f3 Valent\u00edn Moreno.<\/p>\n<p>&nbsp;<\/p>\n<p>Los j\u00f3venes deportistas representan a Tierra del Fuego en la disciplina del snowboard en el orden nacional e internacional.<\/p>\n<p>&nbsp;<\/p>\n\n\t\t<style type=\"text\/css\">\n\t\t\t#gallery-1 {\n\t\t\t\tmargin: auto;\n\t\t\t}\n\t\t\t#gallery-1 .gallery-item {\n\t\t\t\tfloat: left;\n\t\t\t\tmargin-top: 10px;\n\t\t\t\ttext-align: center;\n\t\t\t\twidth: 50%;\n\t\t\t}\n\t\t\t#gallery-1 img {\n\t\t\t\tborder: 2px solid #cfcfcf;\n\t\t\t}\n\t\t\t#gallery-1 .gallery-caption {\n\t\t\t\tmargin-left: 0;\n\t\t\t}\n\t\t\t\/* see gallery_shortcode() in wp-includes\/media.php *\/\n\t\t<\/style>\n\t\t<div data-carousel-extra='{\"blog_id\":1,\"permalink\":\"https:\\\/\\\/www.legistdf.gob.ar\\\/index.php\\\/2018\\\/11\\\/22\\\/deportes-arcando-recibio-a-jovenes-deportistas-que-entrenaran-en-eeuu\\\/\"}' id='gallery-1' class='gallery galleryid-10889 gallery-columns-2 gallery-size-thumbnail'><dl class='gallery-item'>\n\t\t\t<dt class='gallery-icon landscape'>\n\t\t\t\t<a href='https:\/\/www.legistdf.gob.ar\/index.php\/2018\/11\/22\/deportes-arcando-recibio-a-jovenes-deportistas-que-entrenaran-en-eeuu\/img_7536\/'><img loading=\"lazy\" decoding=\"async\" width=\"150\" height=\"150\" src=\"https:\/\/www.legistdf.gob.ar\/wp-content\/uploads\/2018\/11\/IMG_7536-150x150.jpg\" class=\"attachment-thumbnail size-thumbnail\" alt=\"\" srcset=\"https:\/\/www.legistdf.gob.ar\/wp-content\/uploads\/2018\/11\/IMG_7536-150x150.jpg 150w, https:\/\/www.legistdf.gob.ar\/wp-content\/uploads\/2018\/11\/IMG_7536-64x64.jpg 64w\" sizes=\"(max-width: 150px) 100vw, 150px\" data-attachment-id=\"10890\" data-permalink=\"https:\/\/www.legistdf.gob.ar\/index.php\/2018\/11\/22\/deportes-arcando-recibio-a-jovenes-deportistas-que-entrenaran-en-eeuu\/img_7536\/\" data-orig-file=\"https:\/\/www.legistdf.gob.ar\/wp-content\/uploads\/2018\/11\/IMG_7536.jpg\" data-orig-size=\"1500,1000\" data-comments-opened=\"0\" data-image-meta=\"{&quot;aperture&quot;:&quot;6.3&quot;,&quot;credit&quot;:&quot;&quot;,&quot;camera&quot;:&quot;Canon EOS 6D&quot;,&quot;caption&quot;:&quot;&quot;,&quot;created_timestamp&quot;:&quot;1542713970&quot;,&quot;copyright&quot;:&quot;&quot;,&quot;focal_length&quot;:&quot;47&quot;,&quot;iso&quot;:&quot;200&quot;,&quot;shutter_speed&quot;:&quot;0.0125&quot;,&quot;title&quot;:&quot;&quot;,&quot;orientation&quot;:&quot;0&quot;}\" data-image-title=\"IMG_7536\" data-image-description=\"\" data-image-caption=\"\" data-medium-file=\"https:\/\/www.legistdf.gob.ar\/wp-content\/uploads\/2018\/11\/IMG_7536-300x200.jpg\" data-large-file=\"https:\/\/www.legistdf.gob.ar\/wp-content\/uploads\/2018\/11\/IMG_7536-1024x683.jpg\" \/><\/a>\n\t\t\t<\/dt><\/dl><dl class='gallery-item'>\n\t\t\t<dt class='gallery-icon landscape'>\n\t\t\t\t<a href='https:\/\/www.legistdf.gob.ar\/index.php\/2018\/11\/22\/deportes-arcando-recibio-a-jovenes-deportistas-que-entrenaran-en-eeuu\/img_7541\/'><img loading=\"lazy\" decoding=\"async\" width=\"150\" height=\"150\" src=\"https:\/\/www.legistdf.gob.ar\/wp-content\/uploads\/2018\/11\/IMG_7541-150x150.jpg\" class=\"attachment-thumbnail size-thumbnail\" alt=\"\" srcset=\"https:\/\/www.legistdf.gob.ar\/wp-content\/uploads\/2018\/11\/IMG_7541-150x150.jpg 150w, https:\/\/www.legistdf.gob.ar\/wp-content\/uploads\/2018\/11\/IMG_7541-64x64.jpg 64w\" sizes=\"(max-width: 150px) 100vw, 150px\" data-attachment-id=\"10891\" data-permalink=\"https:\/\/www.legistdf.gob.ar\/index.php\/2018\/11\/22\/deportes-arcando-recibio-a-jovenes-deportistas-que-entrenaran-en-eeuu\/img_7541\/\" data-orig-file=\"https:\/\/www.legistdf.gob.ar\/wp-content\/uploads\/2018\/11\/IMG_7541.jpg\" data-orig-size=\"1500,1000\" data-comments-opened=\"0\" data-image-meta=\"{&quot;aperture&quot;:&quot;5.6&quot;,&quot;credit&quot;:&quot;&quot;,&quot;camera&quot;:&quot;Canon EOS 6D&quot;,&quot;caption&quot;:&quot;&quot;,&quot;created_timestamp&quot;:&quot;1542714445&quot;,&quot;copyright&quot;:&quot;&quot;,&quot;focal_length&quot;:&quot;41&quot;,&quot;iso&quot;:&quot;250&quot;,&quot;shutter_speed&quot;:&quot;0.0125&quot;,&quot;title&quot;:&quot;&quot;,&quot;orientation&quot;:&quot;0&quot;}\" data-image-title=\"IMG_7541\" data-image-description=\"\" data-image-caption=\"\" data-medium-file=\"https:\/\/www.legistdf.gob.ar\/wp-content\/uploads\/2018\/11\/IMG_7541-300x200.jpg\" data-large-file=\"https:\/\/www.legistdf.gob.ar\/wp-content\/uploads\/2018\/11\/IMG_7541-1024x683.jpg\" \/><\/a>\n\t\t\t<\/dt><\/dl><br style=\"clear: both\" \/>\n\t\t<\/div>\n\n<p>&nbsp;<\/p>\n","protected":false},"excerpt":{"rendered":"<p>&nbsp; Ushuaia, jueves 22 de noviembre de 2018.- Dos j\u00f3venes deportistas, Valent\u00edn Moreno y Azul Ch\u00e1vez de la Federaci\u00f3n Argentina de Ski y Andinismo, visitaron esta semana el despacho del vicegobernador, Juan Carlos Arcando.\u00a0All\u00ed los deportistas compartieron las experiencias vividas en los \u00faltimos a\u00f1os, luego de representar a la Provincia en el pa\u00eds y el [&hellip;]<\/p>\n","protected":false},"author":352,"featured_media":10891,"comment_status":"closed","ping_status":"open","sticky":false,"template":"","format":"standard","meta":{"jetpack_post_was_ever_published":false,"_jetpack_newsletter_access":"","_jetpack_dont_email_post_to_subs":false,"_jetpack_newsletter_tier_id":0,"footnotes":"","jetpack_publicize_message":"","jetpack_publicize_feature_enabled":true,"jetpack_social_post_already_shared":true,"jetpack_social_options":{"image_generator_settings":{"template":"highway","enabled":false}}},"categories":[1],"tags":[819,813,97,815,817,814,816,79,818,265],"jetpack_publicize_connections":[],"jetpack_sharing_enabled":true,"jetpack_featured_media_url":"https:\/\/www.legistdf.gob.ar\/wp-content\/uploads\/2018\/11\/IMG_7541.jpg","jetpack-related-posts":[],"_links":{"self":[{"href":"https:\/\/www.legistdf.gob.ar\/index.php\/wp-json\/wp\/v2\/posts\/10889"}],"collection":[{"href":"https:\/\/www.legistdf.gob.ar\/index.php\/wp-json\/wp\/v2\/posts"}],"about":[{"href":"https:\/\/www.legistdf.gob.ar\/index.php\/wp-json\/wp\/v2\/types\/post"}],"author":[{"embeddable":true,"href":"https:\/\/www.legistdf.gob.ar\/index.php\/wp-json\/wp\/v2\/users\/352"}],"replies":[{"embeddable":true,"href":"https:\/\/www.legistdf.gob.ar\/index.php\/wp-json\/wp\/v2\/comments?post=10889"}],"version-history":[{"count":2,"href":"https:\/\/www.legistdf.gob.ar\/index.php\/wp-json\/wp\/v2\/posts\/10889\/revisions"}],"predecessor-version":[{"id":10895,"href":"https:\/\/www.legistdf.gob.ar\/index.php\/wp-json\/wp\/v2\/posts\/10889\/revisions\/10895"}],"wp:featuredmedia":[{"embeddable":true,"href":"https:\/\/www.legistdf.gob.ar\/index.php\/wp-json\/wp\/v2\/media\/10891"}],"wp:attachment":[{"href":"https:\/\/www.legistdf.gob.ar\/index.php\/wp-json\/wp\/v2\/media?parent=10889"}],"wp:term":[{"taxonomy":"category","embeddable":true,"href":"https:\/\/www.legistdf.gob.ar\/index.php\/wp-json\/wp\/v2\/categories?post=10889"},{"taxonomy":"post_tag","embeddable":true,"href":"https:\/\/www.legistdf.gob.ar\/index.php\/wp-json\/wp\/v2\/tags?post=10889"}],"curies":[{"name":"wp","href":"https:\/\/api.w.org\/{rel}","templated":true}]}}