{"id":10901,"date":"2018-11-24T11:10:18","date_gmt":"2018-11-24T14:10:18","guid":{"rendered":"http:\/\/www.legistdf.gob.ar\/?p=10901"},"modified":"2018-11-23T13:14:22","modified_gmt":"2018-11-23T16:14:22","slug":"deportes-motociclista-fueguino-participara-en-competencia-chilena","status":"publish","type":"post","link":"https:\/\/www.legistdf.gob.ar\/index.php\/2018\/11\/24\/deportes-motociclista-fueguino-participara-en-competencia-chilena\/","title":{"rendered":"DEPORTES: Motociclista fueguino participar\u00e1 en competencia chilena"},"content":{"rendered":"<p><strong>Ushuaia, viernes 23 de noviembre de 2018.- El pr\u00f3ximo 1\u00ba de diciembre, se realizar\u00e1 en las comunas de Laguna Blanca y R\u00edo Verde de la regi\u00f3n Magallanes y Ant\u00e1rtica chilena, la tradicional carrera de motos en especialidad enduro \u201cCuesta del Gallo\u201d. El titular del Poder Legislativo vicegobernador Juan Carlos Arcando, mantuvo un encuentro \u2013en la sede de Presidencia-, con el motociclista fueguino Miguel Hern\u00e1ndez que asistir\u00e1 a la competencia.<\/strong><\/p>\n<p>&nbsp;<\/p>\n<p>Luego de finalizada la reuni\u00f3n, Hern\u00e1ndez dialog\u00f3 con Prensa Legislativa y cont\u00f3 c\u00f3mo son los preparativos previos a la competencia. \u201cFuimos invitados por los organizadores porque saben que tenemos un buen nivel. Esto es m\u00e1s\u00a0 que nada participativo y tratar de lograr algo de experiencia\u201d, aclar\u00f3 el competidor en relaci\u00f3n a su viaje a tierras chilenas.<\/p>\n<p>&nbsp;<\/p>\n<p>\u201cSomos dos personas las que viajamos y veremos que podemos lograr, es una carrera de 200 kil\u00f3metros; 100 kil\u00f3metros por la ma\u00f1ana \u00a0y los otros por la tarde\u201d, detall\u00f3 el motociclista. Adem\u00e1s, agreg\u00f3 que a trav\u00e9s de videos de la red social Youtube, \u201cvimos que es muy parecido al trazado que se hace en la Vuelta de Tierra del Fuego, veremos cu\u00e1les son las condiciones que nos esperan all\u00e1, la idea es ir \u2013tambi\u00e9n- a pasarla bien\u201d.<\/p>\n<p>&nbsp;<\/p>\n<p>Finalmente, Miguel Hern\u00e1ndez agradeci\u00f3 la predisposici\u00f3n del Vicegobernador. \u201cOjal\u00e1, que todos los que llegan a ocupar un cargo pol\u00edtico tan importante se preocupen en dar una mano, para algo sano como es el deporte m\u00e1s all\u00e1 de esto que es un hobby nuestro\u201d, concluy\u00f3.<\/p>\n<p>&nbsp;<\/p>\n<p>La carrera tiene como traves\u00eda: \u201cBosques; caminos; cerros; r\u00edos; pampas; corrales; la Cuesta el Muerto, la Cuesta del Gallo y algunas estancias tendr\u00e1 en su paso, una ruta que unir\u00e1 desde villa Tehuelches en la comuna de Laguna Blanca, hasta llegar a Estancia Anita en la comuna de R\u00edo Verde.\u00a0Para retornar en sentido contrario luego de finalizar la primera etapa que cuenta con 110 kil\u00f3metros. Tambi\u00e9n, habr\u00e1 un punto medio para cargar combustible y continuar a la meta\u201d.<\/p>\n<p>&nbsp;<\/p>\n\n\t\t<style type=\"text\/css\">\n\t\t\t#gallery-1 {\n\t\t\t\tmargin: auto;\n\t\t\t}\n\t\t\t#gallery-1 .gallery-item {\n\t\t\t\tfloat: left;\n\t\t\t\tmargin-top: 10px;\n\t\t\t\ttext-align: center;\n\t\t\t\twidth: 33%;\n\t\t\t}\n\t\t\t#gallery-1 img {\n\t\t\t\tborder: 2px solid #cfcfcf;\n\t\t\t}\n\t\t\t#gallery-1 .gallery-caption {\n\t\t\t\tmargin-left: 0;\n\t\t\t}\n\t\t\t\/* see gallery_shortcode() in wp-includes\/media.php *\/\n\t\t<\/style>\n\t\t<div data-carousel-extra='{\"blog_id\":1,\"permalink\":\"https:\\\/\\\/www.legistdf.gob.ar\\\/index.php\\\/2018\\\/11\\\/24\\\/deportes-motociclista-fueguino-participara-en-competencia-chilena\\\/\"}' id='gallery-1' class='gallery galleryid-10901 gallery-columns-3 gallery-size-thumbnail'><dl class='gallery-item'>\n\t\t\t<dt class='gallery-icon landscape'>\n\t\t\t\t<a href='https:\/\/www.legistdf.gob.ar\/index.php\/2018\/11\/24\/deportes-motociclista-fueguino-participara-en-competencia-chilena\/img_7765\/'><img loading=\"lazy\" decoding=\"async\" width=\"150\" height=\"150\" src=\"https:\/\/www.legistdf.gob.ar\/wp-content\/uploads\/2018\/11\/IMG_7765-150x150.jpg\" class=\"attachment-thumbnail size-thumbnail\" alt=\"\" srcset=\"https:\/\/www.legistdf.gob.ar\/wp-content\/uploads\/2018\/11\/IMG_7765-150x150.jpg 150w, https:\/\/www.legistdf.gob.ar\/wp-content\/uploads\/2018\/11\/IMG_7765-64x64.jpg 64w\" sizes=\"(max-width: 150px) 100vw, 150px\" data-attachment-id=\"10902\" data-permalink=\"https:\/\/www.legistdf.gob.ar\/index.php\/2018\/11\/24\/deportes-motociclista-fueguino-participara-en-competencia-chilena\/img_7765\/\" data-orig-file=\"https:\/\/www.legistdf.gob.ar\/wp-content\/uploads\/2018\/11\/IMG_7765.jpg\" data-orig-size=\"1500,1000\" data-comments-opened=\"0\" data-image-meta=\"{&quot;aperture&quot;:&quot;6.3&quot;,&quot;credit&quot;:&quot;&quot;,&quot;camera&quot;:&quot;Canon EOS 6D&quot;,&quot;caption&quot;:&quot;&quot;,&quot;created_timestamp&quot;:&quot;1542802480&quot;,&quot;copyright&quot;:&quot;&quot;,&quot;focal_length&quot;:&quot;59&quot;,&quot;iso&quot;:&quot;2000&quot;,&quot;shutter_speed&quot;:&quot;0.016666666666667&quot;,&quot;title&quot;:&quot;&quot;,&quot;orientation&quot;:&quot;0&quot;}\" data-image-title=\"IMG_7765\" data-image-description=\"\" data-image-caption=\"\" data-medium-file=\"https:\/\/www.legistdf.gob.ar\/wp-content\/uploads\/2018\/11\/IMG_7765-300x200.jpg\" data-large-file=\"https:\/\/www.legistdf.gob.ar\/wp-content\/uploads\/2018\/11\/IMG_7765-1024x683.jpg\" \/><\/a>\n\t\t\t<\/dt><\/dl>\n\t\t\t<br style='clear: both' \/>\n\t\t<\/div>\n\n","protected":false},"excerpt":{"rendered":"<p>Ushuaia, viernes 23 de noviembre de 2018.- El pr\u00f3ximo 1\u00ba de diciembre, se realizar\u00e1 en las comunas de Laguna Blanca y R\u00edo Verde de la regi\u00f3n Magallanes y Ant\u00e1rtica chilena, la tradicional carrera de motos en especialidad enduro \u201cCuesta del Gallo\u201d. El titular del Poder Legislativo vicegobernador Juan Carlos Arcando, mantuvo un encuentro \u2013en la [&hellip;]<\/p>\n","protected":false},"author":352,"featured_media":10902,"comment_status":"closed","ping_status":"open","sticky":false,"template":"","format":"standard","meta":{"jetpack_post_was_ever_published":false,"_jetpack_newsletter_access":"","_jetpack_dont_email_post_to_subs":false,"_jetpack_newsletter_tier_id":0,"footnotes":"","jetpack_publicize_message":"","jetpack_publicize_feature_enabled":true,"jetpack_social_post_already_shared":true,"jetpack_social_options":{"image_generator_settings":{"template":"highway","enabled":false}}},"categories":[1],"tags":[830,97,828,829],"jetpack_publicize_connections":[],"jetpack_sharing_enabled":true,"jetpack_featured_media_url":"https:\/\/www.legistdf.gob.ar\/wp-content\/uploads\/2018\/11\/IMG_7765.jpg","jetpack-related-posts":[],"_links":{"self":[{"href":"https:\/\/www.legistdf.gob.ar\/index.php\/wp-json\/wp\/v2\/posts\/10901"}],"collection":[{"href":"https:\/\/www.legistdf.gob.ar\/index.php\/wp-json\/wp\/v2\/posts"}],"about":[{"href":"https:\/\/www.legistdf.gob.ar\/index.php\/wp-json\/wp\/v2\/types\/post"}],"author":[{"embeddable":true,"href":"https:\/\/www.legistdf.gob.ar\/index.php\/wp-json\/wp\/v2\/users\/352"}],"replies":[{"embeddable":true,"href":"https:\/\/www.legistdf.gob.ar\/index.php\/wp-json\/wp\/v2\/comments?post=10901"}],"version-history":[{"count":1,"href":"https:\/\/www.legistdf.gob.ar\/index.php\/wp-json\/wp\/v2\/posts\/10901\/revisions"}],"predecessor-version":[{"id":10903,"href":"https:\/\/www.legistdf.gob.ar\/index.php\/wp-json\/wp\/v2\/posts\/10901\/revisions\/10903"}],"wp:featuredmedia":[{"embeddable":true,"href":"https:\/\/www.legistdf.gob.ar\/index.php\/wp-json\/wp\/v2\/media\/10902"}],"wp:attachment":[{"href":"https:\/\/www.legistdf.gob.ar\/index.php\/wp-json\/wp\/v2\/media?parent=10901"}],"wp:term":[{"taxonomy":"category","embeddable":true,"href":"https:\/\/www.legistdf.gob.ar\/index.php\/wp-json\/wp\/v2\/categories?post=10901"},{"taxonomy":"post_tag","embeddable":true,"href":"https:\/\/www.legistdf.gob.ar\/index.php\/wp-json\/wp\/v2\/tags?post=10901"}],"curies":[{"name":"wp","href":"https:\/\/api.w.org\/{rel}","templated":true}]}}