{"id":10935,"date":"2018-11-26T12:00:31","date_gmt":"2018-11-26T15:00:31","guid":{"rendered":"http:\/\/www.legistdf.gob.ar\/?p=10935"},"modified":"2018-11-26T14:12:54","modified_gmt":"2018-11-26T17:12:54","slug":"comisiones-cronograma-de-encuentros-en-el-parlamento","status":"publish","type":"post","link":"https:\/\/www.legistdf.gob.ar\/index.php\/2018\/11\/26\/comisiones-cronograma-de-encuentros-en-el-parlamento\/","title":{"rendered":"COMISIONES: Cronograma de encuentros en el Parlamento"},"content":{"rendered":"<p>&nbsp;<\/p>\n<p><strong>Ushuaia, lunes 26 de noviembre de 2018.- Desde al Direcci\u00f3n de Comisiones informaron el cronograma de encuentros para la semana. Contin\u00faa el an\u00e1lisis del Presupuesto 2019 en la Comisi\u00f3n 2; Andrea Freites llam\u00f3 a los integrantes de Educaci\u00f3n y la Comisi\u00f3n de Recursos Naturales abordar\u00e1 un proyecto para la creaci\u00f3n del \u00c1rea Natural Protegida Pen\u00ednsula Mitre.<\/strong><\/p>\n<p>&nbsp;<\/p>\n<p>El tratamiento del proyecto de Ley de Presupuesto para el 2019 contin\u00faa su derrotero en la Comisi\u00f3n N\u00ba 2. Ma\u00f1ana martes, el legislador Pablo Blanco (UCR \u2013 Cambiemos) y el resto de la composici\u00f3n, recibir\u00e1n desde las 10 horas a la Direcci\u00f3n Provincial de Energ\u00eda (DPE) y a la Direcci\u00f3n provincial de Obras y Servicios Sanitarios (DPOSS). A las 14, ser\u00e1 la oportunidad para conocer los detalles del presupuesto ejecutado en 2018 y las previsiones para el a\u00f1o pr\u00f3ximo de la Direcci\u00f3n Provincial de Puertos (DPP).<\/p>\n<p>&nbsp;<\/p>\n<p>La legisladora Andrea Freites, titular de la Comisi\u00f3n de Educaci\u00f3n, convoc\u00f3 a los integrantes de ese espacio de an\u00e1lisis legislativo, con el prop\u00f3sito de abordar una serie de asuntos, pendientes de tratamiento. La reuni\u00f3n ser\u00e1 el mi\u00e9rcoles 28 desde las 11 horas.<\/p>\n<p>&nbsp;<\/p>\n<p>Se destacan, en el memorando N\u00ba 083\/18 de la Direcci\u00f3n de Comisiones, los siguientes asuntos:<\/p>\n<p>&nbsp;<\/p>\n<p>300\/17 Bloque UCR \u2013 Cambiemos sobre proyecto de Ley de Grooming; 397\/17 Bloque UCR \u2013 Cambiemos sobre proyecto de ley Programa provincial de informaci\u00f3n, concientizaci\u00f3n y prevenci\u00f3n de grooming (ciberacoso) que permanece en esa Comisi\u00f3n y en la de Legislaci\u00f3n General (1) y asunto N\u00ba 545\/18 Bloque FPV \u2013 PJ sobre proyecto de Ley estableciendo el R\u00e9gimen aplicable da todos los docentes que ejerzan sus funciones en las Escuelas Experimentales.<\/p>\n<p>&nbsp;<\/p>\n<p>En tanto, el jueves a la misma hora, ser\u00e1 la Comisi\u00f3n de Recursos Naturales la que se reunir\u00e1 por pedido de su titular, legislador Federico Bilota (FPV \u2013 PJ). E el encuentro dar\u00e1n tratamiento al asunto N\u00ba 067\/18 Bloque FPV \u2013 PJ proyecto de Ley que crea el \u00c1rea Natural Protegida Pen\u00ednsula Mitre.<\/p>\n<p>&nbsp;<\/p>\n\n\t\t<style type=\"text\/css\">\n\t\t\t#gallery-1 {\n\t\t\t\tmargin: auto;\n\t\t\t}\n\t\t\t#gallery-1 .gallery-item {\n\t\t\t\tfloat: left;\n\t\t\t\tmargin-top: 10px;\n\t\t\t\ttext-align: center;\n\t\t\t\twidth: 33%;\n\t\t\t}\n\t\t\t#gallery-1 img {\n\t\t\t\tborder: 2px solid #cfcfcf;\n\t\t\t}\n\t\t\t#gallery-1 .gallery-caption {\n\t\t\t\tmargin-left: 0;\n\t\t\t}\n\t\t\t\/* see gallery_shortcode() in wp-includes\/media.php *\/\n\t\t<\/style>\n\t\t<div data-carousel-extra='{\"blog_id\":1,\"permalink\":\"https:\\\/\\\/www.legistdf.gob.ar\\\/index.php\\\/2018\\\/11\\\/26\\\/comisiones-cronograma-de-encuentros-en-el-parlamento\\\/\"}' id='gallery-1' class='gallery galleryid-10935 gallery-columns-3 gallery-size-thumbnail'><dl class='gallery-item'>\n\t\t\t<dt class='gallery-icon landscape'>\n\t\t\t\t<a href='https:\/\/www.legistdf.gob.ar\/index.php\/2018\/11\/23\/comisiones-bomberos-voluntarios-abogados-y-regimen-jubilatorio-fueron-los-temas-abordados-por-los-parlamentarios\/img_8515\/'><img loading=\"lazy\" decoding=\"async\" width=\"150\" height=\"150\" src=\"https:\/\/www.legistdf.gob.ar\/wp-content\/uploads\/2018\/11\/IMG_8515-150x150.jpg\" class=\"attachment-thumbnail size-thumbnail\" alt=\"\" srcset=\"https:\/\/www.legistdf.gob.ar\/wp-content\/uploads\/2018\/11\/IMG_8515-150x150.jpg 150w, https:\/\/www.legistdf.gob.ar\/wp-content\/uploads\/2018\/11\/IMG_8515-64x64.jpg 64w\" sizes=\"(max-width: 150px) 100vw, 150px\" data-attachment-id=\"10906\" data-permalink=\"https:\/\/www.legistdf.gob.ar\/index.php\/2018\/11\/23\/comisiones-bomberos-voluntarios-abogados-y-regimen-jubilatorio-fueron-los-temas-abordados-por-los-parlamentarios\/img_8515\/\" data-orig-file=\"https:\/\/www.legistdf.gob.ar\/wp-content\/uploads\/2018\/11\/IMG_8515.jpg\" data-orig-size=\"1500,1000\" data-comments-opened=\"0\" data-image-meta=\"{&quot;aperture&quot;:&quot;5.6&quot;,&quot;credit&quot;:&quot;PrensaLegislativa2015&quot;,&quot;camera&quot;:&quot;Canon EOS 70D&quot;,&quot;caption&quot;:&quot;&quot;,&quot;created_timestamp&quot;:&quot;1542878323&quot;,&quot;copyright&quot;:&quot;&quot;,&quot;focal_length&quot;:&quot;11&quot;,&quot;iso&quot;:&quot;320&quot;,&quot;shutter_speed&quot;:&quot;0.0125&quot;,&quot;title&quot;:&quot;&quot;,&quot;orientation&quot;:&quot;0&quot;}\" data-image-title=\"IMG_8515\" data-image-description=\"\" data-image-caption=\"\" data-medium-file=\"https:\/\/www.legistdf.gob.ar\/wp-content\/uploads\/2018\/11\/IMG_8515-300x200.jpg\" data-large-file=\"https:\/\/www.legistdf.gob.ar\/wp-content\/uploads\/2018\/11\/IMG_8515-1024x683.jpg\" \/><\/a>\n\t\t\t<\/dt><\/dl>\n\t\t\t<br style='clear: both' \/>\n\t\t<\/div>\n\n<p>&nbsp;<\/p>\n","protected":false},"excerpt":{"rendered":"<p>&nbsp; Ushuaia, lunes 26 de noviembre de 2018.- Desde al Direcci\u00f3n de Comisiones informaron el cronograma de encuentros para la semana. Contin\u00faa el an\u00e1lisis del Presupuesto 2019 en la Comisi\u00f3n 2; Andrea Freites llam\u00f3 a los integrantes de Educaci\u00f3n y la Comisi\u00f3n de Recursos Naturales abordar\u00e1 un proyecto para la creaci\u00f3n del \u00c1rea Natural Protegida [&hellip;]<\/p>\n","protected":false},"author":352,"featured_media":10906,"comment_status":"closed","ping_status":"open","sticky":false,"template":"","format":"standard","meta":{"jetpack_post_was_ever_published":false,"_jetpack_newsletter_access":"","_jetpack_dont_email_post_to_subs":false,"_jetpack_newsletter_tier_id":0,"footnotes":"","jetpack_publicize_message":"","jetpack_publicize_feature_enabled":true,"jetpack_social_post_already_shared":true,"jetpack_social_options":{"image_generator_settings":{"template":"highway","enabled":false}}},"categories":[1],"tags":[],"jetpack_publicize_connections":[],"jetpack_sharing_enabled":true,"jetpack_featured_media_url":"https:\/\/www.legistdf.gob.ar\/wp-content\/uploads\/2018\/11\/IMG_8515.jpg","jetpack-related-posts":[],"_links":{"self":[{"href":"https:\/\/www.legistdf.gob.ar\/index.php\/wp-json\/wp\/v2\/posts\/10935"}],"collection":[{"href":"https:\/\/www.legistdf.gob.ar\/index.php\/wp-json\/wp\/v2\/posts"}],"about":[{"href":"https:\/\/www.legistdf.gob.ar\/index.php\/wp-json\/wp\/v2\/types\/post"}],"author":[{"embeddable":true,"href":"https:\/\/www.legistdf.gob.ar\/index.php\/wp-json\/wp\/v2\/users\/352"}],"replies":[{"embeddable":true,"href":"https:\/\/www.legistdf.gob.ar\/index.php\/wp-json\/wp\/v2\/comments?post=10935"}],"version-history":[{"count":4,"href":"https:\/\/www.legistdf.gob.ar\/index.php\/wp-json\/wp\/v2\/posts\/10935\/revisions"}],"predecessor-version":[{"id":10943,"href":"https:\/\/www.legistdf.gob.ar\/index.php\/wp-json\/wp\/v2\/posts\/10935\/revisions\/10943"}],"wp:featuredmedia":[{"embeddable":true,"href":"https:\/\/www.legistdf.gob.ar\/index.php\/wp-json\/wp\/v2\/media\/10906"}],"wp:attachment":[{"href":"https:\/\/www.legistdf.gob.ar\/index.php\/wp-json\/wp\/v2\/media?parent=10935"}],"wp:term":[{"taxonomy":"category","embeddable":true,"href":"https:\/\/www.legistdf.gob.ar\/index.php\/wp-json\/wp\/v2\/categories?post=10935"},{"taxonomy":"post_tag","embeddable":true,"href":"https:\/\/www.legistdf.gob.ar\/index.php\/wp-json\/wp\/v2\/tags?post=10935"}],"curies":[{"name":"wp","href":"https:\/\/api.w.org\/{rel}","templated":true}]}}