{"id":10940,"date":"2018-11-26T13:50:15","date_gmt":"2018-11-26T16:50:15","guid":{"rendered":"http:\/\/www.legistdf.gob.ar\/?p=10940"},"modified":"2018-11-26T14:14:03","modified_gmt":"2018-11-26T17:14:03","slug":"sociedad-se-realizo-en-tdf-la-11o-edicion-de-motoviajeros","status":"publish","type":"post","link":"https:\/\/www.legistdf.gob.ar\/index.php\/2018\/11\/26\/sociedad-se-realizo-en-tdf-la-11o-edicion-de-motoviajeros\/","title":{"rendered":"SOCIEDAD: Se realiz\u00f3 en TDF la 11\u00ba edici\u00f3n de motoviajeros"},"content":{"rendered":"<p><strong>Ushuaia, lunes 26 de noviembre de 2018.- La agrupaci\u00f3n Latitud 54 Sur se reuni\u00f3 con el vicegobernador, Juan Carlos Arcando, para compartir las experiencias que dej\u00f3 la 11\u00ba edici\u00f3n de Motoviajeros del Fin del Mundo en Ushuaia, que congreg\u00f3 a aficionados de todo el pa\u00eds y del exterior.<\/strong><\/p>\n<p><strong>\u00a0<\/strong><\/p>\n<p>Marcelo Aliendro, referente de Latitud 54 Sur explic\u00f3 que la comisi\u00f3n organizadora que trabaj\u00f3 un a\u00f1o para la organizaci\u00f3n del evento: \u201cTodos los a\u00f1os recibimos la visita de motociclistas y en esta oportunidad lleg\u00f3 gente de Brasil, Chile, Uruguay, Paraguay, Colombia, Ecuador y Per\u00fa\u201d<\/p>\n<p>&nbsp;<\/p>\n<p>\u201cEste evento cuenta con apoyo de los comercios, algunas empresas y dem\u00e1s, pero es organizado por la agrupaci\u00f3n que represento que es peque\u00f1a\u201d, cont\u00f3 Aliendro.<\/p>\n<p>&nbsp;<\/p>\n<p>El s\u00e1bado 18 inici\u00f3 la actividad en el centro cultural Esther Fadul, \u201ccompartimos un almuerzo de apertura y en caravana subimos al glaciar Le Martial. Por la tarde, hicimos una muestra y la visita al monumento de Malvinas en Ushuaia, donde compartimos con excombatientes sus experiencias. Fue un hecho muy emotivo porque pudimos mostrar al mundo parte de lo que nos identifica\u201d.<\/p>\n<p>&nbsp;<\/p>\n<p>Por \u00faltimo, Aliendro agradeci\u00f3 el apoyo del Vicegobernador, \u201csi bien nuestra actividad no es una disciplina deportiva, contribuye con el turismo en Tierra del Fuego. Es importante haber trascendido las fronteras, los que llegan se llevan en sus retinas un recuerdo de la naturaleza y belleza de esta tierra\u201d, cerr\u00f3.<\/p>\n<p>&nbsp;<\/p>\n<p>&nbsp;<\/p>\n\n\t\t<style type=\"text\/css\">\n\t\t\t#gallery-1 {\n\t\t\t\tmargin: auto;\n\t\t\t}\n\t\t\t#gallery-1 .gallery-item {\n\t\t\t\tfloat: left;\n\t\t\t\tmargin-top: 10px;\n\t\t\t\ttext-align: center;\n\t\t\t\twidth: 33%;\n\t\t\t}\n\t\t\t#gallery-1 img {\n\t\t\t\tborder: 2px solid #cfcfcf;\n\t\t\t}\n\t\t\t#gallery-1 .gallery-caption {\n\t\t\t\tmargin-left: 0;\n\t\t\t}\n\t\t\t\/* see gallery_shortcode() in wp-includes\/media.php *\/\n\t\t<\/style>\n\t\t<div data-carousel-extra='{\"blog_id\":1,\"permalink\":\"https:\\\/\\\/www.legistdf.gob.ar\\\/index.php\\\/2018\\\/11\\\/26\\\/sociedad-se-realizo-en-tdf-la-11o-edicion-de-motoviajeros\\\/\"}' id='gallery-1' class='gallery galleryid-10940 gallery-columns-3 gallery-size-thumbnail'><dl class='gallery-item'>\n\t\t\t<dt class='gallery-icon landscape'>\n\t\t\t\t<a href='https:\/\/www.legistdf.gob.ar\/index.php\/2018\/11\/26\/sociedad-se-realizo-en-tdf-la-11o-edicion-de-motoviajeros\/img_8562\/'><img loading=\"lazy\" decoding=\"async\" width=\"150\" height=\"150\" src=\"https:\/\/www.legistdf.gob.ar\/wp-content\/uploads\/2018\/11\/IMG_8562-150x150.jpg\" class=\"attachment-thumbnail size-thumbnail\" alt=\"\" srcset=\"https:\/\/www.legistdf.gob.ar\/wp-content\/uploads\/2018\/11\/IMG_8562-150x150.jpg 150w, https:\/\/www.legistdf.gob.ar\/wp-content\/uploads\/2018\/11\/IMG_8562-64x64.jpg 64w\" sizes=\"(max-width: 150px) 100vw, 150px\" data-attachment-id=\"10941\" data-permalink=\"https:\/\/www.legistdf.gob.ar\/index.php\/2018\/11\/26\/sociedad-se-realizo-en-tdf-la-11o-edicion-de-motoviajeros\/img_8562\/\" data-orig-file=\"https:\/\/www.legistdf.gob.ar\/wp-content\/uploads\/2018\/11\/IMG_8562.jpg\" data-orig-size=\"1500,1000\" data-comments-opened=\"0\" data-image-meta=\"{&quot;aperture&quot;:&quot;5.6&quot;,&quot;credit&quot;:&quot;&quot;,&quot;camera&quot;:&quot;Canon EOS 6D&quot;,&quot;caption&quot;:&quot;&quot;,&quot;created_timestamp&quot;:&quot;1542885272&quot;,&quot;copyright&quot;:&quot;&quot;,&quot;focal_length&quot;:&quot;38&quot;,&quot;iso&quot;:&quot;250&quot;,&quot;shutter_speed&quot;:&quot;0.0125&quot;,&quot;title&quot;:&quot;&quot;,&quot;orientation&quot;:&quot;0&quot;}\" data-image-title=\"IMG_8562\" data-image-description=\"\" data-image-caption=\"\" data-medium-file=\"https:\/\/www.legistdf.gob.ar\/wp-content\/uploads\/2018\/11\/IMG_8562-300x200.jpg\" data-large-file=\"https:\/\/www.legistdf.gob.ar\/wp-content\/uploads\/2018\/11\/IMG_8562-1024x683.jpg\" \/><\/a>\n\t\t\t<\/dt><\/dl>\n\t\t\t<br style='clear: both' \/>\n\t\t<\/div>\n\n","protected":false},"excerpt":{"rendered":"<p>Ushuaia, lunes 26 de noviembre de 2018.- La agrupaci\u00f3n Latitud 54 Sur se reuni\u00f3 con el vicegobernador, Juan Carlos Arcando, para compartir las experiencias que dej\u00f3 la 11\u00ba edici\u00f3n de Motoviajeros del Fin del Mundo en Ushuaia, que congreg\u00f3 a aficionados de todo el pa\u00eds y del exterior. \u00a0 Marcelo Aliendro, referente de Latitud 54 [&hellip;]<\/p>\n","protected":false},"author":352,"featured_media":10941,"comment_status":"closed","ping_status":"open","sticky":false,"template":"","format":"standard","meta":{"jetpack_post_was_ever_published":false,"_jetpack_newsletter_access":"","_jetpack_dont_email_post_to_subs":false,"_jetpack_newsletter_tier_id":0,"footnotes":"","jetpack_publicize_message":"","jetpack_publicize_feature_enabled":true,"jetpack_social_post_already_shared":true,"jetpack_social_options":{"image_generator_settings":{"template":"highway","enabled":false}}},"categories":[1],"tags":[],"jetpack_publicize_connections":[],"jetpack_sharing_enabled":true,"jetpack_featured_media_url":"https:\/\/www.legistdf.gob.ar\/wp-content\/uploads\/2018\/11\/IMG_8562.jpg","jetpack-related-posts":[],"_links":{"self":[{"href":"https:\/\/www.legistdf.gob.ar\/index.php\/wp-json\/wp\/v2\/posts\/10940"}],"collection":[{"href":"https:\/\/www.legistdf.gob.ar\/index.php\/wp-json\/wp\/v2\/posts"}],"about":[{"href":"https:\/\/www.legistdf.gob.ar\/index.php\/wp-json\/wp\/v2\/types\/post"}],"author":[{"embeddable":true,"href":"https:\/\/www.legistdf.gob.ar\/index.php\/wp-json\/wp\/v2\/users\/352"}],"replies":[{"embeddable":true,"href":"https:\/\/www.legistdf.gob.ar\/index.php\/wp-json\/wp\/v2\/comments?post=10940"}],"version-history":[{"count":2,"href":"https:\/\/www.legistdf.gob.ar\/index.php\/wp-json\/wp\/v2\/posts\/10940\/revisions"}],"predecessor-version":[{"id":10944,"href":"https:\/\/www.legistdf.gob.ar\/index.php\/wp-json\/wp\/v2\/posts\/10940\/revisions\/10944"}],"wp:featuredmedia":[{"embeddable":true,"href":"https:\/\/www.legistdf.gob.ar\/index.php\/wp-json\/wp\/v2\/media\/10941"}],"wp:attachment":[{"href":"https:\/\/www.legistdf.gob.ar\/index.php\/wp-json\/wp\/v2\/media?parent=10940"}],"wp:term":[{"taxonomy":"category","embeddable":true,"href":"https:\/\/www.legistdf.gob.ar\/index.php\/wp-json\/wp\/v2\/categories?post=10940"},{"taxonomy":"post_tag","embeddable":true,"href":"https:\/\/www.legistdf.gob.ar\/index.php\/wp-json\/wp\/v2\/tags?post=10940"}],"curies":[{"name":"wp","href":"https:\/\/api.w.org\/{rel}","templated":true}]}}