{"id":10948,"date":"2018-11-29T18:00:28","date_gmt":"2018-11-29T21:00:28","guid":{"rendered":"http:\/\/www.legistdf.gob.ar\/?p=10948"},"modified":"2018-11-26T14:51:33","modified_gmt":"2018-11-26T17:51:33","slug":"deportes-la-joven-judoca-fueguina-participo-de-torneos-internacionales","status":"publish","type":"post","link":"https:\/\/www.legistdf.gob.ar\/index.php\/2018\/11\/29\/deportes-la-joven-judoca-fueguina-participo-de-torneos-internacionales\/","title":{"rendered":"DEPORTES: La joven judoca fueguina particip\u00f3 de torneos internacionales"},"content":{"rendered":"<p><strong>Ushuaia, jueves 29 de noviembre de 2018.- La joven judoca Nahir Insaurralde se reuni\u00f3 con el vicegobernador Juan Carlos Arcando, en sede de Presidencia del Parlamento. Acompa\u00f1ada de su madre Gisela, cont\u00f3 al titular de la C\u00e1mara sobre su participaci\u00f3n en los \u00faltimos torneos internacionales en los que particip\u00f3, en representaci\u00f3n del pa\u00eds.<\/strong><\/p>\n<p><strong>\u00a0<\/strong><\/p>\n<p>Nahir explic\u00f3 al Vicegobernador, sobre su participaci\u00f3n en los torneos Panamericano y Sudamericano infantil de judo, que se disputaron entre el 15 y 18 de noviembre pasado en Guayaquil, Ecuador.<\/p>\n<p>&nbsp;<\/p>\n<p>Dado el resultado obtenido en la capital sanjuanina en el \u00faltimo campeonato nacional, Nahir se posicion\u00f3 a nivel nacional y represent\u00f3 a la Argentina en los torneos internacionales. \u00a0Este evento, que reuni\u00f3 a m\u00e1s de 35 pa\u00edses de Am\u00e9rica, fue organizado por la Federaci\u00f3n Ecuatoriana de Judo.<\/p>\n<p>&nbsp;<\/p>\n<p>En ese sentido, la joven deportista explic\u00f3 a Prensa Legislativa que en el torneo panamericano, donde participaron 16 competidores y qued\u00f3 eliminada en la primera ronda, luego de luchar contra la representante de Estados Unidos. En el Sudamericano, luch\u00f3 contra representantes de Chile y Colombia en segunda ronda, aunque luego qued\u00f3 eliminada.<\/p>\n<p>&nbsp;<\/p>\n<p>M\u00e1s all\u00e1 de los resultados obtenidos, la mam\u00e1 de Nahir resalt\u00f3 la participaci\u00f3n de su hija en este tipo de eventos. \u201cEl judo es un deporte que no es tan conocido, y si bien la escuela municipal de judo estuvo mucho tiempo cerrada, hoy los chicos pueden retomar sus actividades\u201d, dijo Gisela. Por eso valor\u00f3 la ayuda que permanentemente reciben de parte del vicegobernador Juan Carlos Arcando.<\/p>\n<p>&nbsp;<\/p>\n\n\t\t<style type=\"text\/css\">\n\t\t\t#gallery-1 {\n\t\t\t\tmargin: auto;\n\t\t\t}\n\t\t\t#gallery-1 .gallery-item {\n\t\t\t\tfloat: left;\n\t\t\t\tmargin-top: 10px;\n\t\t\t\ttext-align: center;\n\t\t\t\twidth: 100%;\n\t\t\t}\n\t\t\t#gallery-1 img {\n\t\t\t\tborder: 2px solid #cfcfcf;\n\t\t\t}\n\t\t\t#gallery-1 .gallery-caption {\n\t\t\t\tmargin-left: 0;\n\t\t\t}\n\t\t\t\/* see gallery_shortcode() in wp-includes\/media.php *\/\n\t\t<\/style>\n\t\t<div data-carousel-extra='{\"blog_id\":1,\"permalink\":\"https:\\\/\\\/www.legistdf.gob.ar\\\/index.php\\\/2018\\\/11\\\/29\\\/deportes-la-joven-judoca-fueguina-participo-de-torneos-internacionales\\\/\"}' id='gallery-1' class='gallery galleryid-10948 gallery-columns-1 gallery-size-thumbnail'><dl class='gallery-item'>\n\t\t\t<dt class='gallery-icon landscape'>\n\t\t\t\t<a href='https:\/\/www.legistdf.gob.ar\/index.php\/2018\/11\/29\/deportes-la-joven-judoca-fueguina-participo-de-torneos-internacionales\/img_8568\/'><img loading=\"lazy\" decoding=\"async\" width=\"150\" height=\"150\" src=\"https:\/\/www.legistdf.gob.ar\/wp-content\/uploads\/2018\/11\/IMG_8568-150x150.jpg\" class=\"attachment-thumbnail size-thumbnail\" alt=\"\" srcset=\"https:\/\/www.legistdf.gob.ar\/wp-content\/uploads\/2018\/11\/IMG_8568-150x150.jpg 150w, https:\/\/www.legistdf.gob.ar\/wp-content\/uploads\/2018\/11\/IMG_8568-64x64.jpg 64w\" sizes=\"(max-width: 150px) 100vw, 150px\" data-attachment-id=\"10949\" data-permalink=\"https:\/\/www.legistdf.gob.ar\/index.php\/2018\/11\/29\/deportes-la-joven-judoca-fueguina-participo-de-torneos-internacionales\/img_8568\/\" data-orig-file=\"https:\/\/www.legistdf.gob.ar\/wp-content\/uploads\/2018\/11\/IMG_8568.jpg\" data-orig-size=\"1500,1000\" data-comments-opened=\"0\" data-image-meta=\"{&quot;aperture&quot;:&quot;7.1&quot;,&quot;credit&quot;:&quot;&quot;,&quot;camera&quot;:&quot;Canon EOS 6D&quot;,&quot;caption&quot;:&quot;&quot;,&quot;created_timestamp&quot;:&quot;1542885548&quot;,&quot;copyright&quot;:&quot;&quot;,&quot;focal_length&quot;:&quot;39&quot;,&quot;iso&quot;:&quot;160&quot;,&quot;shutter_speed&quot;:&quot;0.0125&quot;,&quot;title&quot;:&quot;&quot;,&quot;orientation&quot;:&quot;0&quot;}\" data-image-title=\"IMG_8568\" data-image-description=\"\" data-image-caption=\"\" data-medium-file=\"https:\/\/www.legistdf.gob.ar\/wp-content\/uploads\/2018\/11\/IMG_8568-300x200.jpg\" data-large-file=\"https:\/\/www.legistdf.gob.ar\/wp-content\/uploads\/2018\/11\/IMG_8568-1024x683.jpg\" \/><\/a>\n\t\t\t<\/dt><\/dl><br style=\"clear: both\" \/>\n\t\t<\/div>\n\n","protected":false},"excerpt":{"rendered":"<p>Ushuaia, jueves 29 de noviembre de 2018.- La joven judoca Nahir Insaurralde se reuni\u00f3 con el vicegobernador Juan Carlos Arcando, en sede de Presidencia del Parlamento. Acompa\u00f1ada de su madre Gisela, cont\u00f3 al titular de la C\u00e1mara sobre su participaci\u00f3n en los \u00faltimos torneos internacionales en los que particip\u00f3, en representaci\u00f3n del pa\u00eds. \u00a0 Nahir [&hellip;]<\/p>\n","protected":false},"author":352,"featured_media":10949,"comment_status":"closed","ping_status":"open","sticky":false,"template":"","format":"standard","meta":{"jetpack_post_was_ever_published":false,"_jetpack_newsletter_access":"","_jetpack_dont_email_post_to_subs":false,"_jetpack_newsletter_tier_id":0,"footnotes":"","jetpack_publicize_message":"","jetpack_publicize_feature_enabled":true,"jetpack_social_post_already_shared":true,"jetpack_social_options":{"image_generator_settings":{"template":"highway","enabled":false}}},"categories":[1],"tags":[97,715,717],"jetpack_publicize_connections":[],"jetpack_sharing_enabled":true,"jetpack_featured_media_url":"https:\/\/www.legistdf.gob.ar\/wp-content\/uploads\/2018\/11\/IMG_8568.jpg","jetpack-related-posts":[],"_links":{"self":[{"href":"https:\/\/www.legistdf.gob.ar\/index.php\/wp-json\/wp\/v2\/posts\/10948"}],"collection":[{"href":"https:\/\/www.legistdf.gob.ar\/index.php\/wp-json\/wp\/v2\/posts"}],"about":[{"href":"https:\/\/www.legistdf.gob.ar\/index.php\/wp-json\/wp\/v2\/types\/post"}],"author":[{"embeddable":true,"href":"https:\/\/www.legistdf.gob.ar\/index.php\/wp-json\/wp\/v2\/users\/352"}],"replies":[{"embeddable":true,"href":"https:\/\/www.legistdf.gob.ar\/index.php\/wp-json\/wp\/v2\/comments?post=10948"}],"version-history":[{"count":1,"href":"https:\/\/www.legistdf.gob.ar\/index.php\/wp-json\/wp\/v2\/posts\/10948\/revisions"}],"predecessor-version":[{"id":10950,"href":"https:\/\/www.legistdf.gob.ar\/index.php\/wp-json\/wp\/v2\/posts\/10948\/revisions\/10950"}],"wp:featuredmedia":[{"embeddable":true,"href":"https:\/\/www.legistdf.gob.ar\/index.php\/wp-json\/wp\/v2\/media\/10949"}],"wp:attachment":[{"href":"https:\/\/www.legistdf.gob.ar\/index.php\/wp-json\/wp\/v2\/media?parent=10948"}],"wp:term":[{"taxonomy":"category","embeddable":true,"href":"https:\/\/www.legistdf.gob.ar\/index.php\/wp-json\/wp\/v2\/categories?post=10948"},{"taxonomy":"post_tag","embeddable":true,"href":"https:\/\/www.legistdf.gob.ar\/index.php\/wp-json\/wp\/v2\/tags?post=10948"}],"curies":[{"name":"wp","href":"https:\/\/api.w.org\/{rel}","templated":true}]}}