{"id":10958,"date":"2018-11-29T13:26:42","date_gmt":"2018-11-29T16:26:42","guid":{"rendered":"http:\/\/www.legistdf.gob.ar\/?p=10958"},"modified":"2018-11-26T15:53:12","modified_gmt":"2018-11-26T18:53:12","slug":"sociedad-la-fundacion-te-quiero-paraguay-se-reunio-con-el-vicegobernador","status":"publish","type":"post","link":"https:\/\/www.legistdf.gob.ar\/index.php\/2018\/11\/29\/sociedad-la-fundacion-te-quiero-paraguay-se-reunio-con-el-vicegobernador\/","title":{"rendered":"SOCIEDAD: La Fundaci\u00f3n \u201cTe quiero Paraguay\u201d se reuni\u00f3 con el Vicegobernador"},"content":{"rendered":"<p><strong>Ushuaia, jueves 29 de noviembre de 2018.- El Presidente del Parlamento, vicegobernador Juan Carlos Arcando, recibi\u00f3 en sede de Presidencia a la titular de la Fundaci\u00f3n Cultural \u201cTe quiero Paraguay\u201d, Liduvina Ferreira. \u201cEstamos muy agradecidos por el permanente apoyo que recibimos del Vicegobernador\u201d, dijo la representante de los residentes paraguayos en la Provincia.<\/strong><\/p>\n<p><strong>\u00a0<\/strong><\/p>\n<p>Liduvina Ferreira cont\u00f3 a Prensa Legislativa que \u201cel Vicegobernador nos ayud\u00f3 en la adquisici\u00f3n de una cocina industrial y un freezer, que nos hacen mucha falta\u201d, ya que es un medio que los residentes paraguayos utilizan para recaudar fondos, a trav\u00e9s de la venta de comidas t\u00edpicas.<\/p>\n<p>&nbsp;<\/p>\n<p>\u201cSabemos que la gente no est\u00e1 bien econ\u00f3micamente, utilizamos esos elementos para elaborar nuestras comidas tradicionales y poder venderlas, y as\u00ed adquirir otros elementos que necesitamos para otras actividades que desarrollamos en nuestra Fundaci\u00f3n\u201d, explic\u00f3.<\/p>\n<p>&nbsp;<\/p>\n<p>En este sentido, Liduvina detall\u00f3, entre los elementos que habitualmente necesitan se encuentran \u201chilos para el taller de costura, otro tipo de hilos para el taller de tejidos, elementos necesarios para continuar con nuestras labores\u201d.<\/p>\n<p>&nbsp;<\/p>\n<p>Adelant\u00f3 que \u201cen este momento no est\u00e1 funcionando, pero est\u00e1 proyectado llevar a cabo un merendero o algo similar, o al menos una juntada recreativa con los chicos, los fines de semana\u201d, dijo, a modo de contribuir con la sociedad \u201cen momentos dif\u00edciles como los que estamos viviendo\u201d, cerr\u00f3.<\/p>\n<p>&nbsp;<\/p>\n\n\t\t<style type=\"text\/css\">\n\t\t\t#gallery-1 {\n\t\t\t\tmargin: auto;\n\t\t\t}\n\t\t\t#gallery-1 .gallery-item {\n\t\t\t\tfloat: left;\n\t\t\t\tmargin-top: 10px;\n\t\t\t\ttext-align: center;\n\t\t\t\twidth: 100%;\n\t\t\t}\n\t\t\t#gallery-1 img {\n\t\t\t\tborder: 2px solid #cfcfcf;\n\t\t\t}\n\t\t\t#gallery-1 .gallery-caption {\n\t\t\t\tmargin-left: 0;\n\t\t\t}\n\t\t\t\/* see gallery_shortcode() in wp-includes\/media.php *\/\n\t\t<\/style>\n\t\t<div data-carousel-extra='{\"blog_id\":1,\"permalink\":\"https:\\\/\\\/www.legistdf.gob.ar\\\/index.php\\\/2018\\\/11\\\/29\\\/sociedad-la-fundacion-te-quiero-paraguay-se-reunio-con-el-vicegobernador\\\/\"}' id='gallery-1' class='gallery galleryid-10958 gallery-columns-1 gallery-size-thumbnail'><dl class='gallery-item'>\n\t\t\t<dt class='gallery-icon landscape'>\n\t\t\t\t<a href='https:\/\/www.legistdf.gob.ar\/index.php\/2018\/11\/29\/sociedad-la-fundacion-te-quiero-paraguay-se-reunio-con-el-vicegobernador\/img_8569-2\/'><img loading=\"lazy\" decoding=\"async\" width=\"150\" height=\"150\" src=\"https:\/\/www.legistdf.gob.ar\/wp-content\/uploads\/2018\/11\/IMG_8569-150x150.jpg\" class=\"attachment-thumbnail size-thumbnail\" alt=\"\" srcset=\"https:\/\/www.legistdf.gob.ar\/wp-content\/uploads\/2018\/11\/IMG_8569-150x150.jpg 150w, https:\/\/www.legistdf.gob.ar\/wp-content\/uploads\/2018\/11\/IMG_8569-64x64.jpg 64w\" sizes=\"(max-width: 150px) 100vw, 150px\" data-attachment-id=\"10959\" data-permalink=\"https:\/\/www.legistdf.gob.ar\/index.php\/2018\/11\/29\/sociedad-la-fundacion-te-quiero-paraguay-se-reunio-con-el-vicegobernador\/img_8569-2\/\" data-orig-file=\"https:\/\/www.legistdf.gob.ar\/wp-content\/uploads\/2018\/11\/IMG_8569.jpg\" data-orig-size=\"1500,1000\" data-comments-opened=\"0\" data-image-meta=\"{&quot;aperture&quot;:&quot;7.1&quot;,&quot;credit&quot;:&quot;&quot;,&quot;camera&quot;:&quot;Canon EOS 6D&quot;,&quot;caption&quot;:&quot;&quot;,&quot;created_timestamp&quot;:&quot;1542885798&quot;,&quot;copyright&quot;:&quot;&quot;,&quot;focal_length&quot;:&quot;44&quot;,&quot;iso&quot;:&quot;160&quot;,&quot;shutter_speed&quot;:&quot;0.0125&quot;,&quot;title&quot;:&quot;&quot;,&quot;orientation&quot;:&quot;0&quot;}\" data-image-title=\"IMG_8569\" data-image-description=\"\" data-image-caption=\"\" data-medium-file=\"https:\/\/www.legistdf.gob.ar\/wp-content\/uploads\/2018\/11\/IMG_8569-300x200.jpg\" data-large-file=\"https:\/\/www.legistdf.gob.ar\/wp-content\/uploads\/2018\/11\/IMG_8569-1024x683.jpg\" \/><\/a>\n\t\t\t<\/dt><\/dl><br style=\"clear: both\" \/>\n\t\t<\/div>\n\n","protected":false},"excerpt":{"rendered":"<p>Ushuaia, jueves 29 de noviembre de 2018.- El Presidente del Parlamento, vicegobernador Juan Carlos Arcando, recibi\u00f3 en sede de Presidencia a la titular de la Fundaci\u00f3n Cultural \u201cTe quiero Paraguay\u201d, Liduvina Ferreira. \u201cEstamos muy agradecidos por el permanente apoyo que recibimos del Vicegobernador\u201d, dijo la representante de los residentes paraguayos en la Provincia. \u00a0 Liduvina [&hellip;]<\/p>\n","protected":false},"author":352,"featured_media":10959,"comment_status":"closed","ping_status":"open","sticky":false,"template":"","format":"standard","meta":{"jetpack_post_was_ever_published":false,"_jetpack_newsletter_access":"","_jetpack_dont_email_post_to_subs":false,"_jetpack_newsletter_tier_id":0,"footnotes":"","jetpack_publicize_message":"","jetpack_publicize_feature_enabled":true,"jetpack_social_post_already_shared":true,"jetpack_social_options":{"image_generator_settings":{"template":"highway","enabled":false}}},"categories":[1],"tags":[857,97,856],"jetpack_publicize_connections":[],"jetpack_sharing_enabled":true,"jetpack_featured_media_url":"https:\/\/www.legistdf.gob.ar\/wp-content\/uploads\/2018\/11\/IMG_8569.jpg","jetpack-related-posts":[],"_links":{"self":[{"href":"https:\/\/www.legistdf.gob.ar\/index.php\/wp-json\/wp\/v2\/posts\/10958"}],"collection":[{"href":"https:\/\/www.legistdf.gob.ar\/index.php\/wp-json\/wp\/v2\/posts"}],"about":[{"href":"https:\/\/www.legistdf.gob.ar\/index.php\/wp-json\/wp\/v2\/types\/post"}],"author":[{"embeddable":true,"href":"https:\/\/www.legistdf.gob.ar\/index.php\/wp-json\/wp\/v2\/users\/352"}],"replies":[{"embeddable":true,"href":"https:\/\/www.legistdf.gob.ar\/index.php\/wp-json\/wp\/v2\/comments?post=10958"}],"version-history":[{"count":2,"href":"https:\/\/www.legistdf.gob.ar\/index.php\/wp-json\/wp\/v2\/posts\/10958\/revisions"}],"predecessor-version":[{"id":10965,"href":"https:\/\/www.legistdf.gob.ar\/index.php\/wp-json\/wp\/v2\/posts\/10958\/revisions\/10965"}],"wp:featuredmedia":[{"embeddable":true,"href":"https:\/\/www.legistdf.gob.ar\/index.php\/wp-json\/wp\/v2\/media\/10959"}],"wp:attachment":[{"href":"https:\/\/www.legistdf.gob.ar\/index.php\/wp-json\/wp\/v2\/media?parent=10958"}],"wp:term":[{"taxonomy":"category","embeddable":true,"href":"https:\/\/www.legistdf.gob.ar\/index.php\/wp-json\/wp\/v2\/categories?post=10958"},{"taxonomy":"post_tag","embeddable":true,"href":"https:\/\/www.legistdf.gob.ar\/index.php\/wp-json\/wp\/v2\/tags?post=10958"}],"curies":[{"name":"wp","href":"https:\/\/api.w.org\/{rel}","templated":true}]}}