{"id":10995,"date":"2018-11-29T19:11:20","date_gmt":"2018-11-29T22:11:20","guid":{"rendered":"http:\/\/www.legistdf.gob.ar\/?p=10995"},"modified":"2018-11-27T15:38:03","modified_gmt":"2018-11-27T18:38:03","slug":"sociedad-colaboracion-de-la-legislatura-a-familia-que-sufrio-siniestro","status":"publish","type":"post","link":"https:\/\/www.legistdf.gob.ar\/index.php\/2018\/11\/29\/sociedad-colaboracion-de-la-legislatura-a-familia-que-sufrio-siniestro\/","title":{"rendered":"SOCIEDAD: Colaboraci\u00f3n de la Legislatura a familia que sufri\u00f3 siniestro"},"content":{"rendered":"<p><strong>Ushuaia, jueves 29\u00a0<\/strong><strong>de noviembre de 2018.- Ra\u00fal Belmonte se reuni\u00f3 con el vicegobernador Juan Carlos Arcando, espacio donde detall\u00f3 las p\u00e9rdidas que ocasion\u00f3 un incendio en su vivienda en Ushuaia. \u201cTuvimos p\u00e9rdidas totales\u201d en el siniestro donde se encontraban distintas herramientas de panificaci\u00f3n. \u201cLas p\u00e9rdidas alcanzaron los 300 mil pesos entre materiales de trabajo\u201d y la vivienda particular. Junto al Vicegobernador, las legisladoras Marcela G\u00f3mez y Angelina Carrasco, aportaron para la familia.<\/strong><\/p>\n<p>&nbsp;<\/p>\n<p>Entre las herramientas, el joven detall\u00f3 dos hornos pizzeros; amasadora de 30 kg; sobadora; 130 latas para pizzas y m\u00e1s de 10 mil pesos en insumos. \u201cGracias a las legisladoras G\u00f3mez y Carrasco; del MPF y el Vicegobernador, de a poco fueron colaborando para remediar esta situaci\u00f3n\u201d, cerr\u00f3.<\/p>\n<p>&nbsp;<\/p>\n<p>&nbsp;<\/p>\n\n\t\t<style type=\"text\/css\">\n\t\t\t#gallery-1 {\n\t\t\t\tmargin: auto;\n\t\t\t}\n\t\t\t#gallery-1 .gallery-item {\n\t\t\t\tfloat: left;\n\t\t\t\tmargin-top: 10px;\n\t\t\t\ttext-align: center;\n\t\t\t\twidth: 100%;\n\t\t\t}\n\t\t\t#gallery-1 img {\n\t\t\t\tborder: 2px solid #cfcfcf;\n\t\t\t}\n\t\t\t#gallery-1 .gallery-caption {\n\t\t\t\tmargin-left: 0;\n\t\t\t}\n\t\t\t\/* see gallery_shortcode() in wp-includes\/media.php *\/\n\t\t<\/style>\n\t\t<div data-carousel-extra='{\"blog_id\":1,\"permalink\":\"https:\\\/\\\/www.legistdf.gob.ar\\\/index.php\\\/2018\\\/11\\\/29\\\/sociedad-colaboracion-de-la-legislatura-a-familia-que-sufrio-siniestro\\\/\"}' id='gallery-1' class='gallery galleryid-10995 gallery-columns-1 gallery-size-thumbnail'><dl class='gallery-item'>\n\t\t\t<dt class='gallery-icon landscape'>\n\t\t\t\t<a href='https:\/\/www.legistdf.gob.ar\/index.php\/2018\/11\/29\/sociedad-colaboracion-de-la-legislatura-a-familia-que-sufrio-siniestro\/img_9364\/'><img loading=\"lazy\" decoding=\"async\" width=\"150\" height=\"150\" src=\"https:\/\/www.legistdf.gob.ar\/wp-content\/uploads\/2018\/11\/IMG_9364-150x150.jpg\" class=\"attachment-thumbnail size-thumbnail\" alt=\"\" srcset=\"https:\/\/www.legistdf.gob.ar\/wp-content\/uploads\/2018\/11\/IMG_9364-150x150.jpg 150w, https:\/\/www.legistdf.gob.ar\/wp-content\/uploads\/2018\/11\/IMG_9364-64x64.jpg 64w\" sizes=\"(max-width: 150px) 100vw, 150px\" data-attachment-id=\"10996\" data-permalink=\"https:\/\/www.legistdf.gob.ar\/index.php\/2018\/11\/29\/sociedad-colaboracion-de-la-legislatura-a-familia-que-sufrio-siniestro\/img_9364\/\" data-orig-file=\"https:\/\/www.legistdf.gob.ar\/wp-content\/uploads\/2018\/11\/IMG_9364.jpg\" data-orig-size=\"1500,1000\" data-comments-opened=\"0\" data-image-meta=\"{&quot;aperture&quot;:&quot;6.3&quot;,&quot;credit&quot;:&quot;&quot;,&quot;camera&quot;:&quot;Canon EOS 6D&quot;,&quot;caption&quot;:&quot;&quot;,&quot;created_timestamp&quot;:&quot;1543219243&quot;,&quot;copyright&quot;:&quot;&quot;,&quot;focal_length&quot;:&quot;39&quot;,&quot;iso&quot;:&quot;200&quot;,&quot;shutter_speed&quot;:&quot;0.0125&quot;,&quot;title&quot;:&quot;&quot;,&quot;orientation&quot;:&quot;0&quot;}\" data-image-title=\"IMG_9364\" data-image-description=\"\" data-image-caption=\"\" data-medium-file=\"https:\/\/www.legistdf.gob.ar\/wp-content\/uploads\/2018\/11\/IMG_9364-300x200.jpg\" data-large-file=\"https:\/\/www.legistdf.gob.ar\/wp-content\/uploads\/2018\/11\/IMG_9364-1024x683.jpg\" \/><\/a>\n\t\t\t<\/dt><\/dl><br style=\"clear: both\" \/>\n\t\t<\/div>\n\n","protected":false},"excerpt":{"rendered":"<p>Ushuaia, jueves 29\u00a0de noviembre de 2018.- Ra\u00fal Belmonte se reuni\u00f3 con el vicegobernador Juan Carlos Arcando, espacio donde detall\u00f3 las p\u00e9rdidas que ocasion\u00f3 un incendio en su vivienda en Ushuaia. \u201cTuvimos p\u00e9rdidas totales\u201d en el siniestro donde se encontraban distintas herramientas de panificaci\u00f3n. \u201cLas p\u00e9rdidas alcanzaron los 300 mil pesos entre materiales de trabajo\u201d y [&hellip;]<\/p>\n","protected":false},"author":352,"featured_media":10996,"comment_status":"closed","ping_status":"open","sticky":false,"template":"","format":"standard","meta":{"jetpack_post_was_ever_published":false,"_jetpack_newsletter_access":"","_jetpack_dont_email_post_to_subs":false,"_jetpack_newsletter_tier_id":0,"footnotes":"","jetpack_publicize_message":"","jetpack_publicize_feature_enabled":true,"jetpack_social_post_already_shared":true,"jetpack_social_options":{"image_generator_settings":{"template":"highway","enabled":false}}},"categories":[1],"tags":[124,866,868,97,78,123,865,867,629],"jetpack_publicize_connections":[],"jetpack_sharing_enabled":true,"jetpack_featured_media_url":"https:\/\/www.legistdf.gob.ar\/wp-content\/uploads\/2018\/11\/IMG_9364.jpg","jetpack-related-posts":[],"_links":{"self":[{"href":"https:\/\/www.legistdf.gob.ar\/index.php\/wp-json\/wp\/v2\/posts\/10995"}],"collection":[{"href":"https:\/\/www.legistdf.gob.ar\/index.php\/wp-json\/wp\/v2\/posts"}],"about":[{"href":"https:\/\/www.legistdf.gob.ar\/index.php\/wp-json\/wp\/v2\/types\/post"}],"author":[{"embeddable":true,"href":"https:\/\/www.legistdf.gob.ar\/index.php\/wp-json\/wp\/v2\/users\/352"}],"replies":[{"embeddable":true,"href":"https:\/\/www.legistdf.gob.ar\/index.php\/wp-json\/wp\/v2\/comments?post=10995"}],"version-history":[{"count":1,"href":"https:\/\/www.legistdf.gob.ar\/index.php\/wp-json\/wp\/v2\/posts\/10995\/revisions"}],"predecessor-version":[{"id":10997,"href":"https:\/\/www.legistdf.gob.ar\/index.php\/wp-json\/wp\/v2\/posts\/10995\/revisions\/10997"}],"wp:featuredmedia":[{"embeddable":true,"href":"https:\/\/www.legistdf.gob.ar\/index.php\/wp-json\/wp\/v2\/media\/10996"}],"wp:attachment":[{"href":"https:\/\/www.legistdf.gob.ar\/index.php\/wp-json\/wp\/v2\/media?parent=10995"}],"wp:term":[{"taxonomy":"category","embeddable":true,"href":"https:\/\/www.legistdf.gob.ar\/index.php\/wp-json\/wp\/v2\/categories?post=10995"},{"taxonomy":"post_tag","embeddable":true,"href":"https:\/\/www.legistdf.gob.ar\/index.php\/wp-json\/wp\/v2\/tags?post=10995"}],"curies":[{"name":"wp","href":"https:\/\/api.w.org\/{rel}","templated":true}]}}