{"id":11108,"date":"2018-12-03T11:49:55","date_gmt":"2018-12-03T14:49:55","guid":{"rendered":"http:\/\/www.legistdf.gob.ar\/?p=11108"},"modified":"2018-12-04T15:35:07","modified_gmt":"2018-12-04T18:35:07","slug":"comisiones-la-comision-de-vivienda-abordara-construccion-de-viviendas-sin-fines-de-lucro","status":"publish","type":"post","link":"https:\/\/www.legistdf.gob.ar\/index.php\/2018\/12\/03\/comisiones-la-comision-de-vivienda-abordara-construccion-de-viviendas-sin-fines-de-lucro\/","title":{"rendered":"COMISIONES: La Comisi\u00f3n de Vivienda abordar\u00e1 construcci\u00f3n de viviendas sin fines de lucro"},"content":{"rendered":"<p><strong>Ushuaia, lunes 3 de diciembre de 2018.- La Comisi\u00f3n de Viviendas N\u00ba 5, que preside legisladora Liliana Mart\u00ednez Allende, se reunir\u00e1 el 12 de diciembre a las 12 h, para tratar dos asuntos interbloques. Uno refiere a la construcci\u00f3n de viviendas sin fines de lucro y el segundo, a la modificaci\u00f3n de la Ley provincial N\u00ba 19 \u2013 Instituto Provincial de Vivienda (IPV). <\/strong><\/p>\n<p>&nbsp;<\/p>\n<p>El asunto N\u00ba 447\/18 propone la a finalizaci\u00f3n de la crisis habitacional en la Provincia; la optimizaci\u00f3n de los recursos del Estado; fomentar el compre fueguino y la producci\u00f3n de insumos y creaci\u00f3n de puestos de trabajo. En el primer articulado de la normativa que se analizar\u00e1 el jueves, expresan que \u201cel Instituto Provincial de la Vivienda, instrumentar\u00e1 pol\u00edticas de construcci\u00f3n de viviendas, mediante la administraci\u00f3n y control del financiamiento, por parte de los propios adjudicatarios\u201d<\/p>\n<p>&nbsp;<\/p>\n<p>La propuesta legislativa ingres\u00f3 en la sesi\u00f3n de septiembre pasado y fue tomada por los tres bloques pol\u00edticos con representaci\u00f3n parlamentaria. Se trata de una iniciativa presentada por referentes de la cooperativa Nuestro Techo y cooperativa de trabajo Casa Base Ltda.<\/p>\n<p>&nbsp;<\/p>\n<p>En tanto, la modificaci\u00f3n de la Ley provincial N\u00ba 19, asunto N\u00ba 582\/18, propone la \u201campliaci\u00f3n del objeto normativo del IPV incorporando en sus competencias la existencia de la autogesti\u00f3n a trav\u00e9s de la implementaci\u00f3n del programa de Autogesti\u00f3n de la Vivienda y H\u00e1bitat Popular. (PAVHP)\u201d. Es una idea de Cooperativa de Trabajo Casa Base Ltda; Movimiento de Ocupantes e Inquilinos-CTA y la Federaci\u00f3n de Cooperativas Autogestionarias &#8211; MOI-CTA.<\/p>\n<p>&nbsp;<\/p>\n<p>Entre las modificaciones se abordar\u00e1n, desde las organizaciones esperan incorporar el inciso o) al art\u00edculo 5\u00b0 de la Ley provincial N\u00ba 19 que diga: \u201co) fomentar pol\u00edticas de producci\u00f3n social a trav\u00e9s de la creaci\u00f3n de un Programa de autogesti\u00f3n del h\u00e1bitat popular, afectando una parte de sus recursos t\u00e9cnicos, econ\u00f3micos y financieros para dar respuesta a las personas y familias que, a trav\u00e9s de la organizaci\u00f3n colectiva que aut\u00f3nomamente se den, produzcan autogestionariamente su proyecto de h\u00e1bitat.\u00bb<\/p>\n<p>En los fundamentos, sostienen la necesidad de incluir el Programa de Autogesti\u00f3n para la Vivienda (PAV). \u201cEs la primera operatoria crediticia en la Ciudad de Buenos Aires que establece grupos poblacionales colectivos y promueve el compromiso activo y la participaci\u00f3n efectiva de sus beneficiarios. El PAV no es un programa que atienda la emergencia habitacional. Se requiere una serie de recursos (materiales, t\u00e9cnicos, sociales, educativos, culturales y organizativos) para poder sortear un proceso que puede extenderse por varios a\u00f1os\u201d, se\u00f1alan.<\/p>\n<p>&nbsp;<\/p>\n<p>Para el tratamiento de este asunto, se espera la participaci\u00f3n del titular de IPV, Dr. Gustavo V\u00e1zquez.<\/p>\n","protected":false},"excerpt":{"rendered":"<p>Ushuaia, lunes 3 de diciembre de 2018.- La Comisi\u00f3n de Viviendas N\u00ba 5, que preside legisladora Liliana Mart\u00ednez Allende, se reunir\u00e1 el 12 de diciembre a las 12 h, para tratar dos asuntos interbloques. Uno refiere a la construcci\u00f3n de viviendas sin fines de lucro y el segundo, a la modificaci\u00f3n de la Ley provincial [&hellip;]<\/p>\n","protected":false},"author":352,"featured_media":10819,"comment_status":"closed","ping_status":"open","sticky":false,"template":"","format":"standard","meta":{"jetpack_post_was_ever_published":false,"_jetpack_newsletter_access":"","_jetpack_dont_email_post_to_subs":false,"_jetpack_newsletter_tier_id":0,"footnotes":"","jetpack_publicize_message":"","jetpack_publicize_feature_enabled":true,"jetpack_social_post_already_shared":true,"jetpack_social_options":{"image_generator_settings":{"template":"highway","enabled":false}}},"categories":[1],"tags":[84,694,78,155,79,87,407],"jetpack_publicize_connections":[],"jetpack_sharing_enabled":true,"jetpack_featured_media_url":"https:\/\/www.legistdf.gob.ar\/wp-content\/uploads\/2018\/11\/IMG_8080.jpg","jetpack-related-posts":[],"_links":{"self":[{"href":"https:\/\/www.legistdf.gob.ar\/index.php\/wp-json\/wp\/v2\/posts\/11108"}],"collection":[{"href":"https:\/\/www.legistdf.gob.ar\/index.php\/wp-json\/wp\/v2\/posts"}],"about":[{"href":"https:\/\/www.legistdf.gob.ar\/index.php\/wp-json\/wp\/v2\/types\/post"}],"author":[{"embeddable":true,"href":"https:\/\/www.legistdf.gob.ar\/index.php\/wp-json\/wp\/v2\/users\/352"}],"replies":[{"embeddable":true,"href":"https:\/\/www.legistdf.gob.ar\/index.php\/wp-json\/wp\/v2\/comments?post=11108"}],"version-history":[{"count":2,"href":"https:\/\/www.legistdf.gob.ar\/index.php\/wp-json\/wp\/v2\/posts\/11108\/revisions"}],"predecessor-version":[{"id":11144,"href":"https:\/\/www.legistdf.gob.ar\/index.php\/wp-json\/wp\/v2\/posts\/11108\/revisions\/11144"}],"wp:featuredmedia":[{"embeddable":true,"href":"https:\/\/www.legistdf.gob.ar\/index.php\/wp-json\/wp\/v2\/media\/10819"}],"wp:attachment":[{"href":"https:\/\/www.legistdf.gob.ar\/index.php\/wp-json\/wp\/v2\/media?parent=11108"}],"wp:term":[{"taxonomy":"category","embeddable":true,"href":"https:\/\/www.legistdf.gob.ar\/index.php\/wp-json\/wp\/v2\/categories?post=11108"},{"taxonomy":"post_tag","embeddable":true,"href":"https:\/\/www.legistdf.gob.ar\/index.php\/wp-json\/wp\/v2\/tags?post=11108"}],"curies":[{"name":"wp","href":"https:\/\/api.w.org\/{rel}","templated":true}]}}