{"id":11168,"date":"2018-12-05T15:23:10","date_gmt":"2018-12-05T18:23:10","guid":{"rendered":"http:\/\/www.legistdf.gob.ar\/?p=11168"},"modified":"2018-12-05T15:23:10","modified_gmt":"2018-12-05T18:23:10","slug":"cultura-es-de-interes-provincial-la-7a-edicion-de-la-muestra-internacional-de-cine-ambiental","status":"publish","type":"post","link":"https:\/\/www.legistdf.gob.ar\/index.php\/2018\/12\/05\/cultura-es-de-interes-provincial-la-7a-edicion-de-la-muestra-internacional-de-cine-ambiental\/","title":{"rendered":"CULTURA: Es de inter\u00e9s provincial la 7\u00aa edici\u00f3n de la muestra internacional de Cine Ambiental"},"content":{"rendered":"<p><b>Ushuaia, mi\u00e9rcoles\u00a05 de diciembre de 2018.- El bloque del MPF propuso declarar de inter\u00e9s provincial la 7\u00ba Edici\u00f3n de la Muestra Internacional de Cine Ambiental Independiente que present\u00f3 como objetivo fundamental el transmitir conocimiento, informaci\u00f3n y educaci\u00f3n. El Parlamento aprob\u00f3 por unanimidad la declaraci\u00f3n de inter\u00e9s provincial, propuesta en el asunto 501\/18.<\/b><\/p>\n<p>&nbsp;<\/p>\n<p>Con la misi\u00f3n de transmitir conocimiento, informaci\u00f3n y educaci\u00f3n es que surge la idea de la realizaci\u00f3n de la Muestra Internacional de Cine Ambiental Independiente en Ushuaia (MICAI), con el objetivo de acercar a la comunidad el trabajo de distintos realizadores de nuestro pa\u00eds y de otros que pretenden hacer una diferencia en lo que a medio ambiente respecta.<\/p>\n<p>&nbsp;<\/p>\n<p>La muestra, \u201cretrata a trav\u00e9s del arte cinematogr\u00e1fico, diferentes aspectos de la vida en nuestro planeta y de c\u00f3mo \u00e9sta se ve afectada por la intervenci\u00f3n de la especie humana\u201d, describen en los fundamentos los Legisladores del MPF.<\/p>\n<p>&nbsp;<\/p>\n<p>Mane&#8217;kenk, es una asociaci\u00f3n civil sin fines de lucro, que desde el 2005 persigue la defensa de los derechos ambientales de la provincia de Tierra del Fuego, haciendo foco en la educaci\u00f3n como pilar de trabajo, en la difusi\u00f3n de los valores ambientalistas que fundaron la asociaci\u00f3n.<\/p>\n<p>&nbsp;<\/p>\n<p>Entre las tareas de la asociaci\u00f3n se destacan la defensa del medio ambiente, difundir y denunciar problem\u00e1ticas ambientales que afecten a la comunidad, movilizar a la sociedad en resguardo de temas relativos a problemas culturales, educativos o ambientales, promover y ejecutar acciones culturales para la comunidad que velen por la protecci\u00f3n ambiental.<\/p>\n\n\t\t<style type=\"text\/css\">\n\t\t\t#gallery-1 {\n\t\t\t\tmargin: auto;\n\t\t\t}\n\t\t\t#gallery-1 .gallery-item {\n\t\t\t\tfloat: left;\n\t\t\t\tmargin-top: 10px;\n\t\t\t\ttext-align: center;\n\t\t\t\twidth: 100%;\n\t\t\t}\n\t\t\t#gallery-1 img {\n\t\t\t\tborder: 2px solid #cfcfcf;\n\t\t\t}\n\t\t\t#gallery-1 .gallery-caption {\n\t\t\t\tmargin-left: 0;\n\t\t\t}\n\t\t\t\/* see gallery_shortcode() in wp-includes\/media.php *\/\n\t\t<\/style>\n\t\t<div data-carousel-extra='{\"blog_id\":1,\"permalink\":\"https:\\\/\\\/www.legistdf.gob.ar\\\/index.php\\\/2018\\\/12\\\/05\\\/cultura-es-de-interes-provincial-la-7a-edicion-de-la-muestra-internacional-de-cine-ambiental\\\/\"}' id='gallery-1' class='gallery galleryid-11168 gallery-columns-1 gallery-size-thumbnail'><dl class='gallery-item'>\n\t\t\t<dt class='gallery-icon landscape'>\n\t\t\t\t<a href='https:\/\/www.legistdf.gob.ar\/index.php\/2018\/12\/05\/cultura-es-de-interes-provincial-la-7a-edicion-de-la-muestra-internacional-de-cine-ambiental\/micai-logo-2018-transp\/'><img loading=\"lazy\" decoding=\"async\" width=\"150\" height=\"150\" src=\"https:\/\/www.legistdf.gob.ar\/wp-content\/uploads\/2018\/12\/MICAI-LOGO-2018-TRANSP-150x150.png\" class=\"attachment-thumbnail size-thumbnail\" alt=\"\" srcset=\"https:\/\/www.legistdf.gob.ar\/wp-content\/uploads\/2018\/12\/MICAI-LOGO-2018-TRANSP-150x150.png 150w, https:\/\/www.legistdf.gob.ar\/wp-content\/uploads\/2018\/12\/MICAI-LOGO-2018-TRANSP-300x300.png 300w, https:\/\/www.legistdf.gob.ar\/wp-content\/uploads\/2018\/12\/MICAI-LOGO-2018-TRANSP-768x768.png 768w, https:\/\/www.legistdf.gob.ar\/wp-content\/uploads\/2018\/12\/MICAI-LOGO-2018-TRANSP-1024x1024.png 1024w, https:\/\/www.legistdf.gob.ar\/wp-content\/uploads\/2018\/12\/MICAI-LOGO-2018-TRANSP-160x160.png 160w, https:\/\/www.legistdf.gob.ar\/wp-content\/uploads\/2018\/12\/MICAI-LOGO-2018-TRANSP-64x64.png 64w\" sizes=\"(max-width: 150px) 100vw, 150px\" data-attachment-id=\"11169\" data-permalink=\"https:\/\/www.legistdf.gob.ar\/index.php\/2018\/12\/05\/cultura-es-de-interes-provincial-la-7a-edicion-de-la-muestra-internacional-de-cine-ambiental\/micai-logo-2018-transp\/\" data-orig-file=\"https:\/\/www.legistdf.gob.ar\/wp-content\/uploads\/2018\/12\/MICAI-LOGO-2018-TRANSP.png\" data-orig-size=\"3727,3727\" data-comments-opened=\"0\" data-image-meta=\"{&quot;aperture&quot;:&quot;0&quot;,&quot;credit&quot;:&quot;&quot;,&quot;camera&quot;:&quot;&quot;,&quot;caption&quot;:&quot;&quot;,&quot;created_timestamp&quot;:&quot;0&quot;,&quot;copyright&quot;:&quot;&quot;,&quot;focal_length&quot;:&quot;0&quot;,&quot;iso&quot;:&quot;0&quot;,&quot;shutter_speed&quot;:&quot;0&quot;,&quot;title&quot;:&quot;&quot;,&quot;orientation&quot;:&quot;0&quot;}\" data-image-title=\"MICAI LOGO 2018 TRANSP\" data-image-description=\"\" data-image-caption=\"\" data-medium-file=\"https:\/\/www.legistdf.gob.ar\/wp-content\/uploads\/2018\/12\/MICAI-LOGO-2018-TRANSP-300x300.png\" data-large-file=\"https:\/\/www.legistdf.gob.ar\/wp-content\/uploads\/2018\/12\/MICAI-LOGO-2018-TRANSP-1024x1024.png\" \/><\/a>\n\t\t\t<\/dt><\/dl><br style=\"clear: both\" \/>\n\t\t<\/div>\n\n","protected":false},"excerpt":{"rendered":"<p>Ushuaia, mi\u00e9rcoles\u00a05 de diciembre de 2018.- El bloque del MPF propuso declarar de inter\u00e9s provincial la 7\u00ba Edici\u00f3n de la Muestra Internacional de Cine Ambiental Independiente que present\u00f3 como objetivo fundamental el transmitir conocimiento, informaci\u00f3n y educaci\u00f3n. El Parlamento aprob\u00f3 por unanimidad la declaraci\u00f3n de inter\u00e9s provincial, propuesta en el asunto 501\/18. &nbsp; Con la [&hellip;]<\/p>\n","protected":false},"author":352,"featured_media":11169,"comment_status":"closed","ping_status":"open","sticky":false,"template":"","format":"standard","meta":{"jetpack_post_was_ever_published":false,"_jetpack_newsletter_access":"","_jetpack_dont_email_post_to_subs":false,"_jetpack_newsletter_tier_id":0,"footnotes":"","jetpack_publicize_message":"","jetpack_publicize_feature_enabled":true,"jetpack_social_post_already_shared":true,"jetpack_social_options":{"image_generator_settings":{"template":"highway","enabled":false}}},"categories":[1],"tags":[433,148,113,117,79,87],"jetpack_publicize_connections":[],"jetpack_sharing_enabled":true,"jetpack_featured_media_url":"https:\/\/www.legistdf.gob.ar\/wp-content\/uploads\/2018\/12\/MICAI-LOGO-2018-TRANSP.png","jetpack-related-posts":[],"_links":{"self":[{"href":"https:\/\/www.legistdf.gob.ar\/index.php\/wp-json\/wp\/v2\/posts\/11168"}],"collection":[{"href":"https:\/\/www.legistdf.gob.ar\/index.php\/wp-json\/wp\/v2\/posts"}],"about":[{"href":"https:\/\/www.legistdf.gob.ar\/index.php\/wp-json\/wp\/v2\/types\/post"}],"author":[{"embeddable":true,"href":"https:\/\/www.legistdf.gob.ar\/index.php\/wp-json\/wp\/v2\/users\/352"}],"replies":[{"embeddable":true,"href":"https:\/\/www.legistdf.gob.ar\/index.php\/wp-json\/wp\/v2\/comments?post=11168"}],"version-history":[{"count":2,"href":"https:\/\/www.legistdf.gob.ar\/index.php\/wp-json\/wp\/v2\/posts\/11168\/revisions"}],"predecessor-version":[{"id":11171,"href":"https:\/\/www.legistdf.gob.ar\/index.php\/wp-json\/wp\/v2\/posts\/11168\/revisions\/11171"}],"wp:featuredmedia":[{"embeddable":true,"href":"https:\/\/www.legistdf.gob.ar\/index.php\/wp-json\/wp\/v2\/media\/11169"}],"wp:attachment":[{"href":"https:\/\/www.legistdf.gob.ar\/index.php\/wp-json\/wp\/v2\/media?parent=11168"}],"wp:term":[{"taxonomy":"category","embeddable":true,"href":"https:\/\/www.legistdf.gob.ar\/index.php\/wp-json\/wp\/v2\/categories?post=11168"},{"taxonomy":"post_tag","embeddable":true,"href":"https:\/\/www.legistdf.gob.ar\/index.php\/wp-json\/wp\/v2\/tags?post=11168"}],"curies":[{"name":"wp","href":"https:\/\/api.w.org\/{rel}","templated":true}]}}