{"id":11182,"date":"2018-12-06T18:20:01","date_gmt":"2018-12-06T21:20:01","guid":{"rendered":"http:\/\/www.legistdf.gob.ar\/?p=11182"},"modified":"2018-12-06T18:20:02","modified_gmt":"2018-12-06T21:20:02","slug":"legislatura-el-parlamento-reconocio-a-alumnos-de-la-escuela-rural-n-6-de-lago-escondido","status":"publish","type":"post","link":"https:\/\/www.legistdf.gob.ar\/index.php\/2018\/12\/06\/legislatura-el-parlamento-reconocio-a-alumnos-de-la-escuela-rural-n-6-de-lago-escondido\/","title":{"rendered":"LEGISLATURA: El Parlamento reconoci\u00f3 a alumnos de la escuela rural N\u00b0 6 de lago Escondido"},"content":{"rendered":"<p>&nbsp;<\/p>\n<p><strong>Ushuaia, jueves 6 de diciembre de 2018.- La legisladora Cristina Boyadjian (MPF), reconoci\u00f3 a los alumnos y docentes de la escuela rural N\u00b0 6 Entre R\u00edos del lago Escondido y el anexo de Puerto Almanza, 44 h\u00e9roes del ARA San Juan por su aporte a la promoci\u00f3n de Tierra del Fuego y la defensa de la soberan\u00eda argentina sobre las Islas Malvinas.<\/strong><\/p>\n<p>&nbsp;<\/p>\n<p>El 27 de octubre pasado, la Legislatura provincial, declar\u00f3 de inter\u00e9s educativo y cultural, el proyecto institucional denominado \u201cSemillas Fueguinas\u201d en el que los alumnos y docentes de esa escuela, realizaron un viaje de estudio a la Paran\u00e1, provincia de Entre R\u00edos, con el objetivo de promocionar los atractivos naturales de la provincia de Tierra del Fuego y difundir la defensa de la soberan\u00eda de las Islas Malvinas.<\/p>\n<p>&nbsp;<\/p>\n<p>En noviembre pasado, los estudiantes de nivel primario y nivel secundario de la escuela rural N\u00ba 6 Entre R\u00edos y su anexo Puerto Almanza 44 h\u00e9roes del submarino ARA San Juan, realizaron un viaje de estudio a la Paran\u00e1, provincia de Entre R\u00edos en el marco del proyecto educativo institucional \u201cSemillas Fueguinas\u201d. El objetivo fue difundir la flora, fauna, la geograf\u00eda, los primeros habitantes y los atractivos de la provincia de Tierra del Fuego, Ant\u00e1rtida e Islas del Atl\u00e1ntico Sur. Se destac\u00f3 un \u201cmuy significativo y emotivo\u201d \u00e9nfasis en la importancia de la defensa de la soberan\u00eda argentina sobre las Islas Malvinas.<\/p>\n<p>&nbsp;<\/p>\n<p>Asimismo, ese proyecto posibilit\u00f3 el intercambio de experiencias educativas con los alumnos de la escuela agrot\u00e9cnica de las Delicias, en Paran\u00e1, lo que proporcion\u00f3 a los estudiantes, un panorama de la realidad geogr\u00e1fica, hist\u00f3rica y cultural del pa\u00eds siguiendo la estructura curricular.<\/p>\n<p>&nbsp;<\/p>\n<p>El 9 de noviembre pasado, frente a un auditorio en el Consejo General de Educaci\u00f3n, (CGE), \u201ccolmado por m\u00e1s de un centenar de alumnos y autoridades escolares, se llev\u00f3 a cabo un important\u00edsimo encuentro cultural y educativo entre alumnos y maestros de las escuelas de Paran\u00e1 y los alumnos de la escuela rural N\u00b0 6 de nuestra Provincia\u201d. Los j\u00f3venes fueguinos fueron protagonistas de la defensa de la soberan\u00eda argentina sobre las Islas Malvinas y reivindicaron a sus h\u00e9roes y la importancia de su gesta.<\/p>\n<p>&nbsp;<\/p>\n<p>La legisladora Cristina Boyadjian, destac\u00f3 el trabajo de investigaci\u00f3n y desarrollo del proyecto que desarrollaron los alumnos, y que se vio reflejado en la exposici\u00f3n de los ni\u00f1os.<\/p>\n<p>&nbsp;<\/p>\n<p>Por otro lado, desde la escuela, como instituci\u00f3n multinivel, se consider\u00f3 que este tipo de experiencias de viaje de estudios \u201ces significativa desde varios aspectos: no s\u00f3lo desde lo pedag\u00f3gico, sino tambi\u00e9n como crecimiento personal y grupal de los estudiantes, ya que disfrutan de espacios de convivencia, de cooperaci\u00f3n y de trabajo en equipo. Los viajes de estudio favorecen as\u00ed el contacto y el encuentro con otros espacios, pueblos y culturas: incentivando el encuentro con la naturaleza, con el patrimonio hist\u00f3rico y cultural, y con diferencias realidades socio \u2013 econ\u00f3micas\u201d.<\/p>\n\n\t\t<style type=\"text\/css\">\n\t\t\t#gallery-1 {\n\t\t\t\tmargin: auto;\n\t\t\t}\n\t\t\t#gallery-1 .gallery-item {\n\t\t\t\tfloat: left;\n\t\t\t\tmargin-top: 10px;\n\t\t\t\ttext-align: center;\n\t\t\t\twidth: 33%;\n\t\t\t}\n\t\t\t#gallery-1 img {\n\t\t\t\tborder: 2px solid #cfcfcf;\n\t\t\t}\n\t\t\t#gallery-1 .gallery-caption {\n\t\t\t\tmargin-left: 0;\n\t\t\t}\n\t\t\t\/* see gallery_shortcode() in wp-includes\/media.php *\/\n\t\t<\/style>\n\t\t<div data-carousel-extra='{\"blog_id\":1,\"permalink\":\"https:\\\/\\\/www.legistdf.gob.ar\\\/index.php\\\/2018\\\/12\\\/06\\\/legislatura-el-parlamento-reconocio-a-alumnos-de-la-escuela-rural-n-6-de-lago-escondido\\\/\"}' id='gallery-1' class='gallery galleryid-11182 gallery-columns-3 gallery-size-thumbnail'><dl class='gallery-item'>\n\t\t\t<dt class='gallery-icon landscape'>\n\t\t\t\t<a href='https:\/\/www.legistdf.gob.ar\/index.php\/2018\/12\/06\/legislatura-el-parlamento-reconocio-a-alumnos-de-la-escuela-rural-n-6-de-lago-escondido\/whatsapp-image-2018-12-06-at-18-16-29-1\/'><img loading=\"lazy\" decoding=\"async\" width=\"150\" height=\"150\" src=\"https:\/\/www.legistdf.gob.ar\/wp-content\/uploads\/2018\/12\/WhatsApp-Image-2018-12-06-at-18.16.29-1-150x150.jpeg\" class=\"attachment-thumbnail size-thumbnail\" alt=\"\" srcset=\"https:\/\/www.legistdf.gob.ar\/wp-content\/uploads\/2018\/12\/WhatsApp-Image-2018-12-06-at-18.16.29-1-150x150.jpeg 150w, https:\/\/www.legistdf.gob.ar\/wp-content\/uploads\/2018\/12\/WhatsApp-Image-2018-12-06-at-18.16.29-1-64x64.jpeg 64w\" sizes=\"(max-width: 150px) 100vw, 150px\" data-attachment-id=\"11183\" data-permalink=\"https:\/\/www.legistdf.gob.ar\/index.php\/2018\/12\/06\/legislatura-el-parlamento-reconocio-a-alumnos-de-la-escuela-rural-n-6-de-lago-escondido\/whatsapp-image-2018-12-06-at-18-16-29-1\/\" data-orig-file=\"https:\/\/www.legistdf.gob.ar\/wp-content\/uploads\/2018\/12\/WhatsApp-Image-2018-12-06-at-18.16.29-1.jpeg\" data-orig-size=\"1280,622\" data-comments-opened=\"0\" data-image-meta=\"{&quot;aperture&quot;:&quot;0&quot;,&quot;credit&quot;:&quot;&quot;,&quot;camera&quot;:&quot;&quot;,&quot;caption&quot;:&quot;&quot;,&quot;created_timestamp&quot;:&quot;0&quot;,&quot;copyright&quot;:&quot;&quot;,&quot;focal_length&quot;:&quot;0&quot;,&quot;iso&quot;:&quot;0&quot;,&quot;shutter_speed&quot;:&quot;0&quot;,&quot;title&quot;:&quot;&quot;,&quot;orientation&quot;:&quot;0&quot;}\" data-image-title=\"WhatsApp Image 2018-12-06 at 18.16.29 (1)\" data-image-description=\"\" data-image-caption=\"\" data-medium-file=\"https:\/\/www.legistdf.gob.ar\/wp-content\/uploads\/2018\/12\/WhatsApp-Image-2018-12-06-at-18.16.29-1-300x146.jpeg\" data-large-file=\"https:\/\/www.legistdf.gob.ar\/wp-content\/uploads\/2018\/12\/WhatsApp-Image-2018-12-06-at-18.16.29-1-1024x498.jpeg\" \/><\/a>\n\t\t\t<\/dt><\/dl><dl class='gallery-item'>\n\t\t\t<dt class='gallery-icon landscape'>\n\t\t\t\t<a href='https:\/\/www.legistdf.gob.ar\/index.php\/2018\/12\/06\/legislatura-el-parlamento-reconocio-a-alumnos-de-la-escuela-rural-n-6-de-lago-escondido\/whatsapp-image-2018-12-06-at-18-16-29\/'><img loading=\"lazy\" decoding=\"async\" width=\"150\" height=\"150\" src=\"https:\/\/www.legistdf.gob.ar\/wp-content\/uploads\/2018\/12\/WhatsApp-Image-2018-12-06-at-18.16.29-150x150.jpeg\" class=\"attachment-thumbnail size-thumbnail\" alt=\"\" srcset=\"https:\/\/www.legistdf.gob.ar\/wp-content\/uploads\/2018\/12\/WhatsApp-Image-2018-12-06-at-18.16.29-150x150.jpeg 150w, https:\/\/www.legistdf.gob.ar\/wp-content\/uploads\/2018\/12\/WhatsApp-Image-2018-12-06-at-18.16.29-64x64.jpeg 64w\" sizes=\"(max-width: 150px) 100vw, 150px\" data-attachment-id=\"11184\" data-permalink=\"https:\/\/www.legistdf.gob.ar\/index.php\/2018\/12\/06\/legislatura-el-parlamento-reconocio-a-alumnos-de-la-escuela-rural-n-6-de-lago-escondido\/whatsapp-image-2018-12-06-at-18-16-29\/\" data-orig-file=\"https:\/\/www.legistdf.gob.ar\/wp-content\/uploads\/2018\/12\/WhatsApp-Image-2018-12-06-at-18.16.29.jpeg\" data-orig-size=\"1280,622\" data-comments-opened=\"0\" data-image-meta=\"{&quot;aperture&quot;:&quot;0&quot;,&quot;credit&quot;:&quot;&quot;,&quot;camera&quot;:&quot;&quot;,&quot;caption&quot;:&quot;&quot;,&quot;created_timestamp&quot;:&quot;0&quot;,&quot;copyright&quot;:&quot;&quot;,&quot;focal_length&quot;:&quot;0&quot;,&quot;iso&quot;:&quot;0&quot;,&quot;shutter_speed&quot;:&quot;0&quot;,&quot;title&quot;:&quot;&quot;,&quot;orientation&quot;:&quot;0&quot;}\" data-image-title=\"WhatsApp Image 2018-12-06 at 18.16.29\" data-image-description=\"\" data-image-caption=\"\" data-medium-file=\"https:\/\/www.legistdf.gob.ar\/wp-content\/uploads\/2018\/12\/WhatsApp-Image-2018-12-06-at-18.16.29-300x146.jpeg\" data-large-file=\"https:\/\/www.legistdf.gob.ar\/wp-content\/uploads\/2018\/12\/WhatsApp-Image-2018-12-06-at-18.16.29-1024x498.jpeg\" \/><\/a>\n\t\t\t<\/dt><\/dl><dl class='gallery-item'>\n\t\t\t<dt class='gallery-icon landscape'>\n\t\t\t\t<a href='https:\/\/www.legistdf.gob.ar\/index.php\/2018\/12\/06\/legislatura-el-parlamento-reconocio-a-alumnos-de-la-escuela-rural-n-6-de-lago-escondido\/whatsapp-image-2018-12-06-at-18-16-28-2\/'><img loading=\"lazy\" decoding=\"async\" width=\"150\" height=\"150\" src=\"https:\/\/www.legistdf.gob.ar\/wp-content\/uploads\/2018\/12\/WhatsApp-Image-2018-12-06-at-18.16.28-2-150x150.jpeg\" class=\"attachment-thumbnail size-thumbnail\" alt=\"\" srcset=\"https:\/\/www.legistdf.gob.ar\/wp-content\/uploads\/2018\/12\/WhatsApp-Image-2018-12-06-at-18.16.28-2-150x150.jpeg 150w, https:\/\/www.legistdf.gob.ar\/wp-content\/uploads\/2018\/12\/WhatsApp-Image-2018-12-06-at-18.16.28-2-64x64.jpeg 64w\" sizes=\"(max-width: 150px) 100vw, 150px\" data-attachment-id=\"11185\" data-permalink=\"https:\/\/www.legistdf.gob.ar\/index.php\/2018\/12\/06\/legislatura-el-parlamento-reconocio-a-alumnos-de-la-escuela-rural-n-6-de-lago-escondido\/whatsapp-image-2018-12-06-at-18-16-28-2\/\" data-orig-file=\"https:\/\/www.legistdf.gob.ar\/wp-content\/uploads\/2018\/12\/WhatsApp-Image-2018-12-06-at-18.16.28-2.jpeg\" data-orig-size=\"1280,622\" data-comments-opened=\"0\" data-image-meta=\"{&quot;aperture&quot;:&quot;0&quot;,&quot;credit&quot;:&quot;&quot;,&quot;camera&quot;:&quot;&quot;,&quot;caption&quot;:&quot;&quot;,&quot;created_timestamp&quot;:&quot;0&quot;,&quot;copyright&quot;:&quot;&quot;,&quot;focal_length&quot;:&quot;0&quot;,&quot;iso&quot;:&quot;0&quot;,&quot;shutter_speed&quot;:&quot;0&quot;,&quot;title&quot;:&quot;&quot;,&quot;orientation&quot;:&quot;0&quot;}\" data-image-title=\"WhatsApp Image 2018-12-06 at 18.16.28 (2)\" data-image-description=\"\" data-image-caption=\"\" data-medium-file=\"https:\/\/www.legistdf.gob.ar\/wp-content\/uploads\/2018\/12\/WhatsApp-Image-2018-12-06-at-18.16.28-2-300x146.jpeg\" data-large-file=\"https:\/\/www.legistdf.gob.ar\/wp-content\/uploads\/2018\/12\/WhatsApp-Image-2018-12-06-at-18.16.28-2-1024x498.jpeg\" \/><\/a>\n\t\t\t<\/dt><\/dl><br style=\"clear: both\" \/><dl class='gallery-item'>\n\t\t\t<dt class='gallery-icon landscape'>\n\t\t\t\t<a href='https:\/\/www.legistdf.gob.ar\/index.php\/2018\/12\/06\/legislatura-el-parlamento-reconocio-a-alumnos-de-la-escuela-rural-n-6-de-lago-escondido\/whatsapp-image-2018-12-06-at-18-16-28-1\/'><img loading=\"lazy\" decoding=\"async\" width=\"150\" height=\"150\" src=\"https:\/\/www.legistdf.gob.ar\/wp-content\/uploads\/2018\/12\/WhatsApp-Image-2018-12-06-at-18.16.28-1-150x150.jpeg\" class=\"attachment-thumbnail size-thumbnail\" alt=\"\" srcset=\"https:\/\/www.legistdf.gob.ar\/wp-content\/uploads\/2018\/12\/WhatsApp-Image-2018-12-06-at-18.16.28-1-150x150.jpeg 150w, https:\/\/www.legistdf.gob.ar\/wp-content\/uploads\/2018\/12\/WhatsApp-Image-2018-12-06-at-18.16.28-1-64x64.jpeg 64w\" sizes=\"(max-width: 150px) 100vw, 150px\" data-attachment-id=\"11186\" data-permalink=\"https:\/\/www.legistdf.gob.ar\/index.php\/2018\/12\/06\/legislatura-el-parlamento-reconocio-a-alumnos-de-la-escuela-rural-n-6-de-lago-escondido\/whatsapp-image-2018-12-06-at-18-16-28-1\/\" data-orig-file=\"https:\/\/www.legistdf.gob.ar\/wp-content\/uploads\/2018\/12\/WhatsApp-Image-2018-12-06-at-18.16.28-1.jpeg\" data-orig-size=\"1280,622\" data-comments-opened=\"0\" data-image-meta=\"{&quot;aperture&quot;:&quot;0&quot;,&quot;credit&quot;:&quot;&quot;,&quot;camera&quot;:&quot;&quot;,&quot;caption&quot;:&quot;&quot;,&quot;created_timestamp&quot;:&quot;0&quot;,&quot;copyright&quot;:&quot;&quot;,&quot;focal_length&quot;:&quot;0&quot;,&quot;iso&quot;:&quot;0&quot;,&quot;shutter_speed&quot;:&quot;0&quot;,&quot;title&quot;:&quot;&quot;,&quot;orientation&quot;:&quot;0&quot;}\" data-image-title=\"WhatsApp Image 2018-12-06 at 18.16.28 (1)\" data-image-description=\"\" data-image-caption=\"\" data-medium-file=\"https:\/\/www.legistdf.gob.ar\/wp-content\/uploads\/2018\/12\/WhatsApp-Image-2018-12-06-at-18.16.28-1-300x146.jpeg\" data-large-file=\"https:\/\/www.legistdf.gob.ar\/wp-content\/uploads\/2018\/12\/WhatsApp-Image-2018-12-06-at-18.16.28-1-1024x498.jpeg\" \/><\/a>\n\t\t\t<\/dt><\/dl><dl class='gallery-item'>\n\t\t\t<dt class='gallery-icon landscape'>\n\t\t\t\t<a href='https:\/\/www.legistdf.gob.ar\/index.php\/2018\/12\/06\/legislatura-el-parlamento-reconocio-a-alumnos-de-la-escuela-rural-n-6-de-lago-escondido\/whatsapp-image-2018-12-06-at-18-16-28\/'><img loading=\"lazy\" decoding=\"async\" width=\"150\" height=\"150\" src=\"https:\/\/www.legistdf.gob.ar\/wp-content\/uploads\/2018\/12\/WhatsApp-Image-2018-12-06-at-18.16.28-150x150.jpeg\" class=\"attachment-thumbnail size-thumbnail\" alt=\"\" srcset=\"https:\/\/www.legistdf.gob.ar\/wp-content\/uploads\/2018\/12\/WhatsApp-Image-2018-12-06-at-18.16.28-150x150.jpeg 150w, https:\/\/www.legistdf.gob.ar\/wp-content\/uploads\/2018\/12\/WhatsApp-Image-2018-12-06-at-18.16.28-64x64.jpeg 64w\" sizes=\"(max-width: 150px) 100vw, 150px\" data-attachment-id=\"11187\" data-permalink=\"https:\/\/www.legistdf.gob.ar\/index.php\/2018\/12\/06\/legislatura-el-parlamento-reconocio-a-alumnos-de-la-escuela-rural-n-6-de-lago-escondido\/whatsapp-image-2018-12-06-at-18-16-28\/\" data-orig-file=\"https:\/\/www.legistdf.gob.ar\/wp-content\/uploads\/2018\/12\/WhatsApp-Image-2018-12-06-at-18.16.28.jpeg\" data-orig-size=\"1280,622\" data-comments-opened=\"0\" data-image-meta=\"{&quot;aperture&quot;:&quot;0&quot;,&quot;credit&quot;:&quot;&quot;,&quot;camera&quot;:&quot;&quot;,&quot;caption&quot;:&quot;&quot;,&quot;created_timestamp&quot;:&quot;0&quot;,&quot;copyright&quot;:&quot;&quot;,&quot;focal_length&quot;:&quot;0&quot;,&quot;iso&quot;:&quot;0&quot;,&quot;shutter_speed&quot;:&quot;0&quot;,&quot;title&quot;:&quot;&quot;,&quot;orientation&quot;:&quot;0&quot;}\" data-image-title=\"WhatsApp Image 2018-12-06 at 18.16.28\" data-image-description=\"\" data-image-caption=\"\" data-medium-file=\"https:\/\/www.legistdf.gob.ar\/wp-content\/uploads\/2018\/12\/WhatsApp-Image-2018-12-06-at-18.16.28-300x146.jpeg\" data-large-file=\"https:\/\/www.legistdf.gob.ar\/wp-content\/uploads\/2018\/12\/WhatsApp-Image-2018-12-06-at-18.16.28-1024x498.jpeg\" \/><\/a>\n\t\t\t<\/dt><\/dl><dl class='gallery-item'>\n\t\t\t<dt class='gallery-icon landscape'>\n\t\t\t\t<a href='https:\/\/www.legistdf.gob.ar\/index.php\/2018\/12\/06\/legislatura-el-parlamento-reconocio-a-alumnos-de-la-escuela-rural-n-6-de-lago-escondido\/whatsapp-image-2018-12-06-at-18-16-27-2\/'><img loading=\"lazy\" decoding=\"async\" width=\"150\" height=\"150\" src=\"https:\/\/www.legistdf.gob.ar\/wp-content\/uploads\/2018\/12\/WhatsApp-Image-2018-12-06-at-18.16.27-2-150x150.jpeg\" class=\"attachment-thumbnail size-thumbnail\" alt=\"\" srcset=\"https:\/\/www.legistdf.gob.ar\/wp-content\/uploads\/2018\/12\/WhatsApp-Image-2018-12-06-at-18.16.27-2-150x150.jpeg 150w, https:\/\/www.legistdf.gob.ar\/wp-content\/uploads\/2018\/12\/WhatsApp-Image-2018-12-06-at-18.16.27-2-64x64.jpeg 64w\" sizes=\"(max-width: 150px) 100vw, 150px\" data-attachment-id=\"11188\" data-permalink=\"https:\/\/www.legistdf.gob.ar\/index.php\/2018\/12\/06\/legislatura-el-parlamento-reconocio-a-alumnos-de-la-escuela-rural-n-6-de-lago-escondido\/whatsapp-image-2018-12-06-at-18-16-27-2\/\" data-orig-file=\"https:\/\/www.legistdf.gob.ar\/wp-content\/uploads\/2018\/12\/WhatsApp-Image-2018-12-06-at-18.16.27-2.jpeg\" data-orig-size=\"1280,622\" data-comments-opened=\"0\" data-image-meta=\"{&quot;aperture&quot;:&quot;0&quot;,&quot;credit&quot;:&quot;&quot;,&quot;camera&quot;:&quot;&quot;,&quot;caption&quot;:&quot;&quot;,&quot;created_timestamp&quot;:&quot;0&quot;,&quot;copyright&quot;:&quot;&quot;,&quot;focal_length&quot;:&quot;0&quot;,&quot;iso&quot;:&quot;0&quot;,&quot;shutter_speed&quot;:&quot;0&quot;,&quot;title&quot;:&quot;&quot;,&quot;orientation&quot;:&quot;0&quot;}\" data-image-title=\"WhatsApp Image 2018-12-06 at 18.16.27 (2)\" data-image-description=\"\" data-image-caption=\"\" data-medium-file=\"https:\/\/www.legistdf.gob.ar\/wp-content\/uploads\/2018\/12\/WhatsApp-Image-2018-12-06-at-18.16.27-2-300x146.jpeg\" data-large-file=\"https:\/\/www.legistdf.gob.ar\/wp-content\/uploads\/2018\/12\/WhatsApp-Image-2018-12-06-at-18.16.27-2-1024x498.jpeg\" \/><\/a>\n\t\t\t<\/dt><\/dl><br style=\"clear: both\" \/><dl class='gallery-item'>\n\t\t\t<dt class='gallery-icon landscape'>\n\t\t\t\t<a href='https:\/\/www.legistdf.gob.ar\/index.php\/2018\/12\/06\/legislatura-el-parlamento-reconocio-a-alumnos-de-la-escuela-rural-n-6-de-lago-escondido\/whatsapp-image-2018-12-06-at-18-16-27-1\/'><img loading=\"lazy\" decoding=\"async\" width=\"150\" height=\"150\" src=\"https:\/\/www.legistdf.gob.ar\/wp-content\/uploads\/2018\/12\/WhatsApp-Image-2018-12-06-at-18.16.27-1-150x150.jpeg\" class=\"attachment-thumbnail size-thumbnail\" alt=\"\" srcset=\"https:\/\/www.legistdf.gob.ar\/wp-content\/uploads\/2018\/12\/WhatsApp-Image-2018-12-06-at-18.16.27-1-150x150.jpeg 150w, https:\/\/www.legistdf.gob.ar\/wp-content\/uploads\/2018\/12\/WhatsApp-Image-2018-12-06-at-18.16.27-1-64x64.jpeg 64w\" sizes=\"(max-width: 150px) 100vw, 150px\" data-attachment-id=\"11189\" data-permalink=\"https:\/\/www.legistdf.gob.ar\/index.php\/2018\/12\/06\/legislatura-el-parlamento-reconocio-a-alumnos-de-la-escuela-rural-n-6-de-lago-escondido\/whatsapp-image-2018-12-06-at-18-16-27-1\/\" data-orig-file=\"https:\/\/www.legistdf.gob.ar\/wp-content\/uploads\/2018\/12\/WhatsApp-Image-2018-12-06-at-18.16.27-1.jpeg\" data-orig-size=\"1280,622\" data-comments-opened=\"0\" data-image-meta=\"{&quot;aperture&quot;:&quot;0&quot;,&quot;credit&quot;:&quot;&quot;,&quot;camera&quot;:&quot;&quot;,&quot;caption&quot;:&quot;&quot;,&quot;created_timestamp&quot;:&quot;0&quot;,&quot;copyright&quot;:&quot;&quot;,&quot;focal_length&quot;:&quot;0&quot;,&quot;iso&quot;:&quot;0&quot;,&quot;shutter_speed&quot;:&quot;0&quot;,&quot;title&quot;:&quot;&quot;,&quot;orientation&quot;:&quot;0&quot;}\" data-image-title=\"WhatsApp Image 2018-12-06 at 18.16.27 (1)\" data-image-description=\"\" data-image-caption=\"\" data-medium-file=\"https:\/\/www.legistdf.gob.ar\/wp-content\/uploads\/2018\/12\/WhatsApp-Image-2018-12-06-at-18.16.27-1-300x146.jpeg\" data-large-file=\"https:\/\/www.legistdf.gob.ar\/wp-content\/uploads\/2018\/12\/WhatsApp-Image-2018-12-06-at-18.16.27-1-1024x498.jpeg\" \/><\/a>\n\t\t\t<\/dt><\/dl><dl class='gallery-item'>\n\t\t\t<dt class='gallery-icon landscape'>\n\t\t\t\t<a href='https:\/\/www.legistdf.gob.ar\/index.php\/2018\/12\/06\/legislatura-el-parlamento-reconocio-a-alumnos-de-la-escuela-rural-n-6-de-lago-escondido\/whatsapp-image-2018-12-06-at-18-16-27\/'><img loading=\"lazy\" decoding=\"async\" width=\"150\" height=\"150\" src=\"https:\/\/www.legistdf.gob.ar\/wp-content\/uploads\/2018\/12\/WhatsApp-Image-2018-12-06-at-18.16.27-150x150.jpeg\" class=\"attachment-thumbnail size-thumbnail\" alt=\"\" srcset=\"https:\/\/www.legistdf.gob.ar\/wp-content\/uploads\/2018\/12\/WhatsApp-Image-2018-12-06-at-18.16.27-150x150.jpeg 150w, https:\/\/www.legistdf.gob.ar\/wp-content\/uploads\/2018\/12\/WhatsApp-Image-2018-12-06-at-18.16.27-64x64.jpeg 64w\" sizes=\"(max-width: 150px) 100vw, 150px\" data-attachment-id=\"11190\" data-permalink=\"https:\/\/www.legistdf.gob.ar\/index.php\/2018\/12\/06\/legislatura-el-parlamento-reconocio-a-alumnos-de-la-escuela-rural-n-6-de-lago-escondido\/whatsapp-image-2018-12-06-at-18-16-27\/\" data-orig-file=\"https:\/\/www.legistdf.gob.ar\/wp-content\/uploads\/2018\/12\/WhatsApp-Image-2018-12-06-at-18.16.27.jpeg\" data-orig-size=\"1280,622\" data-comments-opened=\"0\" data-image-meta=\"{&quot;aperture&quot;:&quot;0&quot;,&quot;credit&quot;:&quot;&quot;,&quot;camera&quot;:&quot;&quot;,&quot;caption&quot;:&quot;&quot;,&quot;created_timestamp&quot;:&quot;0&quot;,&quot;copyright&quot;:&quot;&quot;,&quot;focal_length&quot;:&quot;0&quot;,&quot;iso&quot;:&quot;0&quot;,&quot;shutter_speed&quot;:&quot;0&quot;,&quot;title&quot;:&quot;&quot;,&quot;orientation&quot;:&quot;0&quot;}\" data-image-title=\"WhatsApp Image 2018-12-06 at 18.16.27\" data-image-description=\"\" data-image-caption=\"\" data-medium-file=\"https:\/\/www.legistdf.gob.ar\/wp-content\/uploads\/2018\/12\/WhatsApp-Image-2018-12-06-at-18.16.27-300x146.jpeg\" data-large-file=\"https:\/\/www.legistdf.gob.ar\/wp-content\/uploads\/2018\/12\/WhatsApp-Image-2018-12-06-at-18.16.27-1024x498.jpeg\" \/><\/a>\n\t\t\t<\/dt><\/dl>\n\t\t\t<br style='clear: both' \/>\n\t\t<\/div>\n\n","protected":false},"excerpt":{"rendered":"<p>&nbsp; Ushuaia, jueves 6 de diciembre de 2018.- La legisladora Cristina Boyadjian (MPF), reconoci\u00f3 a los alumnos y docentes de la escuela rural N\u00b0 6 Entre R\u00edos del lago Escondido y el anexo de Puerto Almanza, 44 h\u00e9roes del ARA San Juan por su aporte a la promoci\u00f3n de Tierra del Fuego y la defensa [&hellip;]<\/p>\n","protected":false},"author":352,"featured_media":11188,"comment_status":"closed","ping_status":"open","sticky":false,"template":"","format":"standard","meta":{"jetpack_post_was_ever_published":false,"_jetpack_newsletter_access":"","_jetpack_dont_email_post_to_subs":false,"_jetpack_newsletter_tier_id":0,"footnotes":"","jetpack_publicize_message":"","jetpack_publicize_feature_enabled":true,"jetpack_social_post_already_shared":true,"jetpack_social_options":{"image_generator_settings":{"template":"highway","enabled":false}}},"categories":[1],"tags":[277,80,78],"jetpack_publicize_connections":[],"jetpack_sharing_enabled":true,"jetpack_featured_media_url":"https:\/\/www.legistdf.gob.ar\/wp-content\/uploads\/2018\/12\/WhatsApp-Image-2018-12-06-at-18.16.27-2.jpeg","jetpack-related-posts":[],"_links":{"self":[{"href":"https:\/\/www.legistdf.gob.ar\/index.php\/wp-json\/wp\/v2\/posts\/11182"}],"collection":[{"href":"https:\/\/www.legistdf.gob.ar\/index.php\/wp-json\/wp\/v2\/posts"}],"about":[{"href":"https:\/\/www.legistdf.gob.ar\/index.php\/wp-json\/wp\/v2\/types\/post"}],"author":[{"embeddable":true,"href":"https:\/\/www.legistdf.gob.ar\/index.php\/wp-json\/wp\/v2\/users\/352"}],"replies":[{"embeddable":true,"href":"https:\/\/www.legistdf.gob.ar\/index.php\/wp-json\/wp\/v2\/comments?post=11182"}],"version-history":[{"count":1,"href":"https:\/\/www.legistdf.gob.ar\/index.php\/wp-json\/wp\/v2\/posts\/11182\/revisions"}],"predecessor-version":[{"id":11191,"href":"https:\/\/www.legistdf.gob.ar\/index.php\/wp-json\/wp\/v2\/posts\/11182\/revisions\/11191"}],"wp:featuredmedia":[{"embeddable":true,"href":"https:\/\/www.legistdf.gob.ar\/index.php\/wp-json\/wp\/v2\/media\/11188"}],"wp:attachment":[{"href":"https:\/\/www.legistdf.gob.ar\/index.php\/wp-json\/wp\/v2\/media?parent=11182"}],"wp:term":[{"taxonomy":"category","embeddable":true,"href":"https:\/\/www.legistdf.gob.ar\/index.php\/wp-json\/wp\/v2\/categories?post=11182"},{"taxonomy":"post_tag","embeddable":true,"href":"https:\/\/www.legistdf.gob.ar\/index.php\/wp-json\/wp\/v2\/tags?post=11182"}],"curies":[{"name":"wp","href":"https:\/\/api.w.org\/{rel}","templated":true}]}}