{"id":11418,"date":"2018-12-14T18:13:54","date_gmt":"2018-12-14T21:13:54","guid":{"rendered":"http:\/\/www.legistdf.gob.ar\/?p=11418"},"modified":"2018-12-14T18:13:54","modified_gmt":"2018-12-14T21:13:54","slug":"vivienda-desde-2020-el-ipv-destinara-el-5-del-presupuesto-de-fonavi-a-autoconstruccion","status":"publish","type":"post","link":"https:\/\/www.legistdf.gob.ar\/index.php\/2018\/12\/14\/vivienda-desde-2020-el-ipv-destinara-el-5-del-presupuesto-de-fonavi-a-autoconstruccion\/","title":{"rendered":"VIVIENDA: Desde 2020 el IPV destinar\u00e1 el 5% del presupuesto de FONAVI a autoconstrucci\u00f3n"},"content":{"rendered":"<p style=\"font-weight: 400\"><strong>Ushuaia, viernes 14 de diciembre de 2018.- Luego del trabajo en las comisiones, los Legisladores acordaron con el presidente del IPV apoyar la iniciativa de las cooperativas y lograr que parte del presupuesto destinado a viviendas, sea para autoconstrucci\u00f3n, el acuerdo fue llevado a la sesi\u00f3n y sancionado para que a partir del a\u00f1o 2020 el 5 por ciento del presupuesto destinado a viviendas FONAVI, se destinen a proyectos como los de las cooperativas.<\/strong><\/p>\n<p>&nbsp;<\/p>\n<p style=\"font-weight: 400\">Para lograr este acuerdo, se debati\u00f3 en comisiones la modificaci\u00f3n a la Ley 189 de creaci\u00f3n del Instituto Provincial de Vivienda. Su presidente particip\u00f3 de los debates en la Legislatura, como tambi\u00e9n lo hicieron los referentes de las cooperativas, Casa Base, Nuestro Techo y MOI.<\/p>\n<p>&nbsp;<\/p>\n<p style=\"font-weight: 400\">El asunto 582\/18 modific\u00f3 la Ley provincial N\u00ba 19, \u201campliaci\u00f3n del objeto normativo del IPV\u201d e incorpor\u00f3 en sus competencias la existencia de la autogesti\u00f3n a trav\u00e9s de la implementaci\u00f3n del programa de Autogesti\u00f3n de la Vivienda y H\u00e1bitat Popular (PAVHP).<\/p>\n<p style=\"font-weight: 400\">Es una idea de Cooperativa de Trabajo Casa Base Ltda; Movimiento de Ocupantes e Inquilinos-CTA y la Federaci\u00f3n de Cooperativas Autogestionarias &#8211; MOI-CTA.<\/p>\n<p style=\"font-weight: 400\">\n<p style=\"font-weight: 400\">En di\u00e1logo con Prensa Legislativa, la titular de la Comisi\u00f3n de Vivienda, legisladora Liliana Mart\u00ednez Allende destac\u00f3 la calidad de los proyectos presentados y se\u00f1al\u00f3 que desde el ente de viviendas se pudieron dar las explicaciones oportunas\u201d.<\/p>\n<p>&nbsp;<\/p>\n<p style=\"font-weight: 400\">Los fondos que ingresen del Fondo Nacional de la Vivienda (FONAVI), \u201cel 5% sea destinado a las cooperativas\u201d. En el Presupuesto 2019 para la Provincia ya se incluyeron para que sean utilizados por las cooperativas.<\/p>\n<p>&nbsp;<\/p>\n<p style=\"font-weight: 400\">Desde los fundamentos se destaca la necesidad de avanzar con el compre fueguino, desde la Cooperativa Casa Base, se construyeron 10 viviendas con elementos comprados en la Provincia. \u201cEsto sabemos que genera trabajo para otros vecinos\u201d y apunt\u00f3 a los comercios de las tres ciudades fueguinas\u201d dijo Mart\u00ednez Allende.<\/p>\n<p style=\"font-weight: 400\">\n<p style=\"font-weight: 400\"><a href=\"http:\/\/www.legistdf.gob.ar\/lp\/novedadesip\/Asuntos%20Entrados%202018\/As.%20N%BA%20637-18.pdf\">http:\/\/www.legistdf.gob.ar\/lp\/novedadesip\/Asuntos%20Entrados%202018\/As.%20N%BA%20637-18.pdf<\/a><\/p>\n","protected":false},"excerpt":{"rendered":"<p>Ushuaia, viernes 14 de diciembre de 2018.- Luego del trabajo en las comisiones, los Legisladores acordaron con el presidente del IPV apoyar la iniciativa de las cooperativas y lograr que parte del presupuesto destinado a viviendas, sea para autoconstrucci\u00f3n, el acuerdo fue llevado a la sesi\u00f3n y sancionado para que a partir del a\u00f1o 2020 [&hellip;]<\/p>\n","protected":false},"author":352,"featured_media":11419,"comment_status":"closed","ping_status":"open","sticky":false,"template":"","format":"standard","meta":{"jetpack_post_was_ever_published":false,"_jetpack_newsletter_access":"","_jetpack_dont_email_post_to_subs":false,"_jetpack_newsletter_tier_id":0,"footnotes":"","jetpack_publicize_message":"","jetpack_publicize_feature_enabled":true,"jetpack_social_post_already_shared":true,"jetpack_social_options":{"image_generator_settings":{"template":"highway","enabled":false}}},"categories":[1],"tags":[916,694,78,726,117,87,407],"jetpack_publicize_connections":[],"jetpack_sharing_enabled":true,"jetpack_featured_media_url":"https:\/\/www.legistdf.gob.ar\/wp-content\/uploads\/2018\/12\/6.jpeg","jetpack-related-posts":[],"_links":{"self":[{"href":"https:\/\/www.legistdf.gob.ar\/index.php\/wp-json\/wp\/v2\/posts\/11418"}],"collection":[{"href":"https:\/\/www.legistdf.gob.ar\/index.php\/wp-json\/wp\/v2\/posts"}],"about":[{"href":"https:\/\/www.legistdf.gob.ar\/index.php\/wp-json\/wp\/v2\/types\/post"}],"author":[{"embeddable":true,"href":"https:\/\/www.legistdf.gob.ar\/index.php\/wp-json\/wp\/v2\/users\/352"}],"replies":[{"embeddable":true,"href":"https:\/\/www.legistdf.gob.ar\/index.php\/wp-json\/wp\/v2\/comments?post=11418"}],"version-history":[{"count":1,"href":"https:\/\/www.legistdf.gob.ar\/index.php\/wp-json\/wp\/v2\/posts\/11418\/revisions"}],"predecessor-version":[{"id":11420,"href":"https:\/\/www.legistdf.gob.ar\/index.php\/wp-json\/wp\/v2\/posts\/11418\/revisions\/11420"}],"wp:featuredmedia":[{"embeddable":true,"href":"https:\/\/www.legistdf.gob.ar\/index.php\/wp-json\/wp\/v2\/media\/11419"}],"wp:attachment":[{"href":"https:\/\/www.legistdf.gob.ar\/index.php\/wp-json\/wp\/v2\/media?parent=11418"}],"wp:term":[{"taxonomy":"category","embeddable":true,"href":"https:\/\/www.legistdf.gob.ar\/index.php\/wp-json\/wp\/v2\/categories?post=11418"},{"taxonomy":"post_tag","embeddable":true,"href":"https:\/\/www.legistdf.gob.ar\/index.php\/wp-json\/wp\/v2\/tags?post=11418"}],"curies":[{"name":"wp","href":"https:\/\/api.w.org\/{rel}","templated":true}]}}