{"id":12149,"date":"2019-02-28T14:48:40","date_gmt":"2019-02-28T17:48:40","guid":{"rendered":"http:\/\/www.legistdf.gob.ar\/?p=12149"},"modified":"2019-02-28T14:48:40","modified_gmt":"2019-02-28T17:48:40","slug":"legislatura-ratificaron-a-las-autoridades-parlamentarias-para-2019","status":"publish","type":"post","link":"https:\/\/www.legistdf.gob.ar\/index.php\/2019\/02\/28\/legislatura-ratificaron-a-las-autoridades-parlamentarias-para-2019\/","title":{"rendered":"LEGISLATURA: Ratificaron a las autoridades parlamentarias para 2019"},"content":{"rendered":"<p><strong>Ushuaia, jueves 28 de febrero de 2018.- La sesi\u00f3n preparatoria correspondiente al 36\u00b0 per\u00edodo de sesiones ordinarias, se concret\u00f3 esta ma\u00f1ana. El encuentro fue presidido por su titular, vicegobernador Juan Carlos Arcando y estuvieron presentes la totalidad de las fuerzas legislativas. Fueron ratificadas las actuales autoridades para el per\u00edodo legislativo 2019.<\/strong><\/p>\n<p><strong>\u00a0<\/strong><\/p>\n<p>De acuerdo al reglamento interno de la C\u00e1mara, se procedi\u00f3 a designar a las \u00a0autoridades. A propuesta del legislador Federico Bilota, por unanimidad de los Parlamentarios, se ratific\u00f3 a la legisladora Myriam Mart\u00ednez (FPV \u2013 PJ) como vicepresidenta 1\u00aa y a la legisladora Liliana Mart\u00ednez Allende (UCR \u2013 Cambiemos) como vicepresidenta 2\u00aa.<\/p>\n<p>&nbsp;<\/p>\n<p>Cerca de las 11 se produjo un corte de energ\u00eda el\u00e9ctrica, por lo que la Sesi\u00f3n Preparatoria continu\u00f3 desarroll\u00e1ndose a viva voz.<\/p>\n<p>&nbsp;<\/p>\n<p>El legislador Federico Bilota propuso tambi\u00e9n ratificar a todos los integrantes de las Comisiones Permanentes y Especiales, tal cual estaban conformadas durante el per\u00edodo pasado. Las autoridades de cada Comisi\u00f3n, ser\u00e1n elegidas en la primera reuni\u00f3n del a\u00f1o de cada una de ellas.<\/p>\n<p>&nbsp;<\/p>\n<p>El jefe de la bancada del FPV &#8211; PJ\u00a0sugiri\u00f3\u00a0como fecha de la primera Sesi\u00f3n Ordinaria el 21 de marzo y ser\u00e1 el titular del Parlamento quien determine los horarios para ese encuentro. La propuesta fue ratificada por la totalidad de sus pares. Aproximadamente a las 11.15 horas, sin m\u00e1s temas que tratar, se levant\u00f3 la Sesi\u00f3n.<\/p>\n<p>&nbsp;<\/p>\n<p>En di\u00e1logo con Prensa Legislativa, la legisladora Myriam Mart\u00ednez se mostr\u00f3 \u201cmuy contenta por el acompa\u00f1amiento de los Legisladores. Este es el cuarto a\u00f1o que soy vicepresidenta primera de la C\u00e1mara, es un orgullo para m\u00ed poder representar a los Parlamentarios en esta funci\u00f3n. Vamos a continuar trabajando en las mismas comisiones, como lo venimos haciendo porque tenemos muchos proyectos todav\u00eda por tratar en la Comisi\u00f3n y otros que se incorporar\u00e1n en el transcurso del a\u00f1o\u201d, dijo la referente del bloque del FPV \u2013 PJ.<\/p>\n<p>&nbsp;<\/p>\n<p>Por su parte, la legisladora Liliana Mart\u00ednez Allende (UCR \u2013 Cambiemos) expres\u00f3: \u00abTengo que agradecer a mis pares por el acompa\u00f1amiento nuevamente para este a\u00f1o\u201d como Vicepresidenta 2\u00aa de la C\u00e1mara. \u201cEspero estar a la altura de las circunstancias y poder trabajar en conjunto con las autoridades de la C\u00e1mara para el mejor funcionamiento del Poder Legislativo\u201d.<\/p>\n<p>&nbsp;<\/p>\n<p>Respecto de las expectativas para este 2019, la Presidenta de la Comisi\u00f3n de Salud P\u00fablica, record\u00f3 que hay varios temas pendientes y record\u00f3 la sanci\u00f3n de varias leyes\u00a0\u00abque fueron trabajadas en el \u00e1mbito de la Comisi\u00f3n 5, pero que todav\u00eda no se reglamentaron por el Ejecutivo provincial\u201d.<\/p>\n<p>&nbsp;<\/p>\n<p>En ese sentido, hizo referencia a una reuni\u00f3n en R\u00edo Grande con pap\u00e1s de ni\u00f1os con Trastorno del Espectro Autista (TEA) y otra en Ushuaia con profesionales m\u00e9dicos, \u201cporque es un tema que me preocupa y me gustar\u00eda que la reglamentaci\u00f3n contenga los puntos que aquellos que son pap\u00e1s o profesionales de esta especialidad, est\u00e1n aportando para que est\u00e9n en la reglamentaci\u00f3n\u201d, dijo Mart\u00ednez Allende.<\/p>\n<p>&nbsp;<\/p>\n<p>Por \u00faltimo, se refiri\u00f3 a la obra del Hospital Regional Ushuiaia, estamos muy atentos ya que es una necesidad. Ayer, en la recorrida, pudimos observar por ejemplo que en el \u00e1rea de Laboratorio, est\u00e1n funcionando cuatro tipos de laboratorios en un mismo espacio f\u00edsico, que lo est\u00e1n haciendo muy bien, pero con las nuevas instalaciones van a poder hacerlo en un lugar m\u00e1s adecuado\u201d, destac\u00f3 la referente radical.<\/p>\n<p>&nbsp;<\/p>\n<p>LVV<\/p>\n<p>&nbsp;<\/p>\n\n\t\t<style type=\"text\/css\">\n\t\t\t#gallery-1 {\n\t\t\t\tmargin: auto;\n\t\t\t}\n\t\t\t#gallery-1 .gallery-item {\n\t\t\t\tfloat: left;\n\t\t\t\tmargin-top: 10px;\n\t\t\t\ttext-align: center;\n\t\t\t\twidth: 33%;\n\t\t\t}\n\t\t\t#gallery-1 img {\n\t\t\t\tborder: 2px solid #cfcfcf;\n\t\t\t}\n\t\t\t#gallery-1 .gallery-caption {\n\t\t\t\tmargin-left: 0;\n\t\t\t}\n\t\t\t\/* see gallery_shortcode() in wp-includes\/media.php *\/\n\t\t<\/style>\n\t\t<div data-carousel-extra='{\"blog_id\":1,\"permalink\":\"https:\\\/\\\/www.legistdf.gob.ar\\\/index.php\\\/2019\\\/02\\\/28\\\/legislatura-ratificaron-a-las-autoridades-parlamentarias-para-2019\\\/\"}' id='gallery-1' class='gallery galleryid-12149 gallery-columns-3 gallery-size-thumbnail'><dl class='gallery-item'>\n\t\t\t<dt class='gallery-icon landscape'>\n\t\t\t\t<a href='https:\/\/www.legistdf.gob.ar\/index.php\/2019\/02\/28\/legislatura-ratificaron-a-las-autoridades-parlamentarias-para-2019\/img_3521\/'><img loading=\"lazy\" decoding=\"async\" width=\"150\" height=\"150\" src=\"https:\/\/www.legistdf.gob.ar\/wp-content\/uploads\/2019\/02\/IMG_3521-150x150.jpg\" class=\"attachment-thumbnail size-thumbnail\" alt=\"\" srcset=\"https:\/\/www.legistdf.gob.ar\/wp-content\/uploads\/2019\/02\/IMG_3521-150x150.jpg 150w, https:\/\/www.legistdf.gob.ar\/wp-content\/uploads\/2019\/02\/IMG_3521-64x64.jpg 64w\" sizes=\"(max-width: 150px) 100vw, 150px\" data-attachment-id=\"12150\" data-permalink=\"https:\/\/www.legistdf.gob.ar\/index.php\/2019\/02\/28\/legislatura-ratificaron-a-las-autoridades-parlamentarias-para-2019\/img_3521\/\" data-orig-file=\"https:\/\/www.legistdf.gob.ar\/wp-content\/uploads\/2019\/02\/IMG_3521.jpg\" data-orig-size=\"1000,667\" data-comments-opened=\"0\" data-image-meta=\"{&quot;aperture&quot;:&quot;2.8&quot;,&quot;credit&quot;:&quot;&quot;,&quot;camera&quot;:&quot;Canon EOS 6D&quot;,&quot;caption&quot;:&quot;&quot;,&quot;created_timestamp&quot;:&quot;1551328427&quot;,&quot;copyright&quot;:&quot;&quot;,&quot;focal_length&quot;:&quot;63&quot;,&quot;iso&quot;:&quot;640&quot;,&quot;shutter_speed&quot;:&quot;0.0055555555555556&quot;,&quot;title&quot;:&quot;&quot;,&quot;orientation&quot;:&quot;1&quot;}\" data-image-title=\"IMG_3521\" data-image-description=\"\" data-image-caption=\"\" data-medium-file=\"https:\/\/www.legistdf.gob.ar\/wp-content\/uploads\/2019\/02\/IMG_3521-300x200.jpg\" data-large-file=\"https:\/\/www.legistdf.gob.ar\/wp-content\/uploads\/2019\/02\/IMG_3521.jpg\" \/><\/a>\n\t\t\t<\/dt><\/dl><dl class='gallery-item'>\n\t\t\t<dt class='gallery-icon landscape'>\n\t\t\t\t<a href='https:\/\/www.legistdf.gob.ar\/index.php\/2019\/02\/28\/legislatura-ratificaron-a-las-autoridades-parlamentarias-para-2019\/img_3526\/'><img loading=\"lazy\" decoding=\"async\" width=\"150\" height=\"150\" src=\"https:\/\/www.legistdf.gob.ar\/wp-content\/uploads\/2019\/02\/IMG_3526-150x150.jpg\" class=\"attachment-thumbnail size-thumbnail\" alt=\"\" srcset=\"https:\/\/www.legistdf.gob.ar\/wp-content\/uploads\/2019\/02\/IMG_3526-150x150.jpg 150w, https:\/\/www.legistdf.gob.ar\/wp-content\/uploads\/2019\/02\/IMG_3526-64x64.jpg 64w\" sizes=\"(max-width: 150px) 100vw, 150px\" data-attachment-id=\"12151\" data-permalink=\"https:\/\/www.legistdf.gob.ar\/index.php\/2019\/02\/28\/legislatura-ratificaron-a-las-autoridades-parlamentarias-para-2019\/img_3526\/\" data-orig-file=\"https:\/\/www.legistdf.gob.ar\/wp-content\/uploads\/2019\/02\/IMG_3526.jpg\" data-orig-size=\"1000,667\" data-comments-opened=\"0\" data-image-meta=\"{&quot;aperture&quot;:&quot;2.8&quot;,&quot;credit&quot;:&quot;&quot;,&quot;camera&quot;:&quot;Canon EOS 6D&quot;,&quot;caption&quot;:&quot;&quot;,&quot;created_timestamp&quot;:&quot;1551328459&quot;,&quot;copyright&quot;:&quot;&quot;,&quot;focal_length&quot;:&quot;28&quot;,&quot;iso&quot;:&quot;640&quot;,&quot;shutter_speed&quot;:&quot;0.0055555555555556&quot;,&quot;title&quot;:&quot;&quot;,&quot;orientation&quot;:&quot;1&quot;}\" data-image-title=\"IMG_3526\" data-image-description=\"\" data-image-caption=\"\" data-medium-file=\"https:\/\/www.legistdf.gob.ar\/wp-content\/uploads\/2019\/02\/IMG_3526-300x200.jpg\" data-large-file=\"https:\/\/www.legistdf.gob.ar\/wp-content\/uploads\/2019\/02\/IMG_3526.jpg\" \/><\/a>\n\t\t\t<\/dt><\/dl><dl class='gallery-item'>\n\t\t\t<dt class='gallery-icon landscape'>\n\t\t\t\t<a href='https:\/\/www.legistdf.gob.ar\/index.php\/2019\/02\/28\/legislatura-ratificaron-a-las-autoridades-parlamentarias-para-2019\/img_3533\/'><img loading=\"lazy\" decoding=\"async\" width=\"150\" height=\"150\" src=\"https:\/\/www.legistdf.gob.ar\/wp-content\/uploads\/2019\/02\/IMG_3533-150x150.jpg\" class=\"attachment-thumbnail size-thumbnail\" alt=\"\" srcset=\"https:\/\/www.legistdf.gob.ar\/wp-content\/uploads\/2019\/02\/IMG_3533-150x150.jpg 150w, https:\/\/www.legistdf.gob.ar\/wp-content\/uploads\/2019\/02\/IMG_3533-64x64.jpg 64w\" sizes=\"(max-width: 150px) 100vw, 150px\" data-attachment-id=\"12154\" data-permalink=\"https:\/\/www.legistdf.gob.ar\/index.php\/2019\/02\/28\/legislatura-ratificaron-a-las-autoridades-parlamentarias-para-2019\/img_3533\/\" data-orig-file=\"https:\/\/www.legistdf.gob.ar\/wp-content\/uploads\/2019\/02\/IMG_3533.jpg\" data-orig-size=\"1000,667\" data-comments-opened=\"0\" data-image-meta=\"{&quot;aperture&quot;:&quot;2.8&quot;,&quot;credit&quot;:&quot;&quot;,&quot;camera&quot;:&quot;Canon EOS 6D&quot;,&quot;caption&quot;:&quot;&quot;,&quot;created_timestamp&quot;:&quot;1551328532&quot;,&quot;copyright&quot;:&quot;&quot;,&quot;focal_length&quot;:&quot;44&quot;,&quot;iso&quot;:&quot;640&quot;,&quot;shutter_speed&quot;:&quot;0.0055555555555556&quot;,&quot;title&quot;:&quot;&quot;,&quot;orientation&quot;:&quot;1&quot;}\" data-image-title=\"IMG_3533\" data-image-description=\"\" data-image-caption=\"\" data-medium-file=\"https:\/\/www.legistdf.gob.ar\/wp-content\/uploads\/2019\/02\/IMG_3533-300x200.jpg\" data-large-file=\"https:\/\/www.legistdf.gob.ar\/wp-content\/uploads\/2019\/02\/IMG_3533.jpg\" \/><\/a>\n\t\t\t<\/dt><\/dl><br style=\"clear: both\" \/><dl class='gallery-item'>\n\t\t\t<dt class='gallery-icon landscape'>\n\t\t\t\t<a href='https:\/\/www.legistdf.gob.ar\/index.php\/2019\/02\/28\/legislatura-ratificaron-a-las-autoridades-parlamentarias-para-2019\/img_3534\/'><img loading=\"lazy\" decoding=\"async\" width=\"150\" height=\"150\" src=\"https:\/\/www.legistdf.gob.ar\/wp-content\/uploads\/2019\/02\/IMG_3534-150x150.jpg\" class=\"attachment-thumbnail size-thumbnail\" alt=\"\" srcset=\"https:\/\/www.legistdf.gob.ar\/wp-content\/uploads\/2019\/02\/IMG_3534-150x150.jpg 150w, https:\/\/www.legistdf.gob.ar\/wp-content\/uploads\/2019\/02\/IMG_3534-64x64.jpg 64w\" sizes=\"(max-width: 150px) 100vw, 150px\" data-attachment-id=\"12155\" data-permalink=\"https:\/\/www.legistdf.gob.ar\/index.php\/2019\/02\/28\/legislatura-ratificaron-a-las-autoridades-parlamentarias-para-2019\/img_3534\/\" data-orig-file=\"https:\/\/www.legistdf.gob.ar\/wp-content\/uploads\/2019\/02\/IMG_3534.jpg\" data-orig-size=\"1000,667\" data-comments-opened=\"0\" data-image-meta=\"{&quot;aperture&quot;:&quot;2.8&quot;,&quot;credit&quot;:&quot;&quot;,&quot;camera&quot;:&quot;Canon EOS 6D&quot;,&quot;caption&quot;:&quot;&quot;,&quot;created_timestamp&quot;:&quot;1551328547&quot;,&quot;copyright&quot;:&quot;&quot;,&quot;focal_length&quot;:&quot;41&quot;,&quot;iso&quot;:&quot;640&quot;,&quot;shutter_speed&quot;:&quot;0.0055555555555556&quot;,&quot;title&quot;:&quot;&quot;,&quot;orientation&quot;:&quot;1&quot;}\" data-image-title=\"IMG_3534\" data-image-description=\"\" data-image-caption=\"\" data-medium-file=\"https:\/\/www.legistdf.gob.ar\/wp-content\/uploads\/2019\/02\/IMG_3534-300x200.jpg\" data-large-file=\"https:\/\/www.legistdf.gob.ar\/wp-content\/uploads\/2019\/02\/IMG_3534.jpg\" \/><\/a>\n\t\t\t<\/dt><\/dl><dl class='gallery-item'>\n\t\t\t<dt class='gallery-icon landscape'>\n\t\t\t\t<a href='https:\/\/www.legistdf.gob.ar\/index.php\/2019\/02\/28\/legislatura-ratificaron-a-las-autoridades-parlamentarias-para-2019\/img_3561\/'><img loading=\"lazy\" decoding=\"async\" width=\"150\" height=\"150\" src=\"https:\/\/www.legistdf.gob.ar\/wp-content\/uploads\/2019\/02\/IMG_3561-150x150.jpg\" class=\"attachment-thumbnail size-thumbnail\" alt=\"\" srcset=\"https:\/\/www.legistdf.gob.ar\/wp-content\/uploads\/2019\/02\/IMG_3561-150x150.jpg 150w, https:\/\/www.legistdf.gob.ar\/wp-content\/uploads\/2019\/02\/IMG_3561-64x64.jpg 64w\" sizes=\"(max-width: 150px) 100vw, 150px\" data-attachment-id=\"12156\" data-permalink=\"https:\/\/www.legistdf.gob.ar\/index.php\/2019\/02\/28\/legislatura-ratificaron-a-las-autoridades-parlamentarias-para-2019\/img_3561\/\" data-orig-file=\"https:\/\/www.legistdf.gob.ar\/wp-content\/uploads\/2019\/02\/IMG_3561.jpg\" data-orig-size=\"1000,667\" data-comments-opened=\"0\" data-image-meta=\"{&quot;aperture&quot;:&quot;2.8&quot;,&quot;credit&quot;:&quot;&quot;,&quot;camera&quot;:&quot;Canon EOS 6D&quot;,&quot;caption&quot;:&quot;&quot;,&quot;created_timestamp&quot;:&quot;1551330060&quot;,&quot;copyright&quot;:&quot;&quot;,&quot;focal_length&quot;:&quot;35&quot;,&quot;iso&quot;:&quot;640&quot;,&quot;shutter_speed&quot;:&quot;0.00625&quot;,&quot;title&quot;:&quot;&quot;,&quot;orientation&quot;:&quot;1&quot;}\" data-image-title=\"IMG_3561\" data-image-description=\"\" data-image-caption=\"\" data-medium-file=\"https:\/\/www.legistdf.gob.ar\/wp-content\/uploads\/2019\/02\/IMG_3561-300x200.jpg\" data-large-file=\"https:\/\/www.legistdf.gob.ar\/wp-content\/uploads\/2019\/02\/IMG_3561.jpg\" \/><\/a>\n\t\t\t<\/dt><\/dl>\n\t\t\t<br style='clear: both' \/>\n\t\t<\/div>\n\n","protected":false},"excerpt":{"rendered":"<p>Ushuaia, jueves 28 de febrero de 2018.- La sesi\u00f3n preparatoria correspondiente al 36\u00b0 per\u00edodo de sesiones ordinarias, se concret\u00f3 esta ma\u00f1ana. El encuentro fue presidido por su titular, vicegobernador Juan Carlos Arcando y estuvieron presentes la totalidad de las fuerzas legislativas. Fueron ratificadas las actuales autoridades para el per\u00edodo legislativo 2019. \u00a0 De acuerdo al [&hellip;]<\/p>\n","protected":false},"author":352,"featured_media":12151,"comment_status":"closed","ping_status":"open","sticky":false,"template":"","format":"standard","meta":{"jetpack_post_was_ever_published":false,"_jetpack_newsletter_access":"","_jetpack_dont_email_post_to_subs":false,"_jetpack_newsletter_tier_id":0,"footnotes":"","jetpack_publicize_message":"","jetpack_publicize_feature_enabled":true,"jetpack_social_post_already_shared":true,"jetpack_social_options":{"image_generator_settings":{"template":"highway","enabled":false}}},"categories":[1],"tags":[543,988,122,97,155,82,987,985,986],"jetpack_publicize_connections":[],"jetpack_sharing_enabled":true,"jetpack_featured_media_url":"https:\/\/www.legistdf.gob.ar\/wp-content\/uploads\/2019\/02\/IMG_3526.jpg","jetpack-related-posts":[],"_links":{"self":[{"href":"https:\/\/www.legistdf.gob.ar\/index.php\/wp-json\/wp\/v2\/posts\/12149"}],"collection":[{"href":"https:\/\/www.legistdf.gob.ar\/index.php\/wp-json\/wp\/v2\/posts"}],"about":[{"href":"https:\/\/www.legistdf.gob.ar\/index.php\/wp-json\/wp\/v2\/types\/post"}],"author":[{"embeddable":true,"href":"https:\/\/www.legistdf.gob.ar\/index.php\/wp-json\/wp\/v2\/users\/352"}],"replies":[{"embeddable":true,"href":"https:\/\/www.legistdf.gob.ar\/index.php\/wp-json\/wp\/v2\/comments?post=12149"}],"version-history":[{"count":1,"href":"https:\/\/www.legistdf.gob.ar\/index.php\/wp-json\/wp\/v2\/posts\/12149\/revisions"}],"predecessor-version":[{"id":12157,"href":"https:\/\/www.legistdf.gob.ar\/index.php\/wp-json\/wp\/v2\/posts\/12149\/revisions\/12157"}],"wp:featuredmedia":[{"embeddable":true,"href":"https:\/\/www.legistdf.gob.ar\/index.php\/wp-json\/wp\/v2\/media\/12151"}],"wp:attachment":[{"href":"https:\/\/www.legistdf.gob.ar\/index.php\/wp-json\/wp\/v2\/media?parent=12149"}],"wp:term":[{"taxonomy":"category","embeddable":true,"href":"https:\/\/www.legistdf.gob.ar\/index.php\/wp-json\/wp\/v2\/categories?post=12149"},{"taxonomy":"post_tag","embeddable":true,"href":"https:\/\/www.legistdf.gob.ar\/index.php\/wp-json\/wp\/v2\/tags?post=12149"}],"curies":[{"name":"wp","href":"https:\/\/api.w.org\/{rel}","templated":true}]}}