{"id":12215,"date":"2019-03-01T17:33:50","date_gmt":"2019-03-01T20:33:50","guid":{"rendered":"http:\/\/www.legistdf.gob.ar\/?p=12215"},"modified":"2019-03-01T19:14:35","modified_gmt":"2019-03-01T22:14:35","slug":"industria-trabajadoras-de-badisur-buscan-el-pago-de-la-indemnizacion-en-una-cuota","status":"publish","type":"post","link":"https:\/\/www.legistdf.gob.ar\/index.php\/2019\/03\/01\/industria-trabajadoras-de-badisur-buscan-el-pago-de-la-indemnizacion-en-una-cuota\/","title":{"rendered":"INDUSTRIA: Trabajadoras de Badisur buscan el pago de la indemnizaci\u00f3n en una cuota"},"content":{"rendered":"<p><strong>Ushuaia, viernes 1 de marzo de 2019.- La problem\u00e1tica que enfrenta la industria en Tierra del Fuego fue atendida, hoy luego de la sesi\u00f3n inaugural, por el Presidente de la Legislatura, vicegobernador Juan Carlos Arcando, los tres Parlamentarios del bloque de la UCR \u2013 Cambiemos y el titular de la cartera de Industria. Luego del encuentro, las trabajadoras de Badisur, nucleadas en el Sindicato Obrero de la Industria del Vidrio y Afines (SOIVA) invitaron a las autoridades fueguinas a participar de un acto el 8 de marzo pr\u00f3ximo, en conmemoraci\u00f3n del D\u00eda Internacional de la Mujer Trabajadora.<\/strong><\/p>\n<p>&nbsp;<\/p>\n<p>Lo expuesto en el encuentro, refiri\u00f3 al despido de \u201cm\u00e1s de 30 familias\u201d y donde la empresa no ha participado de las convocatorias efectuadas oportunamente por la cartera laboral y\u00a0 en otras ocasiones \u201cha presentado un escrito\u201d, se\u00f1al\u00f3 una trabajadora, Marcela C\u00e1rdenas. \u201cLo que la gente necesita, es cobrar su indemnizaci\u00f3n al 100%\u201d, sostuvo la trabajadora textil. Consultada sobre las respuestas del Ministerio de Industria, inform\u00f3 que \u201chan conversado con el empresario\u201d y se le solicit\u00f3 que \u201cla propuesta sea superadora\u201d en cuanto al reclamo de los obreros y agreg\u00f3 que \u201cconfiamos en su palabra\u201d.<\/p>\n<p>&nbsp;<\/p>\n<p>En contacto con Prensa Legislativa, el titular del Parlamento, destac\u00f3 el di\u00e1logo alcanzado este mediod\u00eda y comprometi\u00f3 enviar el petitorio presentado a la gobernadora, Dra. Rosana Bertone. En este sentido, se mostr\u00f3 abierto a o\u00edr la posici\u00f3n de los trabajadores de R\u00edo Grande.<\/p>\n<p>&nbsp;<\/p>\n<p>En tanto, desde la bancada de la UCR \u2013 Cambiemos, la legisladora Liliana Mart\u00ednez Allende se\u00f1al\u00f3 que la reuni\u00f3n se concret\u00f3 luego de un pedido que le efectuaron y que luego traslad\u00f3 a sus pares. \u201cLos trabajadores de Badisur est\u00e1n en una situaci\u00f3n compleja\u201d, calific\u00f3.<\/p>\n<p>&nbsp;<\/p>\n<p>En este sentido, dijo que los referentes de los trabajadores \u201chan podido dialogar\u201d con el ministro Caballero y junto al Vicegobernador tomaron \u201creal dimensi\u00f3n\u201d de lo que ocurre en esa empresa. \u201cLa idea era que tuvieran la oportunidad de ser escuchados\u201d y entendi\u00f3 que la intervenci\u00f3n parlamentaria \u201ces buena\u201d, aunque aclar\u00f3 que es el Ejecutivo, y \u201csobre todo los ministerios de Trabajo y de Industria, quienes informen qu\u00e9 gestionan\u201d, para zanjar ese conflicto.<\/p>\n<p>&nbsp;<\/p>\n<p>\u201cEs tremendo pensar en su situaci\u00f3n laboral, pero por lo menos esperamos que cumplan con la indemnizaci\u00f3n como corresponde, es eso lo que est\u00e1n pidiendo\u201d, sentenci\u00f3 la Vicepresidenta 2\u00aa de la C\u00e1mara. En este sentido, inform\u00f3 que el Ministro \u201chab\u00eda solicitado a la empresa que presenten una nota\u201d para encauzar el proceso de pago. Inform\u00f3 que se logr\u00f3 que se concrete el 80 % en 3 cuotas y el restante 20% en mercader\u00eda.<\/p>\n<p>&nbsp;<\/p>\n<p>Mart\u00ednez Allende indic\u00f3 que las negociaciones deben continuar y aclar\u00f3 que \u201cen el caso del 20% en mercader\u00eda, debe controlarse por los empleados para saber que sea algo razonable\u201d. En este sentido, inform\u00f3 que de las dos cuotas restantes para la cancelaci\u00f3n, \u201csea el Gobierno de la Provincia, quien pueda garantizar el pago en una\u201d.<\/p>\n<p>&nbsp;<\/p>\n<p>Sobre el resumen del encuentro, la Legisladora destac\u00f3 la participaci\u00f3n del vicegobernador de la Provincia. \u201cTuvimos la oportunidad de contar con su participaci\u00f3n y la del Ministro de Industria\u201d. Resalt\u00f3 que \u201charemos lo posible para que los trabajadores puedan concretar el cobro de la indemnizaci\u00f3n en una cuota, de ser posible\u201d, sostuvo al finalizar.<\/p>\n<p>&nbsp;<\/p>\n<p>Del encuentro participaron el titular del Parlamento, vicegobernador Juan Carlos Arcando; los legisladores Pablo Blanco, Liliana Mart\u00ednez Allende y Oscar Rubinos (UCR \u2013 Cambiemos); el ministro de Industria, Ramiro Caballero; trabajadoras de la empresa Badisur y referentes de SOIVA.<\/p>\n<p>&nbsp;<\/p>\n\n\t\t<style type=\"text\/css\">\n\t\t\t#gallery-1 {\n\t\t\t\tmargin: auto;\n\t\t\t}\n\t\t\t#gallery-1 .gallery-item {\n\t\t\t\tfloat: left;\n\t\t\t\tmargin-top: 10px;\n\t\t\t\ttext-align: center;\n\t\t\t\twidth: 33%;\n\t\t\t}\n\t\t\t#gallery-1 img {\n\t\t\t\tborder: 2px solid #cfcfcf;\n\t\t\t}\n\t\t\t#gallery-1 .gallery-caption {\n\t\t\t\tmargin-left: 0;\n\t\t\t}\n\t\t\t\/* see gallery_shortcode() in wp-includes\/media.php *\/\n\t\t<\/style>\n\t\t<div data-carousel-extra='{\"blog_id\":1,\"permalink\":\"https:\\\/\\\/www.legistdf.gob.ar\\\/index.php\\\/2019\\\/03\\\/01\\\/industria-trabajadoras-de-badisur-buscan-el-pago-de-la-indemnizacion-en-una-cuota\\\/\"}' id='gallery-1' class='gallery galleryid-12215 gallery-columns-3 gallery-size-thumbnail'><dl class='gallery-item'>\n\t\t\t<dt class='gallery-icon landscape'>\n\t\t\t\t<a href='https:\/\/www.legistdf.gob.ar\/index.php\/2019\/03\/01\/industria-trabajadoras-de-badisur-buscan-el-pago-de-la-indemnizacion-en-una-cuota\/fah_8919\/'><img loading=\"lazy\" decoding=\"async\" width=\"150\" height=\"150\" src=\"https:\/\/www.legistdf.gob.ar\/wp-content\/uploads\/2019\/03\/FAH_8919-150x150.jpg\" class=\"attachment-thumbnail size-thumbnail\" alt=\"\" srcset=\"https:\/\/www.legistdf.gob.ar\/wp-content\/uploads\/2019\/03\/FAH_8919-150x150.jpg 150w, https:\/\/www.legistdf.gob.ar\/wp-content\/uploads\/2019\/03\/FAH_8919-64x64.jpg 64w\" sizes=\"(max-width: 150px) 100vw, 150px\" data-attachment-id=\"12216\" data-permalink=\"https:\/\/www.legistdf.gob.ar\/index.php\/2019\/03\/01\/industria-trabajadoras-de-badisur-buscan-el-pago-de-la-indemnizacion-en-una-cuota\/fah_8919\/\" data-orig-file=\"https:\/\/www.legistdf.gob.ar\/wp-content\/uploads\/2019\/03\/FAH_8919.jpg\" data-orig-size=\"1000,668\" data-comments-opened=\"0\" data-image-meta=\"{&quot;aperture&quot;:&quot;4&quot;,&quot;credit&quot;:&quot;&quot;,&quot;camera&quot;:&quot;NIKON D750&quot;,&quot;caption&quot;:&quot;&quot;,&quot;created_timestamp&quot;:&quot;1551422425&quot;,&quot;copyright&quot;:&quot;&quot;,&quot;focal_length&quot;:&quot;38&quot;,&quot;iso&quot;:&quot;400&quot;,&quot;shutter_speed&quot;:&quot;0.016666666666667&quot;,&quot;title&quot;:&quot;&quot;,&quot;orientation&quot;:&quot;1&quot;}\" data-image-title=\"FAH_8919\" data-image-description=\"\" data-image-caption=\"\" data-medium-file=\"https:\/\/www.legistdf.gob.ar\/wp-content\/uploads\/2019\/03\/FAH_8919-300x200.jpg\" data-large-file=\"https:\/\/www.legistdf.gob.ar\/wp-content\/uploads\/2019\/03\/FAH_8919.jpg\" \/><\/a>\n\t\t\t<\/dt><\/dl><dl class='gallery-item'>\n\t\t\t<dt class='gallery-icon landscape'>\n\t\t\t\t<a href='https:\/\/www.legistdf.gob.ar\/index.php\/2019\/03\/01\/industria-trabajadoras-de-badisur-buscan-el-pago-de-la-indemnizacion-en-una-cuota\/fah_8926\/'><img loading=\"lazy\" decoding=\"async\" width=\"150\" height=\"150\" src=\"https:\/\/www.legistdf.gob.ar\/wp-content\/uploads\/2019\/03\/FAH_8926-150x150.jpg\" class=\"attachment-thumbnail size-thumbnail\" alt=\"\" srcset=\"https:\/\/www.legistdf.gob.ar\/wp-content\/uploads\/2019\/03\/FAH_8926-150x150.jpg 150w, https:\/\/www.legistdf.gob.ar\/wp-content\/uploads\/2019\/03\/FAH_8926-64x64.jpg 64w\" sizes=\"(max-width: 150px) 100vw, 150px\" data-attachment-id=\"12217\" data-permalink=\"https:\/\/www.legistdf.gob.ar\/index.php\/2019\/03\/01\/industria-trabajadoras-de-badisur-buscan-el-pago-de-la-indemnizacion-en-una-cuota\/fah_8926\/\" data-orig-file=\"https:\/\/www.legistdf.gob.ar\/wp-content\/uploads\/2019\/03\/FAH_8926.jpg\" data-orig-size=\"1000,668\" data-comments-opened=\"0\" data-image-meta=\"{&quot;aperture&quot;:&quot;4.5&quot;,&quot;credit&quot;:&quot;&quot;,&quot;camera&quot;:&quot;NIKON D750&quot;,&quot;caption&quot;:&quot;&quot;,&quot;created_timestamp&quot;:&quot;1551422483&quot;,&quot;copyright&quot;:&quot;&quot;,&quot;focal_length&quot;:&quot;24&quot;,&quot;iso&quot;:&quot;400&quot;,&quot;shutter_speed&quot;:&quot;0.0125&quot;,&quot;title&quot;:&quot;&quot;,&quot;orientation&quot;:&quot;1&quot;}\" data-image-title=\"FAH_8926\" data-image-description=\"\" data-image-caption=\"\" data-medium-file=\"https:\/\/www.legistdf.gob.ar\/wp-content\/uploads\/2019\/03\/FAH_8926-300x200.jpg\" data-large-file=\"https:\/\/www.legistdf.gob.ar\/wp-content\/uploads\/2019\/03\/FAH_8926.jpg\" \/><\/a>\n\t\t\t<\/dt><\/dl><dl class='gallery-item'>\n\t\t\t<dt class='gallery-icon landscape'>\n\t\t\t\t<a href='https:\/\/www.legistdf.gob.ar\/index.php\/2019\/03\/01\/industria-trabajadoras-de-badisur-buscan-el-pago-de-la-indemnizacion-en-una-cuota\/fah_8928\/'><img loading=\"lazy\" decoding=\"async\" width=\"150\" height=\"150\" src=\"https:\/\/www.legistdf.gob.ar\/wp-content\/uploads\/2019\/03\/FAH_8928-150x150.jpg\" class=\"attachment-thumbnail size-thumbnail\" alt=\"\" srcset=\"https:\/\/www.legistdf.gob.ar\/wp-content\/uploads\/2019\/03\/FAH_8928-150x150.jpg 150w, https:\/\/www.legistdf.gob.ar\/wp-content\/uploads\/2019\/03\/FAH_8928-64x64.jpg 64w\" sizes=\"(max-width: 150px) 100vw, 150px\" data-attachment-id=\"12218\" data-permalink=\"https:\/\/www.legistdf.gob.ar\/index.php\/2019\/03\/01\/industria-trabajadoras-de-badisur-buscan-el-pago-de-la-indemnizacion-en-una-cuota\/fah_8928\/\" data-orig-file=\"https:\/\/www.legistdf.gob.ar\/wp-content\/uploads\/2019\/03\/FAH_8928.jpg\" data-orig-size=\"1000,668\" data-comments-opened=\"0\" data-image-meta=\"{&quot;aperture&quot;:&quot;5&quot;,&quot;credit&quot;:&quot;&quot;,&quot;camera&quot;:&quot;NIKON D750&quot;,&quot;caption&quot;:&quot;&quot;,&quot;created_timestamp&quot;:&quot;1551422494&quot;,&quot;copyright&quot;:&quot;&quot;,&quot;focal_length&quot;:&quot;24&quot;,&quot;iso&quot;:&quot;400&quot;,&quot;shutter_speed&quot;:&quot;0.01&quot;,&quot;title&quot;:&quot;&quot;,&quot;orientation&quot;:&quot;1&quot;}\" data-image-title=\"FAH_8928\" data-image-description=\"\" data-image-caption=\"\" data-medium-file=\"https:\/\/www.legistdf.gob.ar\/wp-content\/uploads\/2019\/03\/FAH_8928-300x200.jpg\" data-large-file=\"https:\/\/www.legistdf.gob.ar\/wp-content\/uploads\/2019\/03\/FAH_8928.jpg\" \/><\/a>\n\t\t\t<\/dt><\/dl><br style=\"clear: both\" \/><dl class='gallery-item'>\n\t\t\t<dt class='gallery-icon landscape'>\n\t\t\t\t<a href='https:\/\/www.legistdf.gob.ar\/index.php\/2019\/03\/01\/industria-trabajadoras-de-badisur-buscan-el-pago-de-la-indemnizacion-en-una-cuota\/fah_8933\/'><img loading=\"lazy\" decoding=\"async\" width=\"150\" height=\"150\" src=\"https:\/\/www.legistdf.gob.ar\/wp-content\/uploads\/2019\/03\/FAH_8933-150x150.jpg\" class=\"attachment-thumbnail size-thumbnail\" alt=\"\" srcset=\"https:\/\/www.legistdf.gob.ar\/wp-content\/uploads\/2019\/03\/FAH_8933-150x150.jpg 150w, https:\/\/www.legistdf.gob.ar\/wp-content\/uploads\/2019\/03\/FAH_8933-64x64.jpg 64w\" sizes=\"(max-width: 150px) 100vw, 150px\" data-attachment-id=\"12219\" data-permalink=\"https:\/\/www.legistdf.gob.ar\/index.php\/2019\/03\/01\/industria-trabajadoras-de-badisur-buscan-el-pago-de-la-indemnizacion-en-una-cuota\/fah_8933\/\" data-orig-file=\"https:\/\/www.legistdf.gob.ar\/wp-content\/uploads\/2019\/03\/FAH_8933.jpg\" data-orig-size=\"1000,668\" data-comments-opened=\"0\" data-image-meta=\"{&quot;aperture&quot;:&quot;6.3&quot;,&quot;credit&quot;:&quot;&quot;,&quot;camera&quot;:&quot;NIKON D750&quot;,&quot;caption&quot;:&quot;&quot;,&quot;created_timestamp&quot;:&quot;1551422579&quot;,&quot;copyright&quot;:&quot;&quot;,&quot;focal_length&quot;:&quot;28&quot;,&quot;iso&quot;:&quot;400&quot;,&quot;shutter_speed&quot;:&quot;0.00625&quot;,&quot;title&quot;:&quot;&quot;,&quot;orientation&quot;:&quot;1&quot;}\" data-image-title=\"FAH_8933\" data-image-description=\"\" data-image-caption=\"\" data-medium-file=\"https:\/\/www.legistdf.gob.ar\/wp-content\/uploads\/2019\/03\/FAH_8933-300x200.jpg\" data-large-file=\"https:\/\/www.legistdf.gob.ar\/wp-content\/uploads\/2019\/03\/FAH_8933.jpg\" \/><\/a>\n\t\t\t<\/dt><\/dl>\n\t\t\t<br style='clear: both' \/>\n\t\t<\/div>\n\n","protected":false},"excerpt":{"rendered":"<p>Ushuaia, viernes 1 de marzo de 2019.- La problem\u00e1tica que enfrenta la industria en Tierra del Fuego fue atendida, hoy luego de la sesi\u00f3n inaugural, por el Presidente de la Legislatura, vicegobernador Juan Carlos Arcando, los tres Parlamentarios del bloque de la UCR \u2013 Cambiemos y el titular de la cartera de Industria. Luego del [&hellip;]<\/p>\n","protected":false},"author":352,"featured_media":12216,"comment_status":"closed","ping_status":"open","sticky":false,"template":"","format":"standard","meta":{"jetpack_post_was_ever_published":false,"_jetpack_newsletter_access":"","_jetpack_dont_email_post_to_subs":false,"_jetpack_newsletter_tier_id":0,"footnotes":"","jetpack_publicize_message":"","jetpack_publicize_feature_enabled":true,"jetpack_social_post_already_shared":true,"jetpack_social_options":{"image_generator_settings":{"template":"highway","enabled":false}}},"categories":[1],"tags":[992,97,130,155,994,682,125,993,995],"jetpack_publicize_connections":[],"jetpack_sharing_enabled":true,"jetpack_featured_media_url":"https:\/\/www.legistdf.gob.ar\/wp-content\/uploads\/2019\/03\/FAH_8919.jpg","jetpack-related-posts":[],"_links":{"self":[{"href":"https:\/\/www.legistdf.gob.ar\/index.php\/wp-json\/wp\/v2\/posts\/12215"}],"collection":[{"href":"https:\/\/www.legistdf.gob.ar\/index.php\/wp-json\/wp\/v2\/posts"}],"about":[{"href":"https:\/\/www.legistdf.gob.ar\/index.php\/wp-json\/wp\/v2\/types\/post"}],"author":[{"embeddable":true,"href":"https:\/\/www.legistdf.gob.ar\/index.php\/wp-json\/wp\/v2\/users\/352"}],"replies":[{"embeddable":true,"href":"https:\/\/www.legistdf.gob.ar\/index.php\/wp-json\/wp\/v2\/comments?post=12215"}],"version-history":[{"count":4,"href":"https:\/\/www.legistdf.gob.ar\/index.php\/wp-json\/wp\/v2\/posts\/12215\/revisions"}],"predecessor-version":[{"id":12225,"href":"https:\/\/www.legistdf.gob.ar\/index.php\/wp-json\/wp\/v2\/posts\/12215\/revisions\/12225"}],"wp:featuredmedia":[{"embeddable":true,"href":"https:\/\/www.legistdf.gob.ar\/index.php\/wp-json\/wp\/v2\/media\/12216"}],"wp:attachment":[{"href":"https:\/\/www.legistdf.gob.ar\/index.php\/wp-json\/wp\/v2\/media?parent=12215"}],"wp:term":[{"taxonomy":"category","embeddable":true,"href":"https:\/\/www.legistdf.gob.ar\/index.php\/wp-json\/wp\/v2\/categories?post=12215"},{"taxonomy":"post_tag","embeddable":true,"href":"https:\/\/www.legistdf.gob.ar\/index.php\/wp-json\/wp\/v2\/tags?post=12215"}],"curies":[{"name":"wp","href":"https:\/\/api.w.org\/{rel}","templated":true}]}}