{"id":12250,"date":"2019-03-07T14:48:11","date_gmt":"2019-03-07T17:48:11","guid":{"rendered":"http:\/\/www.legistdf.gob.ar\/?p=12250"},"modified":"2019-03-07T11:54:57","modified_gmt":"2019-03-07T14:54:57","slug":"sociedad-la-comunidad-montenegrina-conformara-su-asociacion-en-la-provincia","status":"publish","type":"post","link":"https:\/\/www.legistdf.gob.ar\/index.php\/2019\/03\/07\/sociedad-la-comunidad-montenegrina-conformara-su-asociacion-en-la-provincia\/","title":{"rendered":"SOCIEDAD: La comunidad montenegrina conformar\u00e1 su asociaci\u00f3n en la Provincia"},"content":{"rendered":"<p><strong>Ushuaia, jueves 7 de marzo de 2019.- El vicegobernador Juan Carlos Arcando recibi\u00f3, en sede de Presidencia de la C\u00e1mara, a Patricia C\u00e1rcamo, integrante de la colectividad montenegrina de Tierra del Fuego. El titular del Parlamento se interes\u00f3 en el proceso de conformaci\u00f3n de la asociaci\u00f3n que los nuclear\u00e1 y sobre la futura participaci\u00f3n de esa comunidad en la pr\u00f3xima Fiesta de las Colectividades. <\/strong><\/p>\n<p>&nbsp;<\/p>\n<p>C\u00e1rcamo inform\u00f3 a Prensa Legislativa sobre la cantidad \u201cimportante\u201d de descendientes residentes aunque sostuvo que \u201cno puedo asegurar la cantidad exacta porque estamos haciendo un relevamiento en toda la Provincia\u201d. En ese sentido explic\u00f3 que \u201cestamos organiz\u00e1ndonos para poder participar en las pr\u00f3ximas colectividades, nos invitaron los organizadores para el evento que se realizar\u00e1 en septiembre. Yo soy de R\u00edo Grande y viaj\u00e9, justamente a Ushuaia, para mantener conversaciones en ese sentido\u201d.<\/p>\n<p>&nbsp;<\/p>\n<p>Confirm\u00f3 que \u201cnos vamos a conformar como asociaci\u00f3n, con la idea de promover la cultura, el idioma y fortalecer los v\u00ednculos con Montenegro. Somos tercera generaci\u00f3n y hay muchas cosas que nuestros abuelos no nos transmitieron o se fueron perdiendo\u201d, dijo.<\/p>\n<p>&nbsp;<\/p>\n<p>Por \u00faltimo, la descendiente montenegrina resalt\u00f3 que \u201cla idea es conservar y fortalecer esas costumbres en los descendientes, pero tambi\u00e9n promoverlas para que toda la gente conozca Montenegro y sus costumbres, cultura e idioma\u201d, cerr\u00f3 Patricia C\u00e1rcamo.<\/p>\n<p>&nbsp;<\/p>\n<p>Montenegro\u00a0es un pa\u00eds del sureste de\u00a0Europa\u00a0situado en la\u00a0pen\u00ednsula balc\u00e1nica con casi 300 kil\u00f3metros de costa a orillas del\u00a0mar Adri\u00e1tico. Tiene una superficie de 13.812\u00a0km\u00b2,\u200b en los que habitan 625.266 personas de acuerdo al \u00faltimo censo realizado en 2011.<\/p>\n<p>&nbsp;<\/p>\n<p>LVV<\/p>\n\n\t\t<style type=\"text\/css\">\n\t\t\t#gallery-1 {\n\t\t\t\tmargin: auto;\n\t\t\t}\n\t\t\t#gallery-1 .gallery-item {\n\t\t\t\tfloat: left;\n\t\t\t\tmargin-top: 10px;\n\t\t\t\ttext-align: center;\n\t\t\t\twidth: 100%;\n\t\t\t}\n\t\t\t#gallery-1 img {\n\t\t\t\tborder: 2px solid #cfcfcf;\n\t\t\t}\n\t\t\t#gallery-1 .gallery-caption {\n\t\t\t\tmargin-left: 0;\n\t\t\t}\n\t\t\t\/* see gallery_shortcode() in wp-includes\/media.php *\/\n\t\t<\/style>\n\t\t<div data-carousel-extra='{\"blog_id\":1,\"permalink\":\"https:\\\/\\\/www.legistdf.gob.ar\\\/index.php\\\/2019\\\/03\\\/07\\\/sociedad-la-comunidad-montenegrina-conformara-su-asociacion-en-la-provincia\\\/\"}' id='gallery-1' class='gallery galleryid-12250 gallery-columns-1 gallery-size-thumbnail'><dl class='gallery-item'>\n\t\t\t<dt class='gallery-icon landscape'>\n\t\t\t\t<a href='https:\/\/www.legistdf.gob.ar\/index.php\/2019\/03\/07\/sociedad-la-comunidad-montenegrina-conformara-su-asociacion-en-la-provincia\/28022019-img_3574\/'><img loading=\"lazy\" decoding=\"async\" width=\"150\" height=\"150\" src=\"https:\/\/www.legistdf.gob.ar\/wp-content\/uploads\/2019\/03\/28022019-IMG_3574-150x150.jpg\" class=\"attachment-thumbnail size-thumbnail\" alt=\"\" srcset=\"https:\/\/www.legistdf.gob.ar\/wp-content\/uploads\/2019\/03\/28022019-IMG_3574-150x150.jpg 150w, https:\/\/www.legistdf.gob.ar\/wp-content\/uploads\/2019\/03\/28022019-IMG_3574-64x64.jpg 64w\" sizes=\"(max-width: 150px) 100vw, 150px\" data-attachment-id=\"12251\" data-permalink=\"https:\/\/www.legistdf.gob.ar\/index.php\/2019\/03\/07\/sociedad-la-comunidad-montenegrina-conformara-su-asociacion-en-la-provincia\/28022019-img_3574\/\" data-orig-file=\"https:\/\/www.legistdf.gob.ar\/wp-content\/uploads\/2019\/03\/28022019-IMG_3574.jpg\" data-orig-size=\"1000,667\" data-comments-opened=\"0\" data-image-meta=\"{&quot;aperture&quot;:&quot;4.5&quot;,&quot;credit&quot;:&quot;&quot;,&quot;camera&quot;:&quot;Canon EOS 6D&quot;,&quot;caption&quot;:&quot;&quot;,&quot;created_timestamp&quot;:&quot;1551348466&quot;,&quot;copyright&quot;:&quot;&quot;,&quot;focal_length&quot;:&quot;44&quot;,&quot;iso&quot;:&quot;640&quot;,&quot;shutter_speed&quot;:&quot;0.00625&quot;,&quot;title&quot;:&quot;&quot;,&quot;orientation&quot;:&quot;0&quot;}\" data-image-title=\"28022019-IMG_3574\" data-image-description=\"\" data-image-caption=\"\" data-medium-file=\"https:\/\/www.legistdf.gob.ar\/wp-content\/uploads\/2019\/03\/28022019-IMG_3574-300x200.jpg\" data-large-file=\"https:\/\/www.legistdf.gob.ar\/wp-content\/uploads\/2019\/03\/28022019-IMG_3574.jpg\" \/><\/a>\n\t\t\t<\/dt><\/dl><br style=\"clear: both\" \/>\n\t\t<\/div>\n\n","protected":false},"excerpt":{"rendered":"<p>Ushuaia, jueves 7 de marzo de 2019.- El vicegobernador Juan Carlos Arcando recibi\u00f3, en sede de Presidencia de la C\u00e1mara, a Patricia C\u00e1rcamo, integrante de la colectividad montenegrina de Tierra del Fuego. El titular del Parlamento se interes\u00f3 en el proceso de conformaci\u00f3n de la asociaci\u00f3n que los nuclear\u00e1 y sobre la futura participaci\u00f3n de [&hellip;]<\/p>\n","protected":false},"author":352,"featured_media":12251,"comment_status":"closed","ping_status":"open","sticky":false,"template":"","format":"standard","meta":{"jetpack_post_was_ever_published":false,"_jetpack_newsletter_access":"","_jetpack_dont_email_post_to_subs":false,"_jetpack_newsletter_tier_id":0,"footnotes":"","jetpack_publicize_message":"","jetpack_publicize_feature_enabled":true,"jetpack_social_post_already_shared":true,"jetpack_social_options":{"image_generator_settings":{"template":"highway","enabled":false}}},"categories":[1],"tags":[1010,1007,599,97,1008,1009],"jetpack_publicize_connections":[],"jetpack_sharing_enabled":true,"jetpack_featured_media_url":"https:\/\/www.legistdf.gob.ar\/wp-content\/uploads\/2019\/03\/28022019-IMG_3574.jpg","jetpack-related-posts":[],"_links":{"self":[{"href":"https:\/\/www.legistdf.gob.ar\/index.php\/wp-json\/wp\/v2\/posts\/12250"}],"collection":[{"href":"https:\/\/www.legistdf.gob.ar\/index.php\/wp-json\/wp\/v2\/posts"}],"about":[{"href":"https:\/\/www.legistdf.gob.ar\/index.php\/wp-json\/wp\/v2\/types\/post"}],"author":[{"embeddable":true,"href":"https:\/\/www.legistdf.gob.ar\/index.php\/wp-json\/wp\/v2\/users\/352"}],"replies":[{"embeddable":true,"href":"https:\/\/www.legistdf.gob.ar\/index.php\/wp-json\/wp\/v2\/comments?post=12250"}],"version-history":[{"count":1,"href":"https:\/\/www.legistdf.gob.ar\/index.php\/wp-json\/wp\/v2\/posts\/12250\/revisions"}],"predecessor-version":[{"id":12252,"href":"https:\/\/www.legistdf.gob.ar\/index.php\/wp-json\/wp\/v2\/posts\/12250\/revisions\/12252"}],"wp:featuredmedia":[{"embeddable":true,"href":"https:\/\/www.legistdf.gob.ar\/index.php\/wp-json\/wp\/v2\/media\/12251"}],"wp:attachment":[{"href":"https:\/\/www.legistdf.gob.ar\/index.php\/wp-json\/wp\/v2\/media?parent=12250"}],"wp:term":[{"taxonomy":"category","embeddable":true,"href":"https:\/\/www.legistdf.gob.ar\/index.php\/wp-json\/wp\/v2\/categories?post=12250"},{"taxonomy":"post_tag","embeddable":true,"href":"https:\/\/www.legistdf.gob.ar\/index.php\/wp-json\/wp\/v2\/tags?post=12250"}],"curies":[{"name":"wp","href":"https:\/\/api.w.org\/{rel}","templated":true}]}}