{"id":12402,"date":"2019-03-20T15:37:13","date_gmt":"2019-03-20T18:37:13","guid":{"rendered":"http:\/\/www.legistdf.gob.ar\/?p=12402"},"modified":"2019-03-20T15:39:43","modified_gmt":"2019-03-20T18:39:43","slug":"salud-kinesiologia-es-un-servicio-muy-bueno-dijo-martinez-allende-y-valoro-la-aparatologia-con-que-cuentan","status":"publish","type":"post","link":"https:\/\/www.legistdf.gob.ar\/index.php\/2019\/03\/20\/salud-kinesiologia-es-un-servicio-muy-bueno-dijo-martinez-allende-y-valoro-la-aparatologia-con-que-cuentan\/","title":{"rendered":"SALUD: Kinesiolog\u00eda es \u201cun servicio muy bueno\u201d, dijo Mart\u00ednez Allende y valor\u00f3 la aparatolog\u00eda con que cuentan"},"content":{"rendered":"<p><strong>Ushuaia, mi\u00e9rcoles 20 de marzo de 2019.- La Presidenta de la comisi\u00f3n de Salud P\u00fablica (5), legisladora Liliana Mart\u00ednez Allende (UCR \u2013 Cambiemos) recorri\u00f3 ayer el Servicio de Kinesiolog\u00eda del Hospital Regional Ushuaia \u201cGdor. Ernesto Campos\u201d. Fue recibida por la jefa del servicio, Ana Navarro y la directora del nosocomio, Dra. Mar\u00eda Marta Cozzar\u00edn. La Parlamentaria resalt\u00f3 la reciente incorporaci\u00f3n de aparatolog\u00eda y profesionales, lo que permiti\u00f3 un \u201caumento en la atenci\u00f3n a pacientes respecto del a\u00f1o pasado\u201d.<\/strong><\/p>\n<p>&nbsp;<\/p>\n<p>En di\u00e1logo con Prensa Legislativa, la Legisladora confirm\u00f3 que recorremos \u201ctodos los servicios del hospital; hace unos d\u00edas recorrimos el laboratorio y hoy el de Kinesiolog\u00eda\u201d. Reconoci\u00f3 que se trata de la primera visita al sector y agreg\u00f3 que \u201clos profesionales que trabajan ac\u00e1 me comentaron que tampoco hab\u00edan recibido muchas visitas\u201d<\/p>\n<p>&nbsp;<\/p>\n<p>Calific\u00f3 como \u201cun servicio muy bueno\u201d y valor\u00f3 la aparatolog\u00eda con que cuenta kinesiolog\u00eda.<\/p>\n<p>&nbsp;<\/p>\n<p>En otro orden, la Parlamentaria radical explic\u00f3 que los profesionales del \u00e1rea tienen la necesidad permanente de \u201ccapacitaci\u00f3n. Porque el servicio que se presta cada d\u00eda es m\u00e1s profesionalizado, pero tambi\u00e9n porque a veces alg\u00fan experto viaja a capacitarse y luego debe traer esta capacitaci\u00f3n a sus compa\u00f1eros, cuando lo ideal es traer a los capacitadores. As\u00ed, todos tienen la posibilidad de recibir esa nuevo aprendizaje\u201d, remarc\u00f3 Mart\u00ednez Allende.<\/p>\n<p>&nbsp;<\/p>\n<p>Por su parte, la jefa del Servicio de Kinesiolog\u00eda, Ana Navarro, se\u00f1al\u00f3 que mostraron a la referente legislativa \u201cel trabajo que hacemos en el \u00e1rea, el recurso humano que ha ingresado y el equipamiento nuevo con el que contamos\u201d.<\/p>\n<p>&nbsp;<\/p>\n<p>La profesional, junto a su equipo de trabajo, expres\u00f3 cu\u00e1les son las futuras incorporaciones que pretenden en su servicio. \u201cComo rehabilitaci\u00f3n cardio respiratoria, ecograf\u00edas m\u00fasculo esquel\u00e9ticas para el apoyo al diagn\u00f3stico m\u00e9dico\u201d.<\/p>\n<p>&nbsp;<\/p>\n<p>\u201cQuisimos mostrar la cantidad de atenciones que realizamos diariamente desde las 8 de la ma\u00f1ana hasta las 20\u201d, asegur\u00f3 Navarro. En este sentido confirm\u00f3 que trabajan \u201c9 kinesi\u00f3logos, hacemos consultorio externo en ambos turnos y m\u00e1s 3 profesionales atienden internaci\u00f3n y las distintas terapias que hay en el hospital\u201d. Resalt\u00f3 que \u201clos profesionales del hospital somos los \u00fanicos que hacemos traumatolog\u00eda y respiratorio en la ciudad. Queremos seguir avanzando en eso a trav\u00e9s de especializaciones\u201d, subray\u00f3.<\/p>\n<p>&nbsp;<\/p>\n<p>\u201cLa cantidad de pacientes diarios que recibimos son aproximadamente 140, gracias a la incorporaci\u00f3n de profesionales, estad\u00edsticamente aument\u00f3 el doble la atenci\u00f3n con respecto al a\u00f1o pasado en esta misma \u00e9poca. Realmente valoramos mucho el recurso humano que tenemos en el servicio\u201d, cerr\u00f3 Navarro.<\/p>\n<p>&nbsp;<\/p>\n<p>Respecto de la sancionada Ley provincial N\u00ba 1.272 de Ejercicio Profesional de Kinesiolog\u00eda y Fisioterapia, record\u00f3 que \u201cla Asociaci\u00f3n de Kinesi\u00f3logos trabaj\u00f3 sobre el proyecto que se abord\u00f3 en el \u00e1mbito parlamentario\u201d. Destac\u00f3 que la norma, sancionada en diciembre pasado, \u201ces muy beneficiosa y era muy necesaria para contribuir al profesionalismo y la jerarquizaci\u00f3n de la Kinesiolog\u00eda\u201d, concluy\u00f3 Ana Navarro.<\/p>\n<p>&nbsp;<\/p>\n<p style=\"text-align: right\">LVV<\/p>\n<p>&nbsp;<\/p>\n<p><iframe loading=\"lazy\" title=\"SALUD P\u00daBLICA: Mart\u00ednez Allende destac\u00f3 el trabajo del Servicio de Kinesiolog\u00eda del HRU\" width=\"844\" height=\"475\" src=\"https:\/\/www.youtube.com\/embed\/15Sxx4otSbw?start=1&#038;feature=oembed\" frameborder=\"0\" allow=\"accelerometer; autoplay; clipboard-write; encrypted-media; gyroscope; picture-in-picture; web-share\" allowfullscreen><\/iframe><\/p>\n\n\t\t<style type=\"text\/css\">\n\t\t\t#gallery-1 {\n\t\t\t\tmargin: auto;\n\t\t\t}\n\t\t\t#gallery-1 .gallery-item {\n\t\t\t\tfloat: left;\n\t\t\t\tmargin-top: 10px;\n\t\t\t\ttext-align: center;\n\t\t\t\twidth: 33%;\n\t\t\t}\n\t\t\t#gallery-1 img {\n\t\t\t\tborder: 2px solid #cfcfcf;\n\t\t\t}\n\t\t\t#gallery-1 .gallery-caption {\n\t\t\t\tmargin-left: 0;\n\t\t\t}\n\t\t\t\/* see gallery_shortcode() in wp-includes\/media.php *\/\n\t\t<\/style>\n\t\t<div data-carousel-extra='{\"blog_id\":1,\"permalink\":\"https:\\\/\\\/www.legistdf.gob.ar\\\/index.php\\\/2019\\\/03\\\/20\\\/salud-kinesiologia-es-un-servicio-muy-bueno-dijo-martinez-allende-y-valoro-la-aparatologia-con-que-cuentan\\\/\"}' id='gallery-1' class='gallery galleryid-12402 gallery-columns-3 gallery-size-thumbnail'><dl class='gallery-item'>\n\t\t\t<dt class='gallery-icon landscape'>\n\t\t\t\t<a href='https:\/\/www.legistdf.gob.ar\/index.php\/2019\/03\/20\/salud-kinesiologia-es-un-servicio-muy-bueno-dijo-martinez-allende-y-valoro-la-aparatologia-con-que-cuentan\/img_0252-2\/'><img loading=\"lazy\" decoding=\"async\" width=\"150\" height=\"150\" src=\"https:\/\/www.legistdf.gob.ar\/wp-content\/uploads\/2019\/03\/IMG_0252-150x150.jpg\" class=\"attachment-thumbnail size-thumbnail\" alt=\"\" srcset=\"https:\/\/www.legistdf.gob.ar\/wp-content\/uploads\/2019\/03\/IMG_0252-150x150.jpg 150w, https:\/\/www.legistdf.gob.ar\/wp-content\/uploads\/2019\/03\/IMG_0252-64x64.jpg 64w\" sizes=\"(max-width: 150px) 100vw, 150px\" data-attachment-id=\"12403\" data-permalink=\"https:\/\/www.legistdf.gob.ar\/index.php\/2019\/03\/20\/salud-kinesiologia-es-un-servicio-muy-bueno-dijo-martinez-allende-y-valoro-la-aparatologia-con-que-cuentan\/img_0252-2\/\" data-orig-file=\"https:\/\/www.legistdf.gob.ar\/wp-content\/uploads\/2019\/03\/IMG_0252.jpg\" data-orig-size=\"1000,667\" data-comments-opened=\"0\" data-image-meta=\"{&quot;aperture&quot;:&quot;0&quot;,&quot;credit&quot;:&quot;&quot;,&quot;camera&quot;:&quot;&quot;,&quot;caption&quot;:&quot;&quot;,&quot;created_timestamp&quot;:&quot;0&quot;,&quot;copyright&quot;:&quot;&quot;,&quot;focal_length&quot;:&quot;0&quot;,&quot;iso&quot;:&quot;0&quot;,&quot;shutter_speed&quot;:&quot;0&quot;,&quot;title&quot;:&quot;&quot;,&quot;orientation&quot;:&quot;0&quot;}\" data-image-title=\"IMG_0252\" data-image-description=\"\" data-image-caption=\"\" data-medium-file=\"https:\/\/www.legistdf.gob.ar\/wp-content\/uploads\/2019\/03\/IMG_0252-300x200.jpg\" data-large-file=\"https:\/\/www.legistdf.gob.ar\/wp-content\/uploads\/2019\/03\/IMG_0252.jpg\" \/><\/a>\n\t\t\t<\/dt><\/dl><dl class='gallery-item'>\n\t\t\t<dt class='gallery-icon landscape'>\n\t\t\t\t<a href='https:\/\/www.legistdf.gob.ar\/index.php\/2019\/03\/20\/salud-kinesiologia-es-un-servicio-muy-bueno-dijo-martinez-allende-y-valoro-la-aparatologia-con-que-cuentan\/img_0258-2\/'><img loading=\"lazy\" decoding=\"async\" width=\"150\" height=\"150\" src=\"https:\/\/www.legistdf.gob.ar\/wp-content\/uploads\/2019\/03\/IMG_0258-150x150.jpg\" class=\"attachment-thumbnail size-thumbnail\" alt=\"\" srcset=\"https:\/\/www.legistdf.gob.ar\/wp-content\/uploads\/2019\/03\/IMG_0258-150x150.jpg 150w, https:\/\/www.legistdf.gob.ar\/wp-content\/uploads\/2019\/03\/IMG_0258-64x64.jpg 64w\" sizes=\"(max-width: 150px) 100vw, 150px\" data-attachment-id=\"12404\" data-permalink=\"https:\/\/www.legistdf.gob.ar\/index.php\/2019\/03\/20\/salud-kinesiologia-es-un-servicio-muy-bueno-dijo-martinez-allende-y-valoro-la-aparatologia-con-que-cuentan\/img_0258-2\/\" data-orig-file=\"https:\/\/www.legistdf.gob.ar\/wp-content\/uploads\/2019\/03\/IMG_0258.jpg\" data-orig-size=\"1000,667\" data-comments-opened=\"0\" data-image-meta=\"{&quot;aperture&quot;:&quot;0&quot;,&quot;credit&quot;:&quot;&quot;,&quot;camera&quot;:&quot;&quot;,&quot;caption&quot;:&quot;&quot;,&quot;created_timestamp&quot;:&quot;0&quot;,&quot;copyright&quot;:&quot;&quot;,&quot;focal_length&quot;:&quot;0&quot;,&quot;iso&quot;:&quot;0&quot;,&quot;shutter_speed&quot;:&quot;0&quot;,&quot;title&quot;:&quot;&quot;,&quot;orientation&quot;:&quot;0&quot;}\" data-image-title=\"IMG_0258\" data-image-description=\"\" data-image-caption=\"\" data-medium-file=\"https:\/\/www.legistdf.gob.ar\/wp-content\/uploads\/2019\/03\/IMG_0258-300x200.jpg\" data-large-file=\"https:\/\/www.legistdf.gob.ar\/wp-content\/uploads\/2019\/03\/IMG_0258.jpg\" \/><\/a>\n\t\t\t<\/dt><\/dl><dl class='gallery-item'>\n\t\t\t<dt class='gallery-icon landscape'>\n\t\t\t\t<a href='https:\/\/www.legistdf.gob.ar\/index.php\/2019\/03\/20\/salud-kinesiologia-es-un-servicio-muy-bueno-dijo-martinez-allende-y-valoro-la-aparatologia-con-que-cuentan\/img_0263-2\/'><img loading=\"lazy\" decoding=\"async\" width=\"150\" height=\"150\" src=\"https:\/\/www.legistdf.gob.ar\/wp-content\/uploads\/2019\/03\/IMG_0263-150x150.jpg\" class=\"attachment-thumbnail size-thumbnail\" alt=\"\" srcset=\"https:\/\/www.legistdf.gob.ar\/wp-content\/uploads\/2019\/03\/IMG_0263-150x150.jpg 150w, https:\/\/www.legistdf.gob.ar\/wp-content\/uploads\/2019\/03\/IMG_0263-64x64.jpg 64w\" sizes=\"(max-width: 150px) 100vw, 150px\" data-attachment-id=\"12405\" data-permalink=\"https:\/\/www.legistdf.gob.ar\/index.php\/2019\/03\/20\/salud-kinesiologia-es-un-servicio-muy-bueno-dijo-martinez-allende-y-valoro-la-aparatologia-con-que-cuentan\/img_0263-2\/\" data-orig-file=\"https:\/\/www.legistdf.gob.ar\/wp-content\/uploads\/2019\/03\/IMG_0263.jpg\" data-orig-size=\"1000,667\" data-comments-opened=\"0\" data-image-meta=\"{&quot;aperture&quot;:&quot;0&quot;,&quot;credit&quot;:&quot;&quot;,&quot;camera&quot;:&quot;&quot;,&quot;caption&quot;:&quot;&quot;,&quot;created_timestamp&quot;:&quot;0&quot;,&quot;copyright&quot;:&quot;&quot;,&quot;focal_length&quot;:&quot;0&quot;,&quot;iso&quot;:&quot;0&quot;,&quot;shutter_speed&quot;:&quot;0&quot;,&quot;title&quot;:&quot;&quot;,&quot;orientation&quot;:&quot;0&quot;}\" data-image-title=\"IMG_0263\" data-image-description=\"\" data-image-caption=\"\" data-medium-file=\"https:\/\/www.legistdf.gob.ar\/wp-content\/uploads\/2019\/03\/IMG_0263-300x200.jpg\" data-large-file=\"https:\/\/www.legistdf.gob.ar\/wp-content\/uploads\/2019\/03\/IMG_0263.jpg\" \/><\/a>\n\t\t\t<\/dt><\/dl><br style=\"clear: both\" \/><dl class='gallery-item'>\n\t\t\t<dt class='gallery-icon landscape'>\n\t\t\t\t<a href='https:\/\/www.legistdf.gob.ar\/index.php\/2019\/03\/20\/salud-kinesiologia-es-un-servicio-muy-bueno-dijo-martinez-allende-y-valoro-la-aparatologia-con-que-cuentan\/img_0274\/'><img loading=\"lazy\" decoding=\"async\" width=\"150\" height=\"150\" src=\"https:\/\/www.legistdf.gob.ar\/wp-content\/uploads\/2019\/03\/IMG_0274-150x150.jpg\" class=\"attachment-thumbnail size-thumbnail\" alt=\"\" srcset=\"https:\/\/www.legistdf.gob.ar\/wp-content\/uploads\/2019\/03\/IMG_0274-150x150.jpg 150w, https:\/\/www.legistdf.gob.ar\/wp-content\/uploads\/2019\/03\/IMG_0274-64x64.jpg 64w\" sizes=\"(max-width: 150px) 100vw, 150px\" data-attachment-id=\"12406\" data-permalink=\"https:\/\/www.legistdf.gob.ar\/index.php\/2019\/03\/20\/salud-kinesiologia-es-un-servicio-muy-bueno-dijo-martinez-allende-y-valoro-la-aparatologia-con-que-cuentan\/img_0274\/\" data-orig-file=\"https:\/\/www.legistdf.gob.ar\/wp-content\/uploads\/2019\/03\/IMG_0274.jpg\" data-orig-size=\"1000,667\" data-comments-opened=\"0\" data-image-meta=\"{&quot;aperture&quot;:&quot;0&quot;,&quot;credit&quot;:&quot;&quot;,&quot;camera&quot;:&quot;&quot;,&quot;caption&quot;:&quot;&quot;,&quot;created_timestamp&quot;:&quot;0&quot;,&quot;copyright&quot;:&quot;&quot;,&quot;focal_length&quot;:&quot;0&quot;,&quot;iso&quot;:&quot;0&quot;,&quot;shutter_speed&quot;:&quot;0&quot;,&quot;title&quot;:&quot;&quot;,&quot;orientation&quot;:&quot;0&quot;}\" data-image-title=\"IMG_0274\" data-image-description=\"\" data-image-caption=\"\" data-medium-file=\"https:\/\/www.legistdf.gob.ar\/wp-content\/uploads\/2019\/03\/IMG_0274-300x200.jpg\" data-large-file=\"https:\/\/www.legistdf.gob.ar\/wp-content\/uploads\/2019\/03\/IMG_0274.jpg\" \/><\/a>\n\t\t\t<\/dt><\/dl><dl class='gallery-item'>\n\t\t\t<dt class='gallery-icon landscape'>\n\t\t\t\t<a href='https:\/\/www.legistdf.gob.ar\/index.php\/2019\/03\/20\/salud-kinesiologia-es-un-servicio-muy-bueno-dijo-martinez-allende-y-valoro-la-aparatologia-con-que-cuentan\/img_0276\/'><img loading=\"lazy\" decoding=\"async\" width=\"150\" height=\"150\" src=\"https:\/\/www.legistdf.gob.ar\/wp-content\/uploads\/2019\/03\/IMG_0276-150x150.jpg\" class=\"attachment-thumbnail size-thumbnail\" alt=\"\" srcset=\"https:\/\/www.legistdf.gob.ar\/wp-content\/uploads\/2019\/03\/IMG_0276-150x150.jpg 150w, https:\/\/www.legistdf.gob.ar\/wp-content\/uploads\/2019\/03\/IMG_0276-64x64.jpg 64w\" sizes=\"(max-width: 150px) 100vw, 150px\" data-attachment-id=\"12407\" data-permalink=\"https:\/\/www.legistdf.gob.ar\/index.php\/2019\/03\/20\/salud-kinesiologia-es-un-servicio-muy-bueno-dijo-martinez-allende-y-valoro-la-aparatologia-con-que-cuentan\/img_0276\/\" data-orig-file=\"https:\/\/www.legistdf.gob.ar\/wp-content\/uploads\/2019\/03\/IMG_0276.jpg\" data-orig-size=\"1000,667\" data-comments-opened=\"0\" data-image-meta=\"{&quot;aperture&quot;:&quot;0&quot;,&quot;credit&quot;:&quot;&quot;,&quot;camera&quot;:&quot;&quot;,&quot;caption&quot;:&quot;&quot;,&quot;created_timestamp&quot;:&quot;0&quot;,&quot;copyright&quot;:&quot;&quot;,&quot;focal_length&quot;:&quot;0&quot;,&quot;iso&quot;:&quot;0&quot;,&quot;shutter_speed&quot;:&quot;0&quot;,&quot;title&quot;:&quot;&quot;,&quot;orientation&quot;:&quot;0&quot;}\" data-image-title=\"IMG_0276\" data-image-description=\"\" data-image-caption=\"\" data-medium-file=\"https:\/\/www.legistdf.gob.ar\/wp-content\/uploads\/2019\/03\/IMG_0276-300x200.jpg\" data-large-file=\"https:\/\/www.legistdf.gob.ar\/wp-content\/uploads\/2019\/03\/IMG_0276.jpg\" \/><\/a>\n\t\t\t<\/dt><\/dl><dl class='gallery-item'>\n\t\t\t<dt class='gallery-icon landscape'>\n\t\t\t\t<a href='https:\/\/www.legistdf.gob.ar\/index.php\/2019\/03\/20\/salud-kinesiologia-es-un-servicio-muy-bueno-dijo-martinez-allende-y-valoro-la-aparatologia-con-que-cuentan\/img_0284-2\/'><img loading=\"lazy\" decoding=\"async\" width=\"150\" height=\"150\" src=\"https:\/\/www.legistdf.gob.ar\/wp-content\/uploads\/2019\/03\/IMG_0284-150x150.jpg\" class=\"attachment-thumbnail size-thumbnail\" alt=\"\" srcset=\"https:\/\/www.legistdf.gob.ar\/wp-content\/uploads\/2019\/03\/IMG_0284-150x150.jpg 150w, https:\/\/www.legistdf.gob.ar\/wp-content\/uploads\/2019\/03\/IMG_0284-64x64.jpg 64w\" sizes=\"(max-width: 150px) 100vw, 150px\" data-attachment-id=\"12408\" data-permalink=\"https:\/\/www.legistdf.gob.ar\/index.php\/2019\/03\/20\/salud-kinesiologia-es-un-servicio-muy-bueno-dijo-martinez-allende-y-valoro-la-aparatologia-con-que-cuentan\/img_0284-2\/\" data-orig-file=\"https:\/\/www.legistdf.gob.ar\/wp-content\/uploads\/2019\/03\/IMG_0284.jpg\" data-orig-size=\"1000,667\" data-comments-opened=\"0\" data-image-meta=\"{&quot;aperture&quot;:&quot;0&quot;,&quot;credit&quot;:&quot;&quot;,&quot;camera&quot;:&quot;&quot;,&quot;caption&quot;:&quot;&quot;,&quot;created_timestamp&quot;:&quot;0&quot;,&quot;copyright&quot;:&quot;&quot;,&quot;focal_length&quot;:&quot;0&quot;,&quot;iso&quot;:&quot;0&quot;,&quot;shutter_speed&quot;:&quot;0&quot;,&quot;title&quot;:&quot;&quot;,&quot;orientation&quot;:&quot;0&quot;}\" data-image-title=\"IMG_0284\" data-image-description=\"\" data-image-caption=\"\" data-medium-file=\"https:\/\/www.legistdf.gob.ar\/wp-content\/uploads\/2019\/03\/IMG_0284-300x200.jpg\" data-large-file=\"https:\/\/www.legistdf.gob.ar\/wp-content\/uploads\/2019\/03\/IMG_0284.jpg\" \/><\/a>\n\t\t\t<\/dt><\/dl><br style=\"clear: both\" \/><dl class='gallery-item'>\n\t\t\t<dt class='gallery-icon landscape'>\n\t\t\t\t<a href='https:\/\/www.legistdf.gob.ar\/index.php\/2019\/03\/20\/salud-kinesiologia-es-un-servicio-muy-bueno-dijo-martinez-allende-y-valoro-la-aparatologia-con-que-cuentan\/img_0295\/'><img loading=\"lazy\" decoding=\"async\" width=\"150\" height=\"150\" src=\"https:\/\/www.legistdf.gob.ar\/wp-content\/uploads\/2019\/03\/IMG_0295-150x150.jpg\" class=\"attachment-thumbnail size-thumbnail\" alt=\"\" srcset=\"https:\/\/www.legistdf.gob.ar\/wp-content\/uploads\/2019\/03\/IMG_0295-150x150.jpg 150w, https:\/\/www.legistdf.gob.ar\/wp-content\/uploads\/2019\/03\/IMG_0295-64x64.jpg 64w\" sizes=\"(max-width: 150px) 100vw, 150px\" data-attachment-id=\"12409\" data-permalink=\"https:\/\/www.legistdf.gob.ar\/index.php\/2019\/03\/20\/salud-kinesiologia-es-un-servicio-muy-bueno-dijo-martinez-allende-y-valoro-la-aparatologia-con-que-cuentan\/img_0295\/\" data-orig-file=\"https:\/\/www.legistdf.gob.ar\/wp-content\/uploads\/2019\/03\/IMG_0295.jpg\" data-orig-size=\"1000,667\" data-comments-opened=\"0\" data-image-meta=\"{&quot;aperture&quot;:&quot;0&quot;,&quot;credit&quot;:&quot;&quot;,&quot;camera&quot;:&quot;&quot;,&quot;caption&quot;:&quot;&quot;,&quot;created_timestamp&quot;:&quot;0&quot;,&quot;copyright&quot;:&quot;&quot;,&quot;focal_length&quot;:&quot;0&quot;,&quot;iso&quot;:&quot;0&quot;,&quot;shutter_speed&quot;:&quot;0&quot;,&quot;title&quot;:&quot;&quot;,&quot;orientation&quot;:&quot;0&quot;}\" data-image-title=\"IMG_0295\" data-image-description=\"\" data-image-caption=\"\" data-medium-file=\"https:\/\/www.legistdf.gob.ar\/wp-content\/uploads\/2019\/03\/IMG_0295-300x200.jpg\" data-large-file=\"https:\/\/www.legistdf.gob.ar\/wp-content\/uploads\/2019\/03\/IMG_0295.jpg\" \/><\/a>\n\t\t\t<\/dt><\/dl><dl class='gallery-item'>\n\t\t\t<dt class='gallery-icon landscape'>\n\t\t\t\t<a href='https:\/\/www.legistdf.gob.ar\/index.php\/2019\/03\/20\/salud-kinesiologia-es-un-servicio-muy-bueno-dijo-martinez-allende-y-valoro-la-aparatologia-con-que-cuentan\/img_0305\/'><img loading=\"lazy\" decoding=\"async\" width=\"150\" height=\"150\" src=\"https:\/\/www.legistdf.gob.ar\/wp-content\/uploads\/2019\/03\/IMG_0305-150x150.jpg\" class=\"attachment-thumbnail size-thumbnail\" alt=\"\" srcset=\"https:\/\/www.legistdf.gob.ar\/wp-content\/uploads\/2019\/03\/IMG_0305-150x150.jpg 150w, https:\/\/www.legistdf.gob.ar\/wp-content\/uploads\/2019\/03\/IMG_0305-64x64.jpg 64w\" sizes=\"(max-width: 150px) 100vw, 150px\" data-attachment-id=\"12410\" data-permalink=\"https:\/\/www.legistdf.gob.ar\/index.php\/2019\/03\/20\/salud-kinesiologia-es-un-servicio-muy-bueno-dijo-martinez-allende-y-valoro-la-aparatologia-con-que-cuentan\/img_0305\/\" data-orig-file=\"https:\/\/www.legistdf.gob.ar\/wp-content\/uploads\/2019\/03\/IMG_0305.jpg\" data-orig-size=\"1000,667\" data-comments-opened=\"0\" data-image-meta=\"{&quot;aperture&quot;:&quot;0&quot;,&quot;credit&quot;:&quot;&quot;,&quot;camera&quot;:&quot;&quot;,&quot;caption&quot;:&quot;&quot;,&quot;created_timestamp&quot;:&quot;0&quot;,&quot;copyright&quot;:&quot;&quot;,&quot;focal_length&quot;:&quot;0&quot;,&quot;iso&quot;:&quot;0&quot;,&quot;shutter_speed&quot;:&quot;0&quot;,&quot;title&quot;:&quot;&quot;,&quot;orientation&quot;:&quot;0&quot;}\" data-image-title=\"IMG_0305\" data-image-description=\"\" data-image-caption=\"\" data-medium-file=\"https:\/\/www.legistdf.gob.ar\/wp-content\/uploads\/2019\/03\/IMG_0305-300x200.jpg\" data-large-file=\"https:\/\/www.legistdf.gob.ar\/wp-content\/uploads\/2019\/03\/IMG_0305.jpg\" \/><\/a>\n\t\t\t<\/dt><\/dl><dl class='gallery-item'>\n\t\t\t<dt class='gallery-icon landscape'>\n\t\t\t\t<a href='https:\/\/www.legistdf.gob.ar\/index.php\/2019\/03\/20\/salud-kinesiologia-es-un-servicio-muy-bueno-dijo-martinez-allende-y-valoro-la-aparatologia-con-que-cuentan\/img_0313\/'><img loading=\"lazy\" decoding=\"async\" width=\"150\" height=\"150\" src=\"https:\/\/www.legistdf.gob.ar\/wp-content\/uploads\/2019\/03\/IMG_0313-150x150.jpg\" class=\"attachment-thumbnail size-thumbnail\" alt=\"\" srcset=\"https:\/\/www.legistdf.gob.ar\/wp-content\/uploads\/2019\/03\/IMG_0313-150x150.jpg 150w, https:\/\/www.legistdf.gob.ar\/wp-content\/uploads\/2019\/03\/IMG_0313-64x64.jpg 64w\" sizes=\"(max-width: 150px) 100vw, 150px\" data-attachment-id=\"12411\" data-permalink=\"https:\/\/www.legistdf.gob.ar\/index.php\/2019\/03\/20\/salud-kinesiologia-es-un-servicio-muy-bueno-dijo-martinez-allende-y-valoro-la-aparatologia-con-que-cuentan\/img_0313\/\" data-orig-file=\"https:\/\/www.legistdf.gob.ar\/wp-content\/uploads\/2019\/03\/IMG_0313.jpg\" data-orig-size=\"1000,667\" data-comments-opened=\"0\" data-image-meta=\"{&quot;aperture&quot;:&quot;0&quot;,&quot;credit&quot;:&quot;&quot;,&quot;camera&quot;:&quot;&quot;,&quot;caption&quot;:&quot;&quot;,&quot;created_timestamp&quot;:&quot;0&quot;,&quot;copyright&quot;:&quot;&quot;,&quot;focal_length&quot;:&quot;0&quot;,&quot;iso&quot;:&quot;0&quot;,&quot;shutter_speed&quot;:&quot;0&quot;,&quot;title&quot;:&quot;&quot;,&quot;orientation&quot;:&quot;0&quot;}\" data-image-title=\"IMG_0313\" data-image-description=\"\" data-image-caption=\"\" data-medium-file=\"https:\/\/www.legistdf.gob.ar\/wp-content\/uploads\/2019\/03\/IMG_0313-300x200.jpg\" data-large-file=\"https:\/\/www.legistdf.gob.ar\/wp-content\/uploads\/2019\/03\/IMG_0313.jpg\" \/><\/a>\n\t\t\t<\/dt><\/dl><br style=\"clear: both\" \/><dl class='gallery-item'>\n\t\t\t<dt class='gallery-icon landscape'>\n\t\t\t\t<a href='https:\/\/www.legistdf.gob.ar\/index.php\/2019\/03\/20\/salud-kinesiologia-es-un-servicio-muy-bueno-dijo-martinez-allende-y-valoro-la-aparatologia-con-que-cuentan\/img_0316-3\/'><img loading=\"lazy\" decoding=\"async\" width=\"150\" height=\"150\" src=\"https:\/\/www.legistdf.gob.ar\/wp-content\/uploads\/2019\/03\/IMG_0316-150x150.jpg\" class=\"attachment-thumbnail size-thumbnail\" alt=\"\" srcset=\"https:\/\/www.legistdf.gob.ar\/wp-content\/uploads\/2019\/03\/IMG_0316-150x150.jpg 150w, https:\/\/www.legistdf.gob.ar\/wp-content\/uploads\/2019\/03\/IMG_0316-64x64.jpg 64w\" sizes=\"(max-width: 150px) 100vw, 150px\" data-attachment-id=\"12412\" data-permalink=\"https:\/\/www.legistdf.gob.ar\/index.php\/2019\/03\/20\/salud-kinesiologia-es-un-servicio-muy-bueno-dijo-martinez-allende-y-valoro-la-aparatologia-con-que-cuentan\/img_0316-3\/\" data-orig-file=\"https:\/\/www.legistdf.gob.ar\/wp-content\/uploads\/2019\/03\/IMG_0316.jpg\" data-orig-size=\"1000,667\" data-comments-opened=\"0\" data-image-meta=\"{&quot;aperture&quot;:&quot;0&quot;,&quot;credit&quot;:&quot;&quot;,&quot;camera&quot;:&quot;&quot;,&quot;caption&quot;:&quot;&quot;,&quot;created_timestamp&quot;:&quot;0&quot;,&quot;copyright&quot;:&quot;&quot;,&quot;focal_length&quot;:&quot;0&quot;,&quot;iso&quot;:&quot;0&quot;,&quot;shutter_speed&quot;:&quot;0&quot;,&quot;title&quot;:&quot;&quot;,&quot;orientation&quot;:&quot;0&quot;}\" data-image-title=\"IMG_0316\" data-image-description=\"\" data-image-caption=\"\" data-medium-file=\"https:\/\/www.legistdf.gob.ar\/wp-content\/uploads\/2019\/03\/IMG_0316-300x200.jpg\" data-large-file=\"https:\/\/www.legistdf.gob.ar\/wp-content\/uploads\/2019\/03\/IMG_0316.jpg\" \/><\/a>\n\t\t\t<\/dt><\/dl>\n\t\t\t<br style='clear: both' \/>\n\t\t<\/div>\n\n<p>&nbsp;<\/p>\n<p>&nbsp;<\/p>\n","protected":false},"excerpt":{"rendered":"<p>Ushuaia, mi\u00e9rcoles 20 de marzo de 2019.- La Presidenta de la comisi\u00f3n de Salud P\u00fablica (5), legisladora Liliana Mart\u00ednez Allende (UCR \u2013 Cambiemos) recorri\u00f3 ayer el Servicio de Kinesiolog\u00eda del Hospital Regional Ushuaia \u201cGdor. Ernesto Campos\u201d. Fue recibida por la jefa del servicio, Ana Navarro y la directora del nosocomio, Dra. Mar\u00eda Marta Cozzar\u00edn. La [&hellip;]<\/p>\n","protected":false},"author":352,"featured_media":12410,"comment_status":"closed","ping_status":"open","sticky":false,"template":"","format":"standard","meta":{"jetpack_post_was_ever_published":false,"_jetpack_newsletter_access":"","_jetpack_dont_email_post_to_subs":false,"_jetpack_newsletter_tier_id":0,"footnotes":"","jetpack_publicize_message":"","jetpack_publicize_feature_enabled":true,"jetpack_social_post_already_shared":true,"jetpack_social_options":{"image_generator_settings":{"template":"highway","enabled":false}}},"categories":[1],"tags":[560,1066,981,559,155,1065,351],"jetpack_publicize_connections":[],"jetpack_sharing_enabled":true,"jetpack_featured_media_url":"https:\/\/www.legistdf.gob.ar\/wp-content\/uploads\/2019\/03\/IMG_0305.jpg","jetpack-related-posts":[],"_links":{"self":[{"href":"https:\/\/www.legistdf.gob.ar\/index.php\/wp-json\/wp\/v2\/posts\/12402"}],"collection":[{"href":"https:\/\/www.legistdf.gob.ar\/index.php\/wp-json\/wp\/v2\/posts"}],"about":[{"href":"https:\/\/www.legistdf.gob.ar\/index.php\/wp-json\/wp\/v2\/types\/post"}],"author":[{"embeddable":true,"href":"https:\/\/www.legistdf.gob.ar\/index.php\/wp-json\/wp\/v2\/users\/352"}],"replies":[{"embeddable":true,"href":"https:\/\/www.legistdf.gob.ar\/index.php\/wp-json\/wp\/v2\/comments?post=12402"}],"version-history":[{"count":2,"href":"https:\/\/www.legistdf.gob.ar\/index.php\/wp-json\/wp\/v2\/posts\/12402\/revisions"}],"predecessor-version":[{"id":12414,"href":"https:\/\/www.legistdf.gob.ar\/index.php\/wp-json\/wp\/v2\/posts\/12402\/revisions\/12414"}],"wp:featuredmedia":[{"embeddable":true,"href":"https:\/\/www.legistdf.gob.ar\/index.php\/wp-json\/wp\/v2\/media\/12410"}],"wp:attachment":[{"href":"https:\/\/www.legistdf.gob.ar\/index.php\/wp-json\/wp\/v2\/media?parent=12402"}],"wp:term":[{"taxonomy":"category","embeddable":true,"href":"https:\/\/www.legistdf.gob.ar\/index.php\/wp-json\/wp\/v2\/categories?post=12402"},{"taxonomy":"post_tag","embeddable":true,"href":"https:\/\/www.legistdf.gob.ar\/index.php\/wp-json\/wp\/v2\/tags?post=12402"}],"curies":[{"name":"wp","href":"https:\/\/api.w.org\/{rel}","templated":true}]}}