{"id":12468,"date":"2019-03-21T13:52:07","date_gmt":"2019-03-21T16:52:07","guid":{"rendered":"http:\/\/www.legistdf.gob.ar\/?p=12468"},"modified":"2019-03-21T13:52:08","modified_gmt":"2019-03-21T16:52:08","slug":"salud-proponen-crear-un-sistema-provincial-de-seguro-de-salud-para-personas-extranjeras","status":"publish","type":"post","link":"https:\/\/www.legistdf.gob.ar\/index.php\/2019\/03\/21\/salud-proponen-crear-un-sistema-provincial-de-seguro-de-salud-para-personas-extranjeras\/","title":{"rendered":"SALUD: Proponen crear un \u201cSistema provincial de seguro de salud para personas extranjeras\u201d"},"content":{"rendered":"<p><strong>Ushuaia, jueves 21 de marzo de 2019.- En la Labor Parlamentaria del d\u00eda de hoy, tom\u00f3 estado parlamentario el asunto N\u00b0 016\/19, presentado por el legislador Ricardo Furlan (FPV \u2013 PJ) en la \u00faltima sesi\u00f3n ordinaria. El proyecto propone crear en la Provincia un \u201cSistema provincial de seguro de salud para personas extranjeras\u201d. Fue girado para su an\u00e1lisis a las comisiones de Salud P\u00fablica (5) y Legislaci\u00f3n General (1).<\/strong><\/p>\n<p>&nbsp;<\/p>\n<p>En su articulado, se establece que \u201cel\u00a0Poder Ejecutivo\u00a0ser\u00e1 el encargado de designar a la autoridad de aplicaci\u00f3n\u201d, la que \u201cpromover\u00e1\u00a0canales de cooperaci\u00f3n\u00a0con las autoridades competentes de\u00a0pa\u00edses extranjeros\u00a0a trav\u00e9s de los canales correspondientes con el fin de promover la celebraci\u00f3n de convenios\u00a0de reciprocidad y otros acuerdos en materia de salud\u201d<\/p>\n<p>&nbsp;<\/p>\n<p>&nbsp;<\/p>\n<p>El texto del proyecto indica que con la sanci\u00f3n de la nueva\u00a0ley\u00a0se busca generar \u201cel\u00a0r\u00e9gimen jur\u00eddico aplicable, para garantizar la prestaci\u00f3n del\u00a0servicio p\u00fablico provincial de salud\u00a0a las personas extranjeras\u00a0que permanezcan en forma\u00a0transitoria\u00a0en Tierra del Fuego, con el fin de fortalecer el acceso y pleno goce de derecho a la salud en\u00a0condiciones igualitarias\u00a0e\u00a0integrales, eliminando toda forma de discriminaci\u00f3n y esforzando los lazos de hermandad con todos los pa\u00edses del mundo, en base a criterios de justicia distributiva\u201d.<\/p>\n<p>&nbsp;<\/p>\n<p>&nbsp;<\/p>\n<p><a href=\"http:\/\/www.legistdf.gob.ar\/lp\/novedadesip\/Asuntos%20Entrados%202019\/As.%20N%BA%20016-19.pdf\">http:\/\/www.legistdf.gob.ar\/lp\/novedadesip\/Asuntos%20Entrados%202019\/As.%20N%BA%20016-19.pdf<\/a><\/p>\n<p>&nbsp;<\/p>\n<p style=\"text-align: right\">\u00a0LVV<\/p>\n","protected":false},"excerpt":{"rendered":"<p>Ushuaia, jueves 21 de marzo de 2019.- En la Labor Parlamentaria del d\u00eda de hoy, tom\u00f3 estado parlamentario el asunto N\u00b0 016\/19, presentado por el legislador Ricardo Furlan (FPV \u2013 PJ) en la \u00faltima sesi\u00f3n ordinaria. El proyecto propone crear en la Provincia un \u201cSistema provincial de seguro de salud para personas extranjeras\u201d. Fue girado [&hellip;]<\/p>\n","protected":false},"author":352,"featured_media":0,"comment_status":"closed","ping_status":"open","sticky":false,"template":"","format":"standard","meta":{"jetpack_post_was_ever_published":false,"_jetpack_newsletter_access":"","_jetpack_dont_email_post_to_subs":false,"_jetpack_newsletter_tier_id":0,"footnotes":"","jetpack_publicize_message":"","jetpack_publicize_feature_enabled":true,"jetpack_social_post_already_shared":true,"jetpack_social_options":{"image_generator_settings":{"template":"highway","enabled":false}}},"categories":[1],"tags":[],"jetpack_publicize_connections":[],"jetpack_sharing_enabled":true,"jetpack_featured_media_url":"","jetpack-related-posts":[],"_links":{"self":[{"href":"https:\/\/www.legistdf.gob.ar\/index.php\/wp-json\/wp\/v2\/posts\/12468"}],"collection":[{"href":"https:\/\/www.legistdf.gob.ar\/index.php\/wp-json\/wp\/v2\/posts"}],"about":[{"href":"https:\/\/www.legistdf.gob.ar\/index.php\/wp-json\/wp\/v2\/types\/post"}],"author":[{"embeddable":true,"href":"https:\/\/www.legistdf.gob.ar\/index.php\/wp-json\/wp\/v2\/users\/352"}],"replies":[{"embeddable":true,"href":"https:\/\/www.legistdf.gob.ar\/index.php\/wp-json\/wp\/v2\/comments?post=12468"}],"version-history":[{"count":1,"href":"https:\/\/www.legistdf.gob.ar\/index.php\/wp-json\/wp\/v2\/posts\/12468\/revisions"}],"predecessor-version":[{"id":12469,"href":"https:\/\/www.legistdf.gob.ar\/index.php\/wp-json\/wp\/v2\/posts\/12468\/revisions\/12469"}],"wp:attachment":[{"href":"https:\/\/www.legistdf.gob.ar\/index.php\/wp-json\/wp\/v2\/media?parent=12468"}],"wp:term":[{"taxonomy":"category","embeddable":true,"href":"https:\/\/www.legistdf.gob.ar\/index.php\/wp-json\/wp\/v2\/categories?post=12468"},{"taxonomy":"post_tag","embeddable":true,"href":"https:\/\/www.legistdf.gob.ar\/index.php\/wp-json\/wp\/v2\/tags?post=12468"}],"curies":[{"name":"wp","href":"https:\/\/api.w.org\/{rel}","templated":true}]}}