{"id":12470,"date":"2019-03-21T13:53:44","date_gmt":"2019-03-21T16:53:44","guid":{"rendered":"http:\/\/www.legistdf.gob.ar\/?p=12470"},"modified":"2019-03-21T13:53:44","modified_gmt":"2019-03-21T16:53:44","slug":"economia-el-ejecutivo-provincial-busca-fomentar-las-industrias-creativas","status":"publish","type":"post","link":"https:\/\/www.legistdf.gob.ar\/index.php\/2019\/03\/21\/economia-el-ejecutivo-provincial-busca-fomentar-las-industrias-creativas\/","title":{"rendered":"ECONOM\u00cdA: El Ejecutivo provincial busca fomentar las Industrias Creativas"},"content":{"rendered":"<p><strong>Ushuaia, jueves 21 de marzo de 2019.- La gobernadora Dra. Rosana Bertone anunci\u00f3 en la apertura de sesiones del 1\u00b0 de marzo, la presentaci\u00f3n de un proyecto de Ley mediante el cual se propone desarrollar, fomentar, incentivar y proteger las Industrias Creativas (IC).<\/strong><\/p>\n<p><strong>\u00a0<\/strong><\/p>\n<p>Seg\u00fan el articulado de la propuesta, \u201clas industrias creativas ser\u00e1n entendidas como aquellos sectores de actividad organizada que tienen como objeto principal la producci\u00f3n o la reproducci\u00f3n, la promoci\u00f3n, la difusi\u00f3n o la comercializaci\u00f3n de bienes, servicios y actividades de contenido cultural, art\u00edstico o patrimonial\u201d.<\/p>\n<p>&nbsp;<\/p>\n<p>Tambi\u00e9n, el proyecto propone crear el Fondo de Producci\u00f3n para las Industrias Creativas, el que tendr\u00e1 car\u00e1cter de permanente y cuya administraci\u00f3n y control estar\u00e1 a cargo de la autoridad de aplicaci\u00f3n o en quien \u00e9sta lo delegue. La autoridad de aplicaci\u00f3n ser\u00e1 el Ministerio de Industria de la Provincia.<\/p>\n<p>&nbsp;<\/p>\n<p>La norma presentada establece que \u201cser\u00e1n beneficiarios de los instrumentos promocionales establecidos en la presente Ley, las personas humanas o jur\u00eddicas cuyos proyectos justifiquen efectivas inversiones, generaci\u00f3n de empleo y desarrollo en la Provincia de Tierra del Fuego, Ant\u00e1rtida e Islas del Atl\u00e1ntico Sur, en el marco de las especificaciones que para cada categor\u00eda determine y apruebe la autoridad de aplicaci\u00f3n\u201d.<\/p>\n<p>&nbsp;<\/p>\n<p>El asunto, registrado bajo el N\u00b0 026\/19, tom\u00f3 estado parlamentario hoy, y fue girado a las comisiones de Legislaci\u00f3n General (1) y Presupuesto (2).<\/p>\n<p>&nbsp;<\/p>\n<p>&nbsp;<\/p>\n<p><a href=\"http:\/\/www.legistdf.gob.ar\/lp\/novedadesip\/Asuntos%20Entrados%202019\/As.%20N%BA%20026-19.pdf\">http:\/\/www.legistdf.gob.ar\/lp\/novedadesip\/Asuntos%20Entrados%202019\/As.%20N%BA%20026-19.pdf<\/a><\/p>\n<p>&nbsp;<\/p>\n<p style=\"text-align: right\">\u00a0LVV<\/p>\n","protected":false},"excerpt":{"rendered":"<p>Ushuaia, jueves 21 de marzo de 2019.- La gobernadora Dra. Rosana Bertone anunci\u00f3 en la apertura de sesiones del 1\u00b0 de marzo, la presentaci\u00f3n de un proyecto de Ley mediante el cual se propone desarrollar, fomentar, incentivar y proteger las Industrias Creativas (IC). \u00a0 Seg\u00fan el articulado de la propuesta, \u201clas industrias creativas ser\u00e1n entendidas [&hellip;]<\/p>\n","protected":false},"author":352,"featured_media":0,"comment_status":"closed","ping_status":"open","sticky":false,"template":"","format":"standard","meta":{"jetpack_post_was_ever_published":false,"_jetpack_newsletter_access":"","_jetpack_dont_email_post_to_subs":false,"_jetpack_newsletter_tier_id":0,"footnotes":"","jetpack_publicize_message":"","jetpack_publicize_feature_enabled":true,"jetpack_social_post_already_shared":true,"jetpack_social_options":{"image_generator_settings":{"template":"highway","enabled":false}}},"categories":[1],"tags":[],"jetpack_publicize_connections":[],"jetpack_sharing_enabled":true,"jetpack_featured_media_url":"","jetpack-related-posts":[],"_links":{"self":[{"href":"https:\/\/www.legistdf.gob.ar\/index.php\/wp-json\/wp\/v2\/posts\/12470"}],"collection":[{"href":"https:\/\/www.legistdf.gob.ar\/index.php\/wp-json\/wp\/v2\/posts"}],"about":[{"href":"https:\/\/www.legistdf.gob.ar\/index.php\/wp-json\/wp\/v2\/types\/post"}],"author":[{"embeddable":true,"href":"https:\/\/www.legistdf.gob.ar\/index.php\/wp-json\/wp\/v2\/users\/352"}],"replies":[{"embeddable":true,"href":"https:\/\/www.legistdf.gob.ar\/index.php\/wp-json\/wp\/v2\/comments?post=12470"}],"version-history":[{"count":1,"href":"https:\/\/www.legistdf.gob.ar\/index.php\/wp-json\/wp\/v2\/posts\/12470\/revisions"}],"predecessor-version":[{"id":12471,"href":"https:\/\/www.legistdf.gob.ar\/index.php\/wp-json\/wp\/v2\/posts\/12470\/revisions\/12471"}],"wp:attachment":[{"href":"https:\/\/www.legistdf.gob.ar\/index.php\/wp-json\/wp\/v2\/media?parent=12470"}],"wp:term":[{"taxonomy":"category","embeddable":true,"href":"https:\/\/www.legistdf.gob.ar\/index.php\/wp-json\/wp\/v2\/categories?post=12470"},{"taxonomy":"post_tag","embeddable":true,"href":"https:\/\/www.legistdf.gob.ar\/index.php\/wp-json\/wp\/v2\/tags?post=12470"}],"curies":[{"name":"wp","href":"https:\/\/api.w.org\/{rel}","templated":true}]}}