{"id":12472,"date":"2019-03-21T13:56:53","date_gmt":"2019-03-21T16:56:53","guid":{"rendered":"http:\/\/www.legistdf.gob.ar\/?p=12472"},"modified":"2019-03-21T13:56:53","modified_gmt":"2019-03-21T16:56:53","slug":"economia-los-parlamentarios-analizaran-el-regimen-de-promocion-de-la-industria-del-software","status":"publish","type":"post","link":"https:\/\/www.legistdf.gob.ar\/index.php\/2019\/03\/21\/economia-los-parlamentarios-analizaran-el-regimen-de-promocion-de-la-industria-del-software\/","title":{"rendered":"ECONOM\u00cdA: Los Parlamentarios analizar\u00e1n el r\u00e9gimen de promoci\u00f3n de la Industria del Software"},"content":{"rendered":"<p><strong>Ushuaia, jueves 21 de marzo de 2019.- En Labor Parlamentaria, los Legisladores giraron a las comisiones de Legislaci\u00f3n General (1) y Presupuesto (2), el asunto N\u00b0 027\/19 de<\/strong>\u00a0<strong>Promoci\u00f3n de la Industria del Software. La propuesta fue anunciada por la gobernadora Dra. Rosana Bertone en su discurso, durante la apertura de sesiones ordinarias el pasado 1\u00b0 de marzo.<\/strong><\/p>\n<p><strong>\u00a0<\/strong><\/p>\n<p>La norma propone \u201cadherir a las Leyes nacionales N\u00b0 25.856 y N\u00b0 25.922 y su modificatoria N\u00b0 26.692, y crear un R\u00e9gimen Provincial de Promoci\u00f3n de la Industria del Software. Ello, debido a la necesidad de contar con un r\u00e9gimen integral que contemple la incubaci\u00f3n, el desarrollo y la comercializaci\u00f3n de software desde el territorio fueguino, con vistas a exportar dichos servicios y productos, formando recursos humanos y m\u00e1s y mayores puestos de trabajo\u201d.<\/p>\n<p>&nbsp;<\/p>\n<p>En su articulado, la propuesta crea, \u201cen el \u00e1mbito del Ministerio de Industria de la Provincia, el R\u00e9gimen Provincial de Promoci\u00f3n de las Empresas de Software, al que podr\u00e1n acogerse las personas humanas o jur\u00eddicas con inscripci\u00f3n vigente en el Registro Provincial de Empresas de Software, que ser\u00e1 habilitado oportunamente por la autoridad de aplicaci\u00f3n\u201d.<\/p>\n<p>&nbsp;<\/p>\n<p>Tambi\u00e9n propone crear \u201cla Mesa Provincial de la Industria del Software, la cual ser\u00e1 convocada y coordinada por el Poder Ejecutivo, a trav\u00e9s de la autoridad de aplicaci\u00f3n, y a la cual podr\u00e1n ser invitadas instituciones p\u00fablicas, privadas o mixtas de la Provincia, con el objetivo de generar instancias peri\u00f3dicas y frecuentes de di\u00e1logo y desarrollo conjunto armonizado y de impulsar el desarrollo e implementaci\u00f3n de la agenda digital de la Provincia\u201d.<\/p>\n<p>&nbsp;<\/p>\n<p>El proyecto de Ley establece que \u201cel Banco de Tierra del Fuego (BTF) y el Fondo de Garant\u00edas para el Desarrollo Fueguino (FOGADEF) dise\u00f1ar\u00e1n e instrumentar\u00e1n l\u00edneas de cr\u00e9dito adaptadas a las necesidades de los actores p\u00fablicos y privados alcanzados por la presente ley\u201d. El Ministerio de Industria de la Provincia ser\u00e1 la autoridad de aplicaci\u00f3n.<\/p>\n<p>&nbsp;<\/p>\n<p><a href=\"http:\/\/www.legistdf.gob.ar\/lp\/novedadesip\/Asuntos%20Entrados%202019\/As.%20N%BA%20027-19.pdf\">http:\/\/www.legistdf.gob.ar\/lp\/novedadesip\/Asuntos%20Entrados%202019\/As.%20N%BA%20027-19.pdf<\/a><\/p>\n<p>&nbsp;<\/p>\n<p><strong>\u00a0<\/strong><\/p>\n<p style=\"text-align: right\"><strong>LVV\u00a0<\/strong><\/p>\n\n\t\t<style type=\"text\/css\">\n\t\t\t#gallery-1 {\n\t\t\t\tmargin: auto;\n\t\t\t}\n\t\t\t#gallery-1 .gallery-item {\n\t\t\t\tfloat: left;\n\t\t\t\tmargin-top: 10px;\n\t\t\t\ttext-align: center;\n\t\t\t\twidth: 100%;\n\t\t\t}\n\t\t\t#gallery-1 img {\n\t\t\t\tborder: 2px solid #cfcfcf;\n\t\t\t}\n\t\t\t#gallery-1 .gallery-caption {\n\t\t\t\tmargin-left: 0;\n\t\t\t}\n\t\t\t\/* see gallery_shortcode() in wp-includes\/media.php *\/\n\t\t<\/style>\n\t\t<div data-carousel-extra='{\"blog_id\":1,\"permalink\":\"https:\\\/\\\/www.legistdf.gob.ar\\\/index.php\\\/2019\\\/03\\\/21\\\/economia-los-parlamentarios-analizaran-el-regimen-de-promocion-de-la-industria-del-software\\\/\"}' id='gallery-1' class='gallery galleryid-12472 gallery-columns-1 gallery-size-thumbnail'><dl class='gallery-item'>\n\t\t\t<dt class='gallery-icon landscape'>\n\t\t\t\t<a href='https:\/\/www.legistdf.gob.ar\/index.php\/2019\/03\/21\/fotos-1a-sesion-ordinaria\/img_4275\/'><img loading=\"lazy\" decoding=\"async\" width=\"150\" height=\"150\" src=\"https:\/\/www.legistdf.gob.ar\/wp-content\/uploads\/2019\/03\/IMG_4275-150x150.jpg\" class=\"attachment-thumbnail size-thumbnail\" alt=\"\" srcset=\"https:\/\/www.legistdf.gob.ar\/wp-content\/uploads\/2019\/03\/IMG_4275-150x150.jpg 150w, https:\/\/www.legistdf.gob.ar\/wp-content\/uploads\/2019\/03\/IMG_4275-64x64.jpg 64w\" sizes=\"(max-width: 150px) 100vw, 150px\" data-attachment-id=\"12460\" data-permalink=\"https:\/\/www.legistdf.gob.ar\/index.php\/2019\/03\/21\/fotos-1a-sesion-ordinaria\/img_4275\/\" data-orig-file=\"https:\/\/www.legistdf.gob.ar\/wp-content\/uploads\/2019\/03\/IMG_4275.jpg\" data-orig-size=\"1000,667\" data-comments-opened=\"0\" data-image-meta=\"{&quot;aperture&quot;:&quot;2.8&quot;,&quot;credit&quot;:&quot;&quot;,&quot;camera&quot;:&quot;Canon EOS 6D&quot;,&quot;caption&quot;:&quot;&quot;,&quot;created_timestamp&quot;:&quot;1553143122&quot;,&quot;copyright&quot;:&quot;&quot;,&quot;focal_length&quot;:&quot;24&quot;,&quot;iso&quot;:&quot;400&quot;,&quot;shutter_speed&quot;:&quot;0.0055555555555556&quot;,&quot;title&quot;:&quot;&quot;,&quot;orientation&quot;:&quot;1&quot;}\" data-image-title=\"IMG_4275\" data-image-description=\"\" data-image-caption=\"\" data-medium-file=\"https:\/\/www.legistdf.gob.ar\/wp-content\/uploads\/2019\/03\/IMG_4275-300x200.jpg\" data-large-file=\"https:\/\/www.legistdf.gob.ar\/wp-content\/uploads\/2019\/03\/IMG_4275.jpg\" \/><\/a>\n\t\t\t<\/dt><\/dl><br style=\"clear: both\" \/>\n\t\t<\/div>\n\n","protected":false},"excerpt":{"rendered":"<p>Ushuaia, jueves 21 de marzo de 2019.- En Labor Parlamentaria, los Legisladores giraron a las comisiones de Legislaci\u00f3n General (1) y Presupuesto (2), el asunto N\u00b0 027\/19 de\u00a0Promoci\u00f3n de la Industria del Software. La propuesta fue anunciada por la gobernadora Dra. Rosana Bertone en su discurso, durante la apertura de sesiones ordinarias el pasado 1\u00b0 [&hellip;]<\/p>\n","protected":false},"author":352,"featured_media":12460,"comment_status":"closed","ping_status":"open","sticky":false,"template":"","format":"standard","meta":{"jetpack_post_was_ever_published":false,"_jetpack_newsletter_access":"","_jetpack_dont_email_post_to_subs":false,"_jetpack_newsletter_tier_id":0,"footnotes":"","jetpack_publicize_message":"","jetpack_publicize_feature_enabled":true,"jetpack_social_post_already_shared":true,"jetpack_social_options":{"image_generator_settings":{"template":"highway","enabled":false}}},"categories":[1],"tags":[],"jetpack_publicize_connections":[],"jetpack_sharing_enabled":true,"jetpack_featured_media_url":"https:\/\/www.legistdf.gob.ar\/wp-content\/uploads\/2019\/03\/IMG_4275.jpg","jetpack-related-posts":[],"_links":{"self":[{"href":"https:\/\/www.legistdf.gob.ar\/index.php\/wp-json\/wp\/v2\/posts\/12472"}],"collection":[{"href":"https:\/\/www.legistdf.gob.ar\/index.php\/wp-json\/wp\/v2\/posts"}],"about":[{"href":"https:\/\/www.legistdf.gob.ar\/index.php\/wp-json\/wp\/v2\/types\/post"}],"author":[{"embeddable":true,"href":"https:\/\/www.legistdf.gob.ar\/index.php\/wp-json\/wp\/v2\/users\/352"}],"replies":[{"embeddable":true,"href":"https:\/\/www.legistdf.gob.ar\/index.php\/wp-json\/wp\/v2\/comments?post=12472"}],"version-history":[{"count":1,"href":"https:\/\/www.legistdf.gob.ar\/index.php\/wp-json\/wp\/v2\/posts\/12472\/revisions"}],"predecessor-version":[{"id":12473,"href":"https:\/\/www.legistdf.gob.ar\/index.php\/wp-json\/wp\/v2\/posts\/12472\/revisions\/12473"}],"wp:featuredmedia":[{"embeddable":true,"href":"https:\/\/www.legistdf.gob.ar\/index.php\/wp-json\/wp\/v2\/media\/12460"}],"wp:attachment":[{"href":"https:\/\/www.legistdf.gob.ar\/index.php\/wp-json\/wp\/v2\/media?parent=12472"}],"wp:term":[{"taxonomy":"category","embeddable":true,"href":"https:\/\/www.legistdf.gob.ar\/index.php\/wp-json\/wp\/v2\/categories?post=12472"},{"taxonomy":"post_tag","embeddable":true,"href":"https:\/\/www.legistdf.gob.ar\/index.php\/wp-json\/wp\/v2\/tags?post=12472"}],"curies":[{"name":"wp","href":"https:\/\/api.w.org\/{rel}","templated":true}]}}