{"id":12487,"date":"2019-03-22T10:09:13","date_gmt":"2019-03-22T13:09:13","guid":{"rendered":"http:\/\/www.legistdf.gob.ar\/?p=12487"},"modified":"2019-03-21T15:13:24","modified_gmt":"2019-03-21T18:13:24","slug":"malvinas-el-parlamento-destaco-la-declaracion-sobre-chagos-y-el-reino-unido-de-gran-bretana-e-irlanda-del-norte","status":"publish","type":"post","link":"https:\/\/www.legistdf.gob.ar\/index.php\/2019\/03\/22\/malvinas-el-parlamento-destaco-la-declaracion-sobre-chagos-y-el-reino-unido-de-gran-bretana-e-irlanda-del-norte\/","title":{"rendered":"MALVINAS. El Parlamento destac\u00f3 la declaraci\u00f3n sobre Chagos y el Reino Unido de Gran Breta\u00f1a e Irlanda del Norte"},"content":{"rendered":"<p><strong>El bloque de legisladores del MPF, propuso al Parlamento una declaratoria donde se destaca la opini\u00f3n consultiva emitida por la Corte Internacional de Justicia (CU) de La Haya sobre la separaci\u00f3n del archipi\u00e9lago de Chagos de las Islas Mauricio en 1965. En este sentido, la legisladora Cristina Boyadjian sostuvo, en los fundamentos que, \u201cimporta un gran avance en el proceso de descolonizaci\u00f3n que se encuentra sobrellevando la Organizaci\u00f3n de Naciones Unidas (ONU), en el mundo\u201d.<\/strong><\/p>\n<p><strong>\u00a0<\/strong><\/p>\n<p>\u201cLa opini\u00f3n consultiva de Chagos toma particular importancia, para la Cuesti\u00f3n de las Islas Malvinas por tratarse de una situaci\u00f3n de desmembramiento territorial, an\u00e1loga a ella y por referirse a principios que son fundamentales en el reclamo sobre nuestras Islas Malvinas, que forman parte indivisible del territorio de nuestra provincia y se encuentran ilegalmente ocupadas por el Reino Unido desde 1833.\u201d<\/p>\n<p>&nbsp;<\/p>\n<p>Adem\u00e1s en el escrito que fue aprobado hoy en sesi\u00f3n, en conjunto con el asunto N\u00ba 050\/19 de la UCR \u2013Cambiemos, solicita que se d\u00e9 curso de la resoluci\u00f3n del Parlamento fueguino a \u201cla Secretar\u00eda de Representaci\u00f3n Oficial para la Cuesti\u00f3n Malvinas, a fin de que evalu\u00e9 las acciones a adoptar, ante la opini\u00f3n consultiva de la Corte Internacional de Justicia de la Haya sobre ei archipi\u00e9lago de Chagos\u201d<\/p>\n<p>&nbsp;<\/p>\n<p><strong><a href=\"http:\/\/www.legistdf.gob.ar\/lp\/novedadesip\/Asuntos%20Entrados%202019\/As.%20N%BA%20044-19.pdf\" data-saferedirecturl=\"https:\/\/www.google.com\/url?q=http:\/\/www.legistdf.gob.ar\/lp\/novedadesip\/Asuntos%2520Entrados%25202019\/As.%2520N%25BA%2520044-19.pdf&amp;source=gmail&amp;ust=1553275874107000&amp;usg=AFQjCNH5PZtTtOsc2ioIlv26fzI68juzyA\">http:\/\/www.legistdf.gob.ar\/lp\/novedadesip\/Asuntos%20Entrados%202019\/As.%20N%BA%20044-19.pdf<\/a><\/strong><\/p>\n<p style=\"text-align: right\"><em>AT<\/em><\/p>\n\n\t\t<style type=\"text\/css\">\n\t\t\t#gallery-1 {\n\t\t\t\tmargin: auto;\n\t\t\t}\n\t\t\t#gallery-1 .gallery-item {\n\t\t\t\tfloat: left;\n\t\t\t\tmargin-top: 10px;\n\t\t\t\ttext-align: center;\n\t\t\t\twidth: 100%;\n\t\t\t}\n\t\t\t#gallery-1 img {\n\t\t\t\tborder: 2px solid #cfcfcf;\n\t\t\t}\n\t\t\t#gallery-1 .gallery-caption {\n\t\t\t\tmargin-left: 0;\n\t\t\t}\n\t\t\t\/* see gallery_shortcode() in wp-includes\/media.php *\/\n\t\t<\/style>\n\t\t<div data-carousel-extra='{\"blog_id\":1,\"permalink\":\"https:\\\/\\\/www.legistdf.gob.ar\\\/index.php\\\/2019\\\/03\\\/22\\\/malvinas-el-parlamento-destaco-la-declaracion-sobre-chagos-y-el-reino-unido-de-gran-bretana-e-irlanda-del-norte\\\/\"}' id='gallery-1' class='gallery galleryid-12487 gallery-columns-1 gallery-size-thumbnail'><dl class='gallery-item'>\n\t\t\t<dt class='gallery-icon landscape'>\n\t\t\t\t<a href='https:\/\/www.legistdf.gob.ar\/index.php\/2019\/03\/21\/fotos-1a-sesion-ordinaria\/img_4262-2\/'><img loading=\"lazy\" decoding=\"async\" width=\"150\" height=\"150\" src=\"https:\/\/www.legistdf.gob.ar\/wp-content\/uploads\/2019\/03\/IMG_4262-150x150.jpg\" class=\"attachment-thumbnail size-thumbnail\" alt=\"\" srcset=\"https:\/\/www.legistdf.gob.ar\/wp-content\/uploads\/2019\/03\/IMG_4262-150x150.jpg 150w, https:\/\/www.legistdf.gob.ar\/wp-content\/uploads\/2019\/03\/IMG_4262-64x64.jpg 64w\" sizes=\"(max-width: 150px) 100vw, 150px\" data-attachment-id=\"12457\" data-permalink=\"https:\/\/www.legistdf.gob.ar\/index.php\/2019\/03\/21\/fotos-1a-sesion-ordinaria\/img_4262-2\/\" data-orig-file=\"https:\/\/www.legistdf.gob.ar\/wp-content\/uploads\/2019\/03\/IMG_4262.jpg\" data-orig-size=\"1000,667\" data-comments-opened=\"0\" data-image-meta=\"{&quot;aperture&quot;:&quot;2.8&quot;,&quot;credit&quot;:&quot;&quot;,&quot;camera&quot;:&quot;Canon EOS 6D&quot;,&quot;caption&quot;:&quot;&quot;,&quot;created_timestamp&quot;:&quot;1553142647&quot;,&quot;copyright&quot;:&quot;&quot;,&quot;focal_length&quot;:&quot;30&quot;,&quot;iso&quot;:&quot;400&quot;,&quot;shutter_speed&quot;:&quot;0.0055555555555556&quot;,&quot;title&quot;:&quot;&quot;,&quot;orientation&quot;:&quot;1&quot;}\" data-image-title=\"IMG_4262\" data-image-description=\"\" data-image-caption=\"\" data-medium-file=\"https:\/\/www.legistdf.gob.ar\/wp-content\/uploads\/2019\/03\/IMG_4262-300x200.jpg\" data-large-file=\"https:\/\/www.legistdf.gob.ar\/wp-content\/uploads\/2019\/03\/IMG_4262.jpg\" \/><\/a>\n\t\t\t<\/dt><\/dl><br style=\"clear: both\" \/>\n\t\t<\/div>\n\n","protected":false},"excerpt":{"rendered":"<p>El bloque de legisladores del MPF, propuso al Parlamento una declaratoria donde se destaca la opini\u00f3n consultiva emitida por la Corte Internacional de Justicia (CU) de La Haya sobre la separaci\u00f3n del archipi\u00e9lago de Chagos de las Islas Mauricio en 1965. En este sentido, la legisladora Cristina Boyadjian sostuvo, en los fundamentos que, \u201cimporta un [&hellip;]<\/p>\n","protected":false},"author":352,"featured_media":12457,"comment_status":"closed","ping_status":"open","sticky":false,"template":"","format":"standard","meta":{"jetpack_post_was_ever_published":false,"_jetpack_newsletter_access":"","_jetpack_dont_email_post_to_subs":false,"_jetpack_newsletter_tier_id":0,"footnotes":"","jetpack_publicize_message":"","jetpack_publicize_feature_enabled":true,"jetpack_social_post_already_shared":true,"jetpack_social_options":{"image_generator_settings":{"template":"highway","enabled":false}}},"categories":[1],"tags":[1095,1096,1024,1097,1098,1099],"jetpack_publicize_connections":[],"jetpack_sharing_enabled":true,"jetpack_featured_media_url":"https:\/\/www.legistdf.gob.ar\/wp-content\/uploads\/2019\/03\/IMG_4262.jpg","jetpack-related-posts":[],"_links":{"self":[{"href":"https:\/\/www.legistdf.gob.ar\/index.php\/wp-json\/wp\/v2\/posts\/12487"}],"collection":[{"href":"https:\/\/www.legistdf.gob.ar\/index.php\/wp-json\/wp\/v2\/posts"}],"about":[{"href":"https:\/\/www.legistdf.gob.ar\/index.php\/wp-json\/wp\/v2\/types\/post"}],"author":[{"embeddable":true,"href":"https:\/\/www.legistdf.gob.ar\/index.php\/wp-json\/wp\/v2\/users\/352"}],"replies":[{"embeddable":true,"href":"https:\/\/www.legistdf.gob.ar\/index.php\/wp-json\/wp\/v2\/comments?post=12487"}],"version-history":[{"count":1,"href":"https:\/\/www.legistdf.gob.ar\/index.php\/wp-json\/wp\/v2\/posts\/12487\/revisions"}],"predecessor-version":[{"id":12488,"href":"https:\/\/www.legistdf.gob.ar\/index.php\/wp-json\/wp\/v2\/posts\/12487\/revisions\/12488"}],"wp:featuredmedia":[{"embeddable":true,"href":"https:\/\/www.legistdf.gob.ar\/index.php\/wp-json\/wp\/v2\/media\/12457"}],"wp:attachment":[{"href":"https:\/\/www.legistdf.gob.ar\/index.php\/wp-json\/wp\/v2\/media?parent=12487"}],"wp:term":[{"taxonomy":"category","embeddable":true,"href":"https:\/\/www.legistdf.gob.ar\/index.php\/wp-json\/wp\/v2\/categories?post=12487"},{"taxonomy":"post_tag","embeddable":true,"href":"https:\/\/www.legistdf.gob.ar\/index.php\/wp-json\/wp\/v2\/tags?post=12487"}],"curies":[{"name":"wp","href":"https:\/\/api.w.org\/{rel}","templated":true}]}}