{"id":12505,"date":"2019-03-22T13:42:13","date_gmt":"2019-03-22T16:42:13","guid":{"rendered":"http:\/\/www.legistdf.gob.ar\/?p=12505"},"modified":"2019-03-22T13:42:13","modified_gmt":"2019-03-22T16:42:13","slug":"legislatura-trataremos-de-no-resentir-la-actividad-legislativa-dijo-bilota","status":"publish","type":"post","link":"https:\/\/www.legistdf.gob.ar\/index.php\/2019\/03\/22\/legislatura-trataremos-de-no-resentir-la-actividad-legislativa-dijo-bilota\/","title":{"rendered":"LEGISLATURA: \u201cTrataremos de no resentir la actividad legislativa\u201d, dijo Bilota"},"content":{"rendered":"<p>&nbsp;<\/p>\n<p><strong>Ushuaia, viernes 22 de marzo de 2019.- Una vez terminada la 1\u00aa sesi\u00f3n ordinaria del a\u00f1o, el jefe del bloque del FPV \u2013 PJ, legislador Federico Bilota, resumi\u00f3 el desarrollo del encuentro y adelant\u00f3 el tratamiento de varios proyectos de Ley que se encuentran en discusi\u00f3n en la C\u00e1mara. \u201cTrataremos de no resentir la actividad legislativa\u201d, dijo en relaci\u00f3n al trabajo legislativo en el presente a\u00f1o electoral.<\/strong><\/p>\n<p><strong>\u00a0<\/strong><\/p>\n<p>Luego de la sesi\u00f3n, el legislador Federico Bilota resumi\u00f3 que \u201cse han aprobado una gran cantidad de convenios, firmados por distintas \u00e1reas del Gobierno de la Provincia, como Ciencia y Tecnolog\u00eda y Medio Ambiente\u201d. Confirm\u00f3 que tambi\u00e9n se dieron curso a varias declaraciones de inter\u00e9s.<\/p>\n<p>&nbsp;<\/p>\n<p>\u201cHay una gran cantidad de proyectos de Ley que est\u00e1n tramit\u00e1ndose en las distintas comisiones; seguramente con el trabajo que all\u00ed se haga, con los dict\u00e1menes correspondientes si son favorables, se ir\u00e1n tratando en las futuras sesiones, la pr\u00f3xima ser\u00e1 el 25 de abril\u201d, adelant\u00f3 el Jefe del bloque del FPV \u2013 PJ.<\/p>\n<p>&nbsp;<\/p>\n<p>Respecto de la declaraci\u00f3n de inter\u00e9s del proyecto de Ley nacional conocida como Ley Malvinas, que fue presentado oportunamente por la gobernadora Dra. Rosana Bertone, el vicegobernador Juan Carlos Arcando, representantes pol\u00edticos y distintos actores de la sociedad fueguina, \u201centendemos que es un proyecto muy importante, esta declaraci\u00f3n fue una iniciativa del Vicegobernador y Presidente de la C\u00e1mara\u201d.<\/p>\n<p>&nbsp;<\/p>\n<p>\u201cCreemos que, m\u00e1s all\u00e1 de que esto se debatir\u00e1 en el Congreso de la Naci\u00f3n, podemos hacer fuerza desde la Legislatura provincial, instando al resto de las legislaturas provinciales para que, a trav\u00e9s de sus representantes, promuevan el debate de este proyecto\u201d, asegur\u00f3 Bilota. \u201cEs un proyecto de Ley con un sentido muy federalista, que todas las provincias, a trav\u00e9s de sus parlamentarios nacionales, tengan participaci\u00f3n en todos los instrumentos jur\u00eddicos de pol\u00edtica exterior vinculados a Malvinas\u201d, coment\u00f3 el legislador Federico Bilota.<\/p>\n<p>&nbsp;<\/p>\n<p>\u201cEs obvio que este a\u00f1o tenemos un proceso electoral, todos los que estamos en esta casa pol\u00edtica hacemos pol\u00edtica, algunos ser\u00e1n candidatos y otros no, pero trataremos de no resentir la actividad legislativa\u201d, dijo en referencia al a\u00f1o electoral. Resalt\u00f3 \u201cel trabajo en comisiones como el m\u00e1s importante en la actividad legislativa, donde se analizan los proyectos\u201d.<\/p>\n<p>&nbsp;<\/p>\n<p>Por \u00faltimo, Federico Bilota record\u00f3 que las autoridades de las comisiones \u201cno fueron decididas. Yo he propuesto que se designen las autoridades en la sesi\u00f3n Preparatoria, pero a propuesta de un Legislador de la bancada de Cambiemos de la negativa, o sea de que no se designen, hoy estamos sin autoridades en las comisiones\u201d, concluy\u00f3 el referente del FPV \u2013 PJ.<\/p>\n<p>&nbsp;<\/p>\n<p style=\"text-align: right\">LVV<\/p>\n<p>[youtube https:\/\/www.youtube.com\/watch?v=yyUWY1R2Zlc?rel=0&#038;w=853&#038;h=480]<\/p>\n<p>&nbsp;<\/p>\n\n\t\t<style type=\"text\/css\">\n\t\t\t#gallery-1 {\n\t\t\t\tmargin: auto;\n\t\t\t}\n\t\t\t#gallery-1 .gallery-item {\n\t\t\t\tfloat: left;\n\t\t\t\tmargin-top: 10px;\n\t\t\t\ttext-align: center;\n\t\t\t\twidth: 100%;\n\t\t\t}\n\t\t\t#gallery-1 img {\n\t\t\t\tborder: 2px solid #cfcfcf;\n\t\t\t}\n\t\t\t#gallery-1 .gallery-caption {\n\t\t\t\tmargin-left: 0;\n\t\t\t}\n\t\t\t\/* see gallery_shortcode() in wp-includes\/media.php *\/\n\t\t<\/style>\n\t\t<div data-carousel-extra='{\"blog_id\":1,\"permalink\":\"https:\\\/\\\/www.legistdf.gob.ar\\\/index.php\\\/2019\\\/03\\\/22\\\/legislatura-trataremos-de-no-resentir-la-actividad-legislativa-dijo-bilota\\\/\"}' id='gallery-1' class='gallery galleryid-12505 gallery-columns-1 gallery-size-thumbnail'><dl class='gallery-item'>\n\t\t\t<dt class='gallery-icon landscape'>\n\t\t\t\t<a href='https:\/\/www.legistdf.gob.ar\/index.php\/2019\/03\/22\/legislatura-trataremos-de-no-resentir-la-actividad-legislativa-dijo-bilota\/img_4232-2\/'><img loading=\"lazy\" decoding=\"async\" width=\"150\" height=\"150\" src=\"https:\/\/www.legistdf.gob.ar\/wp-content\/uploads\/2019\/03\/IMG_4232-1-150x150.jpg\" class=\"attachment-thumbnail size-thumbnail\" alt=\"\" srcset=\"https:\/\/www.legistdf.gob.ar\/wp-content\/uploads\/2019\/03\/IMG_4232-1-150x150.jpg 150w, https:\/\/www.legistdf.gob.ar\/wp-content\/uploads\/2019\/03\/IMG_4232-1-64x64.jpg 64w\" sizes=\"(max-width: 150px) 100vw, 150px\" data-attachment-id=\"12506\" data-permalink=\"https:\/\/www.legistdf.gob.ar\/index.php\/2019\/03\/22\/legislatura-trataremos-de-no-resentir-la-actividad-legislativa-dijo-bilota\/img_4232-2\/\" data-orig-file=\"https:\/\/www.legistdf.gob.ar\/wp-content\/uploads\/2019\/03\/IMG_4232-1.jpg\" data-orig-size=\"1000,667\" data-comments-opened=\"0\" data-image-meta=\"{&quot;aperture&quot;:&quot;2.8&quot;,&quot;credit&quot;:&quot;&quot;,&quot;camera&quot;:&quot;Canon EOS 6D&quot;,&quot;caption&quot;:&quot;&quot;,&quot;created_timestamp&quot;:&quot;1553142235&quot;,&quot;copyright&quot;:&quot;&quot;,&quot;focal_length&quot;:&quot;42&quot;,&quot;iso&quot;:&quot;400&quot;,&quot;shutter_speed&quot;:&quot;0.0055555555555556&quot;,&quot;title&quot;:&quot;&quot;,&quot;orientation&quot;:&quot;1&quot;}\" data-image-title=\"IMG_4232\" data-image-description=\"\" data-image-caption=\"\" data-medium-file=\"https:\/\/www.legistdf.gob.ar\/wp-content\/uploads\/2019\/03\/IMG_4232-1-300x200.jpg\" data-large-file=\"https:\/\/www.legistdf.gob.ar\/wp-content\/uploads\/2019\/03\/IMG_4232-1.jpg\" \/><\/a>\n\t\t\t<\/dt><\/dl><br style=\"clear: both\" \/>\n\t\t<\/div>\n\n<p>&nbsp;<\/p>\n","protected":false},"excerpt":{"rendered":"<p>&nbsp; Ushuaia, viernes 22 de marzo de 2019.- Una vez terminada la 1\u00aa sesi\u00f3n ordinaria del a\u00f1o, el jefe del bloque del FPV \u2013 PJ, legislador Federico Bilota, resumi\u00f3 el desarrollo del encuentro y adelant\u00f3 el tratamiento de varios proyectos de Ley que se encuentran en discusi\u00f3n en la C\u00e1mara. \u201cTrataremos de no resentir la [&hellip;]<\/p>\n","protected":false},"author":352,"featured_media":12506,"comment_status":"closed","ping_status":"open","sticky":false,"template":"","format":"standard","meta":{"jetpack_post_was_ever_published":false,"_jetpack_newsletter_access":"","_jetpack_dont_email_post_to_subs":false,"_jetpack_newsletter_tier_id":0,"footnotes":"","jetpack_publicize_message":"","jetpack_publicize_feature_enabled":true,"jetpack_social_post_already_shared":true,"jetpack_social_options":{"image_generator_settings":{"template":"highway","enabled":false}}},"categories":[1],"tags":[1103,1102,122,1101,97,1031,1100],"jetpack_publicize_connections":[],"jetpack_sharing_enabled":true,"jetpack_featured_media_url":"https:\/\/www.legistdf.gob.ar\/wp-content\/uploads\/2019\/03\/IMG_4232-1.jpg","jetpack-related-posts":[],"_links":{"self":[{"href":"https:\/\/www.legistdf.gob.ar\/index.php\/wp-json\/wp\/v2\/posts\/12505"}],"collection":[{"href":"https:\/\/www.legistdf.gob.ar\/index.php\/wp-json\/wp\/v2\/posts"}],"about":[{"href":"https:\/\/www.legistdf.gob.ar\/index.php\/wp-json\/wp\/v2\/types\/post"}],"author":[{"embeddable":true,"href":"https:\/\/www.legistdf.gob.ar\/index.php\/wp-json\/wp\/v2\/users\/352"}],"replies":[{"embeddable":true,"href":"https:\/\/www.legistdf.gob.ar\/index.php\/wp-json\/wp\/v2\/comments?post=12505"}],"version-history":[{"count":2,"href":"https:\/\/www.legistdf.gob.ar\/index.php\/wp-json\/wp\/v2\/posts\/12505\/revisions"}],"predecessor-version":[{"id":12508,"href":"https:\/\/www.legistdf.gob.ar\/index.php\/wp-json\/wp\/v2\/posts\/12505\/revisions\/12508"}],"wp:featuredmedia":[{"embeddable":true,"href":"https:\/\/www.legistdf.gob.ar\/index.php\/wp-json\/wp\/v2\/media\/12506"}],"wp:attachment":[{"href":"https:\/\/www.legistdf.gob.ar\/index.php\/wp-json\/wp\/v2\/media?parent=12505"}],"wp:term":[{"taxonomy":"category","embeddable":true,"href":"https:\/\/www.legistdf.gob.ar\/index.php\/wp-json\/wp\/v2\/categories?post=12505"},{"taxonomy":"post_tag","embeddable":true,"href":"https:\/\/www.legistdf.gob.ar\/index.php\/wp-json\/wp\/v2\/tags?post=12505"}],"curies":[{"name":"wp","href":"https:\/\/api.w.org\/{rel}","templated":true}]}}