{"id":12618,"date":"2019-04-07T16:21:00","date_gmt":"2019-04-07T19:21:00","guid":{"rendered":"http:\/\/www.legistdf.gob.ar\/?p=12618"},"modified":"2019-04-05T15:44:44","modified_gmt":"2019-04-05T18:44:44","slug":"legislatura-el-11-de-abril-legisladores-trataran-asunto-sobre-tierras-fiscales","status":"publish","type":"post","link":"https:\/\/www.legistdf.gob.ar\/index.php\/2019\/04\/07\/legislatura-el-11-de-abril-legisladores-trataran-asunto-sobre-tierras-fiscales\/","title":{"rendered":"LEGISLATURA: El 11 de abril Legisladores tratar\u00e1n asunto sobre tierras fiscales"},"content":{"rendered":"<p><strong>Ushuaia, domingo 7 de abril de 2019.- La resoluci\u00f3n de Presidencia N\u00ba 319\/19 fija para el jueves 11, la convocatoria a Sesi\u00f3n Especial del Parlamento. El encuentro, se celebrar\u00e1 desde las 11 de la ma\u00f1ana y el llamado se concret\u00f3 a solicitud de Legisladores de los bloques de la UCR \u2013 Cambiemos y MPF. <\/strong><\/p>\n<p>&nbsp;<\/p>\n<p>All\u00ed, se tratar\u00e1 el asunto N\u00ba 669\/18 del Poder Ejecutivo provincial sobre nota 369\/18 donde adjunta el Decreto provincial N\u00ba 620\/16 seg\u00fan lo establecido en el art\u00edculo 8 de la Ley provincial N\u00ba 313.<\/p>\n<p>&nbsp;<\/p>\n<p>Cabe se\u00f1alar, que el art\u00edculo en cuesti\u00f3n sostiene que \u201clas adjudicaciones conforme a la extensi\u00f3n de tierras de que se trate, ser\u00e1n resueltas bajo los siguientes par\u00e1metros: Inciso C) a partir de una superficie de ciento una (101) hect\u00e1reas, adem\u00e1s de resolverse mediante decreto con acuerdo general de Ministros, se requerir\u00e1 la ratificaci\u00f3n del Poder Legislativo\u201d.<\/p>\n<p>&nbsp;<\/p>\n<p>Para m\u00e1s informaci\u00f3n: http:\/\/www.legistdf.gob.ar\/lp\/novedadesip\/Asuntos%20Entrados%202018\/As.%20N%BA%20669-18.pdf<\/p>\n<p>&nbsp;<\/p>\n<p style=\"text-align: right\">LVV<\/p>\n<p>&nbsp;<\/p>\n\n\t\t<style type=\"text\/css\">\n\t\t\t#gallery-1 {\n\t\t\t\tmargin: auto;\n\t\t\t}\n\t\t\t#gallery-1 .gallery-item {\n\t\t\t\tfloat: left;\n\t\t\t\tmargin-top: 10px;\n\t\t\t\ttext-align: center;\n\t\t\t\twidth: 100%;\n\t\t\t}\n\t\t\t#gallery-1 img {\n\t\t\t\tborder: 2px solid #cfcfcf;\n\t\t\t}\n\t\t\t#gallery-1 .gallery-caption {\n\t\t\t\tmargin-left: 0;\n\t\t\t}\n\t\t\t\/* see gallery_shortcode() in wp-includes\/media.php *\/\n\t\t<\/style>\n\t\t<div data-carousel-extra='{\"blog_id\":1,\"permalink\":\"https:\\\/\\\/www.legistdf.gob.ar\\\/index.php\\\/2019\\\/04\\\/07\\\/legislatura-el-11-de-abril-legisladores-trataran-asunto-sobre-tierras-fiscales\\\/\"}' id='gallery-1' class='gallery galleryid-12618 gallery-columns-1 gallery-size-thumbnail'><dl class='gallery-item'>\n\t\t\t<dt class='gallery-icon landscape'>\n\t\t\t\t<a href='https:\/\/www.legistdf.gob.ar\/index.php\/2019\/04\/07\/legislatura-el-11-de-abril-legisladores-trataran-asunto-sobre-tierras-fiscales\/img_4275-2\/'><img loading=\"lazy\" decoding=\"async\" width=\"150\" height=\"150\" src=\"https:\/\/www.legistdf.gob.ar\/wp-content\/uploads\/2019\/03\/IMG_4275-1-150x150.jpg\" class=\"attachment-thumbnail size-thumbnail\" alt=\"\" srcset=\"https:\/\/www.legistdf.gob.ar\/wp-content\/uploads\/2019\/03\/IMG_4275-1-150x150.jpg 150w, https:\/\/www.legistdf.gob.ar\/wp-content\/uploads\/2019\/03\/IMG_4275-1-64x64.jpg 64w\" sizes=\"(max-width: 150px) 100vw, 150px\" data-attachment-id=\"12619\" data-permalink=\"https:\/\/www.legistdf.gob.ar\/index.php\/2019\/04\/07\/legislatura-el-11-de-abril-legisladores-trataran-asunto-sobre-tierras-fiscales\/img_4275-2\/\" data-orig-file=\"https:\/\/www.legistdf.gob.ar\/wp-content\/uploads\/2019\/03\/IMG_4275-1.jpg\" data-orig-size=\"1000,667\" data-comments-opened=\"0\" data-image-meta=\"{&quot;aperture&quot;:&quot;2.8&quot;,&quot;credit&quot;:&quot;&quot;,&quot;camera&quot;:&quot;Canon EOS 6D&quot;,&quot;caption&quot;:&quot;&quot;,&quot;created_timestamp&quot;:&quot;1553143122&quot;,&quot;copyright&quot;:&quot;&quot;,&quot;focal_length&quot;:&quot;24&quot;,&quot;iso&quot;:&quot;400&quot;,&quot;shutter_speed&quot;:&quot;0.0055555555555556&quot;,&quot;title&quot;:&quot;&quot;,&quot;orientation&quot;:&quot;1&quot;}\" data-image-title=\"IMG_4275\" data-image-description=\"\" data-image-caption=\"\" data-medium-file=\"https:\/\/www.legistdf.gob.ar\/wp-content\/uploads\/2019\/03\/IMG_4275-1-300x200.jpg\" data-large-file=\"https:\/\/www.legistdf.gob.ar\/wp-content\/uploads\/2019\/03\/IMG_4275-1.jpg\" \/><\/a>\n\t\t\t<\/dt><\/dl><br style=\"clear: both\" \/>\n\t\t<\/div>\n\n","protected":false},"excerpt":{"rendered":"<p>Ushuaia, domingo 7 de abril de 2019.- La resoluci\u00f3n de Presidencia N\u00ba 319\/19 fija para el jueves 11, la convocatoria a Sesi\u00f3n Especial del Parlamento. El encuentro, se celebrar\u00e1 desde las 11 de la ma\u00f1ana y el llamado se concret\u00f3 a solicitud de Legisladores de los bloques de la UCR \u2013 Cambiemos y MPF. &nbsp; [&hellip;]<\/p>\n","protected":false},"author":352,"featured_media":12619,"comment_status":"closed","ping_status":"open","sticky":false,"template":"","format":"standard","meta":{"jetpack_post_was_ever_published":false,"_jetpack_newsletter_access":"","_jetpack_dont_email_post_to_subs":false,"_jetpack_newsletter_tier_id":0,"footnotes":"","jetpack_publicize_message":"","jetpack_publicize_feature_enabled":true,"jetpack_social_post_already_shared":true,"jetpack_social_options":{"image_generator_settings":{"template":"highway","enabled":false}}},"categories":[1],"tags":[955,556,130,91],"jetpack_publicize_connections":[],"jetpack_sharing_enabled":true,"jetpack_featured_media_url":"https:\/\/www.legistdf.gob.ar\/wp-content\/uploads\/2019\/03\/IMG_4275-1.jpg","jetpack-related-posts":[],"_links":{"self":[{"href":"https:\/\/www.legistdf.gob.ar\/index.php\/wp-json\/wp\/v2\/posts\/12618"}],"collection":[{"href":"https:\/\/www.legistdf.gob.ar\/index.php\/wp-json\/wp\/v2\/posts"}],"about":[{"href":"https:\/\/www.legistdf.gob.ar\/index.php\/wp-json\/wp\/v2\/types\/post"}],"author":[{"embeddable":true,"href":"https:\/\/www.legistdf.gob.ar\/index.php\/wp-json\/wp\/v2\/users\/352"}],"replies":[{"embeddable":true,"href":"https:\/\/www.legistdf.gob.ar\/index.php\/wp-json\/wp\/v2\/comments?post=12618"}],"version-history":[{"count":3,"href":"https:\/\/www.legistdf.gob.ar\/index.php\/wp-json\/wp\/v2\/posts\/12618\/revisions"}],"predecessor-version":[{"id":13356,"href":"https:\/\/www.legistdf.gob.ar\/index.php\/wp-json\/wp\/v2\/posts\/12618\/revisions\/13356"}],"wp:featuredmedia":[{"embeddable":true,"href":"https:\/\/www.legistdf.gob.ar\/index.php\/wp-json\/wp\/v2\/media\/12619"}],"wp:attachment":[{"href":"https:\/\/www.legistdf.gob.ar\/index.php\/wp-json\/wp\/v2\/media?parent=12618"}],"wp:term":[{"taxonomy":"category","embeddable":true,"href":"https:\/\/www.legistdf.gob.ar\/index.php\/wp-json\/wp\/v2\/categories?post=12618"},{"taxonomy":"post_tag","embeddable":true,"href":"https:\/\/www.legistdf.gob.ar\/index.php\/wp-json\/wp\/v2\/tags?post=12618"}],"curies":[{"name":"wp","href":"https:\/\/api.w.org\/{rel}","templated":true}]}}