{"id":13281,"date":"2019-04-04T11:00:10","date_gmt":"2019-04-04T14:00:10","guid":{"rendered":"http:\/\/www.legistdf.gob.ar\/?p=13281"},"modified":"2019-04-04T11:00:10","modified_gmt":"2019-04-04T14:00:10","slug":"legislatura-durante-esta-gestion-el-mpf-no-ha-tenido-autoridades-en-las-comisiones-dijo-urquiza","status":"publish","type":"post","link":"https:\/\/www.legistdf.gob.ar\/index.php\/2019\/04\/04\/legislatura-durante-esta-gestion-el-mpf-no-ha-tenido-autoridades-en-las-comisiones-dijo-urquiza\/","title":{"rendered":"LEGISLATURA: \u201cDurante esta gesti\u00f3n el MPF, no ha tenido autoridades en las Comisiones\u201d, dijo Urquiza"},"content":{"rendered":"<p><strong>Ushuaia, jueves 4 de abril de 2019.-\u00a0La legisladora del Movimiento Popular Fueguino (MPF), M\u00f3nica Urquiza se refiri\u00f3 a la reuni\u00f3n de Comisi\u00f3n que se desarroll\u00f3 durante la ma\u00f1ana de ayer, donde se definieron las autoridades de todas las Comisiones de Asesoramiento Permanente.<\/strong><\/p>\n<p>&nbsp;<\/p>\n<p>En este sentido, la Legisladora coment\u00f3 que \u201cse realiz\u00f3 un plenario de legisladores para elegir las autoridades de las Comisiones, ya que sus composiciones fueron aprobadas en la \u00faltima sesi\u00f3n\u201d y destac\u00f3 que \u201ccomo no hubo acuerdo con las autoridades se decidi\u00f3 no ratificar las del 2018 y hoy se realiz\u00f3 esta reuni\u00f3n donde se ratificaron algunas y se modificaron otras\u201d.<\/p>\n<p>&nbsp;<\/p>\n<p>Asimismo, indic\u00f3 que \u201cdurante esta gesti\u00f3n el MPF no ha tenido autoridades en las Comisiones. Esto tiene que ver con la conformaci\u00f3n de la C\u00e1mara, a pesar de ser la segunda fuerza pol\u00edtica, el oficialismo y la UCR-Cambiemos, son los que tienen autoridades en las Comisiones\u201d.<\/p>\n<p>&nbsp;<\/p>\n<p>Urquiza, expres\u00f3 que durante la reuni\u00f3n de este mi\u00e9rcoles realiz\u00f3 la moci\u00f3n para que el legislador Pablo Villegas, ocupe la Presidencia de la Comisi\u00f3n de Seguridad (6) pero resalt\u00f3 que \u201clamentablemente no tuvimos el acompa\u00f1amiento. Lo que uno pretende, es tratar todos los temas, no solo los que le interesan al Ejecutivo. Por ejemplo, este espacio de an\u00e1lisis durante el 2018 se reuni\u00f3 una sola vez y fue para que entregaran las copias de los expedientes de las contrataciones secretas. Despu\u00e9s no hubo otro encuentro.<\/p>\n<p>&nbsp;<\/p>\n<p>Asimismo, Urquiza explic\u00f3 que \u201clo mismo sucedi\u00f3 con la Comisi\u00f3n de Educaci\u00f3n (4). En este caso solicitamos la presencia de los Ministros para que informen sobre la situaci\u00f3n de los supuestos sabotajes a los edificios escolares, la intervenci\u00f3n del Instituto Provincial de Educaci\u00f3n Especial (IPES) y nunca fueron citados\u201d.<\/p>\n<p>&nbsp;<\/p>\n<p>\u201cSi bien formamos parte de las Comisiones, desde el bloque del MPF no podemos efectuar el llamado a las reuniones y el tratamiento de los temas que le interesan y preocupan a la gente. El reglamento establece c\u00f3mo solicitarlas pero despu\u00e9s tiene que ver con las mayor\u00edas, si bien tenemos alg\u00fan acompa\u00f1amiento de otro Legislador por alg\u00fan tema en particular, el oficialismo tiene la mayor\u00eda\u201d, se\u00f1al\u00f3 la Legisladora.<\/p>\n<p>&nbsp;<\/p>\n<p>Para finalizar, Urquiza dijo \u201cel Ejecutivo es un poder y el Legislativo es otro. Por m\u00e1s que tenga mayor\u00eda, nosotros tenemos que hacer nuestro trabajo como corresponde porque no somos empleados del Gobierno\u201d.<\/p>\n<p>&nbsp;<\/p>\n\n\t\t<style type=\"text\/css\">\n\t\t\t#gallery-1 {\n\t\t\t\tmargin: auto;\n\t\t\t}\n\t\t\t#gallery-1 .gallery-item {\n\t\t\t\tfloat: left;\n\t\t\t\tmargin-top: 10px;\n\t\t\t\ttext-align: center;\n\t\t\t\twidth: 100%;\n\t\t\t}\n\t\t\t#gallery-1 img {\n\t\t\t\tborder: 2px solid #cfcfcf;\n\t\t\t}\n\t\t\t#gallery-1 .gallery-caption {\n\t\t\t\tmargin-left: 0;\n\t\t\t}\n\t\t\t\/* see gallery_shortcode() in wp-includes\/media.php *\/\n\t\t<\/style>\n\t\t<div data-carousel-extra='{\"blog_id\":1,\"permalink\":\"https:\\\/\\\/www.legistdf.gob.ar\\\/index.php\\\/2019\\\/04\\\/04\\\/legislatura-durante-esta-gestion-el-mpf-no-ha-tenido-autoridades-en-las-comisiones-dijo-urquiza\\\/\"}' id='gallery-1' class='gallery galleryid-13281 gallery-columns-1 gallery-size-thumbnail'><dl class='gallery-item'>\n\t\t\t<dt class='gallery-icon landscape'>\n\t\t\t\t<a href='https:\/\/www.legistdf.gob.ar\/index.php\/2019\/04\/04\/legislatura-durante-esta-gestion-el-mpf-no-ha-tenido-autoridades-en-las-comisiones-dijo-urquiza\/img_4747\/'><img loading=\"lazy\" decoding=\"async\" width=\"150\" height=\"150\" src=\"https:\/\/www.legistdf.gob.ar\/wp-content\/uploads\/2019\/04\/IMG_4747-150x150.jpg\" class=\"attachment-thumbnail size-thumbnail\" alt=\"\" srcset=\"https:\/\/www.legistdf.gob.ar\/wp-content\/uploads\/2019\/04\/IMG_4747-150x150.jpg 150w, https:\/\/www.legistdf.gob.ar\/wp-content\/uploads\/2019\/04\/IMG_4747-64x64.jpg 64w\" sizes=\"(max-width: 150px) 100vw, 150px\" data-attachment-id=\"13282\" data-permalink=\"https:\/\/www.legistdf.gob.ar\/index.php\/2019\/04\/04\/legislatura-durante-esta-gestion-el-mpf-no-ha-tenido-autoridades-en-las-comisiones-dijo-urquiza\/img_4747\/\" data-orig-file=\"https:\/\/www.legistdf.gob.ar\/wp-content\/uploads\/2019\/04\/IMG_4747.jpg\" data-orig-size=\"1000,667\" data-comments-opened=\"0\" data-image-meta=\"{&quot;aperture&quot;:&quot;0&quot;,&quot;credit&quot;:&quot;&quot;,&quot;camera&quot;:&quot;&quot;,&quot;caption&quot;:&quot;&quot;,&quot;created_timestamp&quot;:&quot;0&quot;,&quot;copyright&quot;:&quot;&quot;,&quot;focal_length&quot;:&quot;0&quot;,&quot;iso&quot;:&quot;0&quot;,&quot;shutter_speed&quot;:&quot;0&quot;,&quot;title&quot;:&quot;&quot;,&quot;orientation&quot;:&quot;0&quot;}\" data-image-title=\"IMG_4747\" data-image-description=\"\" data-image-caption=\"\" data-medium-file=\"https:\/\/www.legistdf.gob.ar\/wp-content\/uploads\/2019\/04\/IMG_4747-300x200.jpg\" data-large-file=\"https:\/\/www.legistdf.gob.ar\/wp-content\/uploads\/2019\/04\/IMG_4747.jpg\" \/><\/a>\n\t\t\t<\/dt><\/dl><br style=\"clear: both\" \/>\n\t\t<\/div>\n\n","protected":false},"excerpt":{"rendered":"<p>Ushuaia, jueves 4 de abril de 2019.-\u00a0La legisladora del Movimiento Popular Fueguino (MPF), M\u00f3nica Urquiza se refiri\u00f3 a la reuni\u00f3n de Comisi\u00f3n que se desarroll\u00f3 durante la ma\u00f1ana de ayer, donde se definieron las autoridades de todas las Comisiones de Asesoramiento Permanente. &nbsp; En este sentido, la Legisladora coment\u00f3 que \u201cse realiz\u00f3 un plenario de [&hellip;]<\/p>\n","protected":false},"author":352,"featured_media":13282,"comment_status":"closed","ping_status":"open","sticky":false,"template":"","format":"standard","meta":{"jetpack_post_was_ever_published":false,"_jetpack_newsletter_access":"","_jetpack_dont_email_post_to_subs":false,"_jetpack_newsletter_tier_id":0,"footnotes":"","jetpack_publicize_message":"","jetpack_publicize_feature_enabled":true,"jetpack_social_post_already_shared":true,"jetpack_social_options":{"image_generator_settings":{"template":"highway","enabled":false}}},"categories":[1],"tags":[330,332,84,880,1141,956,106],"jetpack_publicize_connections":[],"jetpack_sharing_enabled":true,"jetpack_featured_media_url":"https:\/\/www.legistdf.gob.ar\/wp-content\/uploads\/2019\/04\/IMG_4747.jpg","jetpack-related-posts":[],"_links":{"self":[{"href":"https:\/\/www.legistdf.gob.ar\/index.php\/wp-json\/wp\/v2\/posts\/13281"}],"collection":[{"href":"https:\/\/www.legistdf.gob.ar\/index.php\/wp-json\/wp\/v2\/posts"}],"about":[{"href":"https:\/\/www.legistdf.gob.ar\/index.php\/wp-json\/wp\/v2\/types\/post"}],"author":[{"embeddable":true,"href":"https:\/\/www.legistdf.gob.ar\/index.php\/wp-json\/wp\/v2\/users\/352"}],"replies":[{"embeddable":true,"href":"https:\/\/www.legistdf.gob.ar\/index.php\/wp-json\/wp\/v2\/comments?post=13281"}],"version-history":[{"count":1,"href":"https:\/\/www.legistdf.gob.ar\/index.php\/wp-json\/wp\/v2\/posts\/13281\/revisions"}],"predecessor-version":[{"id":13283,"href":"https:\/\/www.legistdf.gob.ar\/index.php\/wp-json\/wp\/v2\/posts\/13281\/revisions\/13283"}],"wp:featuredmedia":[{"embeddable":true,"href":"https:\/\/www.legistdf.gob.ar\/index.php\/wp-json\/wp\/v2\/media\/13282"}],"wp:attachment":[{"href":"https:\/\/www.legistdf.gob.ar\/index.php\/wp-json\/wp\/v2\/media?parent=13281"}],"wp:term":[{"taxonomy":"category","embeddable":true,"href":"https:\/\/www.legistdf.gob.ar\/index.php\/wp-json\/wp\/v2\/categories?post=13281"},{"taxonomy":"post_tag","embeddable":true,"href":"https:\/\/www.legistdf.gob.ar\/index.php\/wp-json\/wp\/v2\/tags?post=13281"}],"curies":[{"name":"wp","href":"https:\/\/api.w.org\/{rel}","templated":true}]}}