{"id":13438,"date":"2019-04-10T13:24:06","date_gmt":"2019-04-10T16:24:06","guid":{"rendered":"http:\/\/www.legistdf.gob.ar\/?p=13438"},"modified":"2019-04-10T13:24:06","modified_gmt":"2019-04-10T16:24:06","slug":"rio-grande-capacitaran-en-estimulacion-temprana-y-sindrome-de-down","status":"publish","type":"post","link":"https:\/\/www.legistdf.gob.ar\/index.php\/2019\/04\/10\/rio-grande-capacitaran-en-estimulacion-temprana-y-sindrome-de-down\/","title":{"rendered":"R\u00cdO GRANDE: Capacitar\u00e1n en estimulaci\u00f3n temprana y s\u00edndrome de Down"},"content":{"rendered":"<p><strong>Ushuaia, mi\u00e9rcoles 10 de abril de 2019.- El viernes, ser\u00e1 la jornada de capacitaci\u00f3n sobre estimulaci\u00f3n temprana y s\u00edndrome de Down a la que invita la vicepresidenta 1\u00aa de la C\u00e1mara, legisladora Myriam Mart\u00ednez. Ser\u00e1 en el gimnasio de la Escuela N\u00b0 2, Dr. Benjam\u00edn Zorrilla de Rivadavia 599 en R\u00edo Grande, a partir de las 8 de la ma\u00f1ana. Dirigido a \u201cpadres, docentes y profesionales de la salud\u201d, contar\u00e1 con exposiciones por parte del equipo SELEC y de ADRA.<\/strong><\/p>\n<p><strong>\u00a0<\/strong><\/p>\n<p>Ser\u00e1 una jornada extensa que iniciar\u00e1 a las 8 de la ma\u00f1ana con la acreditaci\u00f3n de los asistentes y continuar\u00e1 con la disertaci\u00f3n a cargo de integrantes del grupo SELEC. Este equipo interdisciplinario posee \u201cuna amplia trayectoria en la atenci\u00f3n de personas con trastornos del desarrollo y del aprendizaje, desde la estimulaci\u00f3n temprana hasta la adultez\u201d<\/p>\n<p>&nbsp;<\/p>\n<p>El campo de trabajo de la reconocida agrupaci\u00f3n es a \u201cpersonas con s\u00edndrome de Down, personas con par\u00e1lisis cerebral y\/o secuelas motoras y ni\u00f1os con TEA; abord\u00e1ndose desde la neuropsicolog\u00eda las diferentes \u00e1reas del desarrollo\u201d, se\u00f1alan desde el sitio web oficial del equipo.<\/p>\n<p>&nbsp;<\/p>\n<p>La capacitaci\u00f3n ser\u00e1 brindada por las licenciadas en fonoaudiolog\u00eda, Beatriz Heredia y Mar\u00eda Laura Poy; la licenciada en psicopedagog\u00eda, Mar\u00eda Cecilia Cedrola y la licenciada en terapia ocupacional, Pilar Fern\u00e1ndez.<\/p>\n<p>&nbsp;<\/p>\n<p>El primer modulo que iniciar\u00e1 a las 9 de la ma\u00f1ana, abordar\u00e1: Asesoramiento desde el embarazo; protocolos de intervenci\u00f3n para desarrollar el m\u00e1ximo potencial del ni\u00f1o; prevenci\u00f3n de comorbilidades, signos y s\u00edntomas a tener en cuenta desde la estimulaci\u00f3n temprana para su seguimiento y tratamiento. Sobre integraci\u00f3n sensorial: detecci\u00f3n de posibles disfunciones en Integraci\u00f3n<\/p>\n<p>Sensorial del beb\u00e9. H\u00edper e hipo registro t\u00e1ctil, h\u00edper e hipo registro vestibular, hiporegistro propioceptivo, inseguridad gravitacional. Dificultades en la modulaci\u00f3n\/integraci\u00f3n sensorial del beb\u00e9. Sobre el campo de la sicolog\u00eda: impacto del diagn\u00f3stico en la familia. Contenci\u00f3n y psico educaci\u00f3n. Orientaci\u00f3n a padres. Comorbilidades. Recomendaciones para kinesiolog\u00eda: permanencia\/compensaci\u00f3n de alteraciones en el desarrollo motor, ejercitaci\u00f3n funcional para el ni\u00f1o y la familia. Fonoaudiolog\u00eda: intervenci\u00f3n del profesional especializado en degluci\u00f3n. Psicopedagog\u00eda: Perfil cognitivo en S.D. Fortalezas y debilidades. Estrategias favorecedoras del aprendizaje. Introducci\u00f3n a la Integraci\u00f3n Sensorial: interpretando algunas conductas desde una perspectiva de los sentidos.<\/p>\n<p>&nbsp;<\/p>\n<p>El segundo m\u00f3dulo, abordar\u00e1 la primera infancia: 3-6 Fonoaudiolog\u00eda, comunicaci\u00f3n y lenguaje. Recursos de estimulaci\u00f3n del lenguaje en todas sus \u00e1reas. Estrategias favorecedoras de la comunicaci\u00f3n en el espacio escolar. Inicio de la ense\u00f1anza de la lectura y escritura con el M\u00e9todo SELEC. Despistaje temprano en trastorno del lenguaje para implementaci\u00f3n temprana de sistemas alternativos\/aumentativos. Psicopedagog\u00eda: Ingreso escolar. Actores intervinientes. Expectativas y demandas del entorno. Elaboraci\u00f3n del Proyecto. Estimulaci\u00f3n arm\u00f3nica de funciones. Inclusi\u00f3n escolar: acompa\u00f1amiento de la instituci\u00f3n escolar. Colaboraci\u00f3n desde todas las \u00e1reas terap\u00e9uticas para el bienestar escolar. Este modulo iniciar\u00e1 a las 14,30 y se extender\u00e1 hasta las 18.<\/p>\n<p>&nbsp;<\/p>\n<p>Por \u00faltimo, desde las 18,30 a 20,30, la jornada de capacitaci\u00f3n abordar\u00e1, con la capacitaci\u00f3n del Dr. Eduardo Moreno Vivot, m\u00e9dico pediatra y neonat\u00f3logo, miembro de la Comisi\u00f3n de Salud de la Asociaci\u00f3n de S\u00edndrome de Down de la Rep\u00fablica Argentina (ASDRA): \u00a0Mitos y verdades del S\u00edndrome de Down. Conceptos particulares, salud, deportes, vida social, sexualidad y afectividad, terapias, vida aut\u00f3noma.<\/p>\n<p>&nbsp;<\/p>\n<p style=\"text-align: right\"><em>Fotos gentileza: Ariel Montenegro (R\u00edo Grande)<\/em><\/p>\n\n\t\t<style type=\"text\/css\">\n\t\t\t#gallery-1 {\n\t\t\t\tmargin: auto;\n\t\t\t}\n\t\t\t#gallery-1 .gallery-item {\n\t\t\t\tfloat: left;\n\t\t\t\tmargin-top: 10px;\n\t\t\t\ttext-align: center;\n\t\t\t\twidth: 33%;\n\t\t\t}\n\t\t\t#gallery-1 img {\n\t\t\t\tborder: 2px solid #cfcfcf;\n\t\t\t}\n\t\t\t#gallery-1 .gallery-caption {\n\t\t\t\tmargin-left: 0;\n\t\t\t}\n\t\t\t\/* see gallery_shortcode() in wp-includes\/media.php *\/\n\t\t<\/style>\n\t\t<div data-carousel-extra='{\"blog_id\":1,\"permalink\":\"https:\\\/\\\/www.legistdf.gob.ar\\\/index.php\\\/2019\\\/04\\\/10\\\/rio-grande-capacitaran-en-estimulacion-temprana-y-sindrome-de-down\\\/\"}' id='gallery-1' class='gallery galleryid-13438 gallery-columns-3 gallery-size-thumbnail'><dl class='gallery-item'>\n\t\t\t<dt class='gallery-icon landscape'>\n\t\t\t\t<a href='https:\/\/www.legistdf.gob.ar\/index.php\/2019\/04\/10\/rio-grande-capacitaran-en-estimulacion-temprana-y-sindrome-de-down\/whatsapp-image-2019-04-10-at-13-03-12\/'><img loading=\"lazy\" decoding=\"async\" width=\"150\" height=\"150\" src=\"https:\/\/www.legistdf.gob.ar\/wp-content\/uploads\/2019\/04\/WhatsApp-Image-2019-04-10-at-13.03.12-150x150.jpeg\" class=\"attachment-thumbnail size-thumbnail\" alt=\"\" srcset=\"https:\/\/www.legistdf.gob.ar\/wp-content\/uploads\/2019\/04\/WhatsApp-Image-2019-04-10-at-13.03.12-150x150.jpeg 150w, https:\/\/www.legistdf.gob.ar\/wp-content\/uploads\/2019\/04\/WhatsApp-Image-2019-04-10-at-13.03.12-64x64.jpeg 64w\" sizes=\"(max-width: 150px) 100vw, 150px\" data-attachment-id=\"13451\" data-permalink=\"https:\/\/www.legistdf.gob.ar\/index.php\/2019\/04\/10\/rio-grande-capacitaran-en-estimulacion-temprana-y-sindrome-de-down\/whatsapp-image-2019-04-10-at-13-03-12\/\" data-orig-file=\"https:\/\/www.legistdf.gob.ar\/wp-content\/uploads\/2019\/04\/WhatsApp-Image-2019-04-10-at-13.03.12.jpeg\" data-orig-size=\"1032,502\" data-comments-opened=\"0\" data-image-meta=\"{&quot;aperture&quot;:&quot;0&quot;,&quot;credit&quot;:&quot;&quot;,&quot;camera&quot;:&quot;&quot;,&quot;caption&quot;:&quot;&quot;,&quot;created_timestamp&quot;:&quot;0&quot;,&quot;copyright&quot;:&quot;&quot;,&quot;focal_length&quot;:&quot;0&quot;,&quot;iso&quot;:&quot;0&quot;,&quot;shutter_speed&quot;:&quot;0&quot;,&quot;title&quot;:&quot;&quot;,&quot;orientation&quot;:&quot;0&quot;}\" data-image-title=\"WhatsApp Image 2019-04-10 at 13.03.12\" data-image-description=\"\" data-image-caption=\"\" data-medium-file=\"https:\/\/www.legistdf.gob.ar\/wp-content\/uploads\/2019\/04\/WhatsApp-Image-2019-04-10-at-13.03.12-300x146.jpeg\" data-large-file=\"https:\/\/www.legistdf.gob.ar\/wp-content\/uploads\/2019\/04\/WhatsApp-Image-2019-04-10-at-13.03.12-1024x498.jpeg\" \/><\/a>\n\t\t\t<\/dt><\/dl><dl class='gallery-item'>\n\t\t\t<dt class='gallery-icon landscape'>\n\t\t\t\t<a href='https:\/\/www.legistdf.gob.ar\/index.php\/2019\/04\/10\/rio-grande-capacitaran-en-estimulacion-temprana-y-sindrome-de-down\/whatsapp-image-2019-04-10-at-13-04-00-2\/'><img loading=\"lazy\" decoding=\"async\" width=\"150\" height=\"150\" src=\"https:\/\/www.legistdf.gob.ar\/wp-content\/uploads\/2019\/04\/WhatsApp-Image-2019-04-10-at-13.04.00-1-150x150.jpeg\" class=\"attachment-thumbnail size-thumbnail\" alt=\"\" srcset=\"https:\/\/www.legistdf.gob.ar\/wp-content\/uploads\/2019\/04\/WhatsApp-Image-2019-04-10-at-13.04.00-1-150x150.jpeg 150w, https:\/\/www.legistdf.gob.ar\/wp-content\/uploads\/2019\/04\/WhatsApp-Image-2019-04-10-at-13.04.00-1-64x64.jpeg 64w\" sizes=\"(max-width: 150px) 100vw, 150px\" data-attachment-id=\"13452\" data-permalink=\"https:\/\/www.legistdf.gob.ar\/index.php\/2019\/04\/10\/rio-grande-capacitaran-en-estimulacion-temprana-y-sindrome-de-down\/whatsapp-image-2019-04-10-at-13-04-00-2\/\" data-orig-file=\"https:\/\/www.legistdf.gob.ar\/wp-content\/uploads\/2019\/04\/WhatsApp-Image-2019-04-10-at-13.04.00-1.jpeg\" data-orig-size=\"1032,502\" data-comments-opened=\"0\" data-image-meta=\"{&quot;aperture&quot;:&quot;0&quot;,&quot;credit&quot;:&quot;&quot;,&quot;camera&quot;:&quot;&quot;,&quot;caption&quot;:&quot;&quot;,&quot;created_timestamp&quot;:&quot;0&quot;,&quot;copyright&quot;:&quot;&quot;,&quot;focal_length&quot;:&quot;0&quot;,&quot;iso&quot;:&quot;0&quot;,&quot;shutter_speed&quot;:&quot;0&quot;,&quot;title&quot;:&quot;&quot;,&quot;orientation&quot;:&quot;0&quot;}\" data-image-title=\"WhatsApp Image 2019-04-10 at 13.04.00\" data-image-description=\"\" data-image-caption=\"\" data-medium-file=\"https:\/\/www.legistdf.gob.ar\/wp-content\/uploads\/2019\/04\/WhatsApp-Image-2019-04-10-at-13.04.00-1-300x146.jpeg\" data-large-file=\"https:\/\/www.legistdf.gob.ar\/wp-content\/uploads\/2019\/04\/WhatsApp-Image-2019-04-10-at-13.04.00-1-1024x498.jpeg\" \/><\/a>\n\t\t\t<\/dt><\/dl><dl class='gallery-item'>\n\t\t\t<dt class='gallery-icon landscape'>\n\t\t\t\t<a href='https:\/\/www.legistdf.gob.ar\/index.php\/2019\/04\/10\/rio-grande-capacitaran-en-estimulacion-temprana-y-sindrome-de-down\/whatsapp-image-2019-04-10-at-13-04-52\/'><img loading=\"lazy\" decoding=\"async\" width=\"150\" height=\"150\" src=\"https:\/\/www.legistdf.gob.ar\/wp-content\/uploads\/2019\/04\/WhatsApp-Image-2019-04-10-at-13.04.52-150x150.jpeg\" class=\"attachment-thumbnail size-thumbnail\" alt=\"\" srcset=\"https:\/\/www.legistdf.gob.ar\/wp-content\/uploads\/2019\/04\/WhatsApp-Image-2019-04-10-at-13.04.52-150x150.jpeg 150w, https:\/\/www.legistdf.gob.ar\/wp-content\/uploads\/2019\/04\/WhatsApp-Image-2019-04-10-at-13.04.52-64x64.jpeg 64w\" sizes=\"(max-width: 150px) 100vw, 150px\" data-attachment-id=\"13453\" data-permalink=\"https:\/\/www.legistdf.gob.ar\/index.php\/2019\/04\/10\/rio-grande-capacitaran-en-estimulacion-temprana-y-sindrome-de-down\/whatsapp-image-2019-04-10-at-13-04-52\/\" data-orig-file=\"https:\/\/www.legistdf.gob.ar\/wp-content\/uploads\/2019\/04\/WhatsApp-Image-2019-04-10-at-13.04.52.jpeg\" data-orig-size=\"1032,502\" data-comments-opened=\"0\" data-image-meta=\"{&quot;aperture&quot;:&quot;0&quot;,&quot;credit&quot;:&quot;&quot;,&quot;camera&quot;:&quot;&quot;,&quot;caption&quot;:&quot;&quot;,&quot;created_timestamp&quot;:&quot;0&quot;,&quot;copyright&quot;:&quot;&quot;,&quot;focal_length&quot;:&quot;0&quot;,&quot;iso&quot;:&quot;0&quot;,&quot;shutter_speed&quot;:&quot;0&quot;,&quot;title&quot;:&quot;&quot;,&quot;orientation&quot;:&quot;0&quot;}\" data-image-title=\"WhatsApp Image 2019-04-10 at 13.04.52\" data-image-description=\"\" data-image-caption=\"\" data-medium-file=\"https:\/\/www.legistdf.gob.ar\/wp-content\/uploads\/2019\/04\/WhatsApp-Image-2019-04-10-at-13.04.52-300x146.jpeg\" data-large-file=\"https:\/\/www.legistdf.gob.ar\/wp-content\/uploads\/2019\/04\/WhatsApp-Image-2019-04-10-at-13.04.52-1024x498.jpeg\" \/><\/a>\n\t\t\t<\/dt><\/dl><br style=\"clear: both\" \/>\n\t\t<\/div>\n\n","protected":false},"excerpt":{"rendered":"<p>Ushuaia, mi\u00e9rcoles 10 de abril de 2019.- El viernes, ser\u00e1 la jornada de capacitaci\u00f3n sobre estimulaci\u00f3n temprana y s\u00edndrome de Down a la que invita la vicepresidenta 1\u00aa de la C\u00e1mara, legisladora Myriam Mart\u00ednez. Ser\u00e1 en el gimnasio de la Escuela N\u00b0 2, Dr. Benjam\u00edn Zorrilla de Rivadavia 599 en R\u00edo Grande, a partir de [&hellip;]<\/p>\n","protected":false},"author":352,"featured_media":13450,"comment_status":"closed","ping_status":"open","sticky":false,"template":"","format":"standard","meta":{"jetpack_post_was_ever_published":false,"_jetpack_newsletter_access":"","_jetpack_dont_email_post_to_subs":false,"_jetpack_newsletter_tier_id":0,"footnotes":"","jetpack_publicize_message":"","jetpack_publicize_feature_enabled":true,"jetpack_social_post_already_shared":true,"jetpack_social_options":{"image_generator_settings":{"template":"highway","enabled":false}}},"categories":[1],"tags":[78,82,96,48],"jetpack_publicize_connections":[],"jetpack_sharing_enabled":true,"jetpack_featured_media_url":"https:\/\/www.legistdf.gob.ar\/wp-content\/uploads\/2019\/04\/WhatsApp-Image-2019-04-10-at-13.04.00.jpeg","jetpack-related-posts":[],"_links":{"self":[{"href":"https:\/\/www.legistdf.gob.ar\/index.php\/wp-json\/wp\/v2\/posts\/13438"}],"collection":[{"href":"https:\/\/www.legistdf.gob.ar\/index.php\/wp-json\/wp\/v2\/posts"}],"about":[{"href":"https:\/\/www.legistdf.gob.ar\/index.php\/wp-json\/wp\/v2\/types\/post"}],"author":[{"embeddable":true,"href":"https:\/\/www.legistdf.gob.ar\/index.php\/wp-json\/wp\/v2\/users\/352"}],"replies":[{"embeddable":true,"href":"https:\/\/www.legistdf.gob.ar\/index.php\/wp-json\/wp\/v2\/comments?post=13438"}],"version-history":[{"count":2,"href":"https:\/\/www.legistdf.gob.ar\/index.php\/wp-json\/wp\/v2\/posts\/13438\/revisions"}],"predecessor-version":[{"id":13454,"href":"https:\/\/www.legistdf.gob.ar\/index.php\/wp-json\/wp\/v2\/posts\/13438\/revisions\/13454"}],"wp:featuredmedia":[{"embeddable":true,"href":"https:\/\/www.legistdf.gob.ar\/index.php\/wp-json\/wp\/v2\/media\/13450"}],"wp:attachment":[{"href":"https:\/\/www.legistdf.gob.ar\/index.php\/wp-json\/wp\/v2\/media?parent=13438"}],"wp:term":[{"taxonomy":"category","embeddable":true,"href":"https:\/\/www.legistdf.gob.ar\/index.php\/wp-json\/wp\/v2\/categories?post=13438"},{"taxonomy":"post_tag","embeddable":true,"href":"https:\/\/www.legistdf.gob.ar\/index.php\/wp-json\/wp\/v2\/tags?post=13438"}],"curies":[{"name":"wp","href":"https:\/\/api.w.org\/{rel}","templated":true}]}}