{"id":13786,"date":"2019-04-25T11:11:58","date_gmt":"2019-04-25T14:11:58","guid":{"rendered":"http:\/\/www.legistdf.gob.ar\/?p=13786"},"modified":"2019-04-25T21:27:28","modified_gmt":"2019-04-26T00:27:28","slug":"economia-proponen-que-las-obras-con-fondos-del-fideicomiso-integren-los-patrimonios-municipales","status":"publish","type":"post","link":"https:\/\/www.legistdf.gob.ar\/index.php\/2019\/04\/25\/economia-proponen-que-las-obras-con-fondos-del-fideicomiso-integren-los-patrimonios-municipales\/","title":{"rendered":"ECONOM\u00cdA: Proponen que las obras con fondos del Fideicomiso integren los patrimonios municipales"},"content":{"rendered":"<p>&nbsp;<\/p>\n<p><strong>Ushuaia, jueves 25 de abril de 2019.- La comisiones de Econom\u00eda (2) y Legislaci\u00f3n General (1) analizar\u00e1 el proyecto de Ley, para establecer que las obras efectuadas con recursos del Fideicomiso Austral, queden incorporadas al patrimonio de los Estados municipales. La iniciativa fue presentada por el bloque UCR \u2013 Cambiemos y tom\u00f3 estado parlamentario bajo el asunto N\u00ba 091\/19. <\/strong><\/p>\n<p>&nbsp;<\/p>\n<p>La futura norma, establece en sus dos art\u00edculos que \u201clas obras efectuadas con recursos del Fideicomiso Austral en jurisdicci\u00f3n municipal quedar\u00e1n incorporadas al patrimonio de los Estados municipales, sin que ello genere derecho alguno a reclamar por parte de la Provincia\u201d. Adem\u00e1s, aquellas construcciones \u201crealizadas a empresas de servicios p\u00fablicos, pasar\u00e1n a formar parte de su patrimonio en tanto y en cuanto sean utilizados para la prestaci\u00f3n de dichos servicios p\u00fablicos\u201d.<\/p>\n<p>&nbsp;<\/p>\n<p>El legislador Pablo Blanco, entre los fundamentos presentados en el proyecto de Ley, sostiene que \u201clos recursos que componen este Fideicomiso es mayoritariamente el producido del concepto de regal\u00edas hidrocarbur\u00edferas de la explotaci\u00f3n costa afuera\u201d. Asimismo, menciona que \u201cuna vez concluidas las obras (financiadas por el Fideicomiso Austral) quedar\u00e1n incorporadas al patrimonio del Estado provincial, sin que ello genere derecho alguno a la Naci\u00f3n a reclamar de la Provincia el reintegro de los fondos invertidos ni suma alguna proveniente de la planificaci\u00f3n, ejecuci\u00f3n y puesta en marcha de dicha obra\u201d, la Provincia \u201cnada pueda reclamarle a los municipios\u201d.<\/p>\n<p>&nbsp;<\/p>\n<p>M\u00e1s informaci\u00f3n:<\/p>\n<p><a href=\"http:\/\/www.legistdf.gob.ar\/lp\/novedadesip\/Asuntos%20Entrados%202019\/As.%20N%BA%20091-19.pdf\" data-saferedirecturl=\"https:\/\/www.google.com\/url?q=http:\/\/www.legistdf.gob.ar\/lp\/novedadesip\/Asuntos%2520Entrados%25202019\/As.%2520N%25BA%2520091-19.pdf&amp;source=gmail&amp;ust=1556284223229000&amp;usg=AFQjCNEL74jr1apgnfjjCaWX8dkJ3-VnwA\">http:\/\/www.legistdf.gob.ar\/lp\/novedadesip\/Asuntos%20Entrados%202019\/As.%20N%BA%20091-19.pdf<\/a><\/p>\n<p>&nbsp;<\/p>\n<p>&nbsp;<\/p>\n","protected":false},"excerpt":{"rendered":"<p>&nbsp; Ushuaia, jueves 25 de abril de 2019.- La comisiones de Econom\u00eda (2) y Legislaci\u00f3n General (1) analizar\u00e1 el proyecto de Ley, para establecer que las obras efectuadas con recursos del Fideicomiso Austral, queden incorporadas al patrimonio de los Estados municipales. La iniciativa fue presentada por el bloque UCR \u2013 Cambiemos y tom\u00f3 estado parlamentario [&hellip;]<\/p>\n","protected":false},"author":352,"featured_media":13884,"comment_status":"closed","ping_status":"open","sticky":false,"template":"","format":"standard","meta":{"jetpack_post_was_ever_published":false,"_jetpack_newsletter_access":"","_jetpack_dont_email_post_to_subs":false,"_jetpack_newsletter_tier_id":0,"footnotes":"","jetpack_publicize_message":"","jetpack_publicize_feature_enabled":true,"jetpack_social_post_already_shared":true,"jetpack_social_options":{"image_generator_settings":{"template":"highway","enabled":false}}},"categories":[1],"tags":[315,1243,1241,85,83,1242],"jetpack_publicize_connections":[],"jetpack_sharing_enabled":true,"jetpack_featured_media_url":"https:\/\/www.legistdf.gob.ar\/wp-content\/uploads\/2019\/04\/WhatsApp-Image-2019-04-25-at-10.59.40.jpeg","jetpack-related-posts":[],"_links":{"self":[{"href":"https:\/\/www.legistdf.gob.ar\/index.php\/wp-json\/wp\/v2\/posts\/13786"}],"collection":[{"href":"https:\/\/www.legistdf.gob.ar\/index.php\/wp-json\/wp\/v2\/posts"}],"about":[{"href":"https:\/\/www.legistdf.gob.ar\/index.php\/wp-json\/wp\/v2\/types\/post"}],"author":[{"embeddable":true,"href":"https:\/\/www.legistdf.gob.ar\/index.php\/wp-json\/wp\/v2\/users\/352"}],"replies":[{"embeddable":true,"href":"https:\/\/www.legistdf.gob.ar\/index.php\/wp-json\/wp\/v2\/comments?post=13786"}],"version-history":[{"count":1,"href":"https:\/\/www.legistdf.gob.ar\/index.php\/wp-json\/wp\/v2\/posts\/13786\/revisions"}],"predecessor-version":[{"id":13787,"href":"https:\/\/www.legistdf.gob.ar\/index.php\/wp-json\/wp\/v2\/posts\/13786\/revisions\/13787"}],"wp:featuredmedia":[{"embeddable":true,"href":"https:\/\/www.legistdf.gob.ar\/index.php\/wp-json\/wp\/v2\/media\/13884"}],"wp:attachment":[{"href":"https:\/\/www.legistdf.gob.ar\/index.php\/wp-json\/wp\/v2\/media?parent=13786"}],"wp:term":[{"taxonomy":"category","embeddable":true,"href":"https:\/\/www.legistdf.gob.ar\/index.php\/wp-json\/wp\/v2\/categories?post=13786"},{"taxonomy":"post_tag","embeddable":true,"href":"https:\/\/www.legistdf.gob.ar\/index.php\/wp-json\/wp\/v2\/tags?post=13786"}],"curies":[{"name":"wp","href":"https:\/\/api.w.org\/{rel}","templated":true}]}}