{"id":13788,"date":"2019-04-25T11:15:53","date_gmt":"2019-04-25T14:15:53","guid":{"rendered":"http:\/\/www.legistdf.gob.ar\/?p=13788"},"modified":"2019-04-25T21:24:13","modified_gmt":"2019-04-26T00:24:13","slug":"legislatura-estudiaran-movilidad-de-haberes-jubilatorios","status":"publish","type":"post","link":"https:\/\/www.legistdf.gob.ar\/index.php\/2019\/04\/25\/legislatura-estudiaran-movilidad-de-haberes-jubilatorios\/","title":{"rendered":"LEGISLATURA: Estudiar\u00e1n movilidad de haberes jubilatorios  \u00a0"},"content":{"rendered":"<p>&nbsp;<\/p>\n<p><strong>Ushuaia, jueves 25 de abril de 2019.- En la sesi\u00f3n de hoy, tom\u00f3 estado parlamentario el asunto 092\/19 que fue presentado por el bloque UCR \u2013 Cambiemos. El documento busca modificar el art\u00edculo 46 de la Ley provincial N\u00ba 561 sobre el R\u00e9gimen de Jubilaciones y Pensiones para el personal de los tres poderes del Estado. La iniciativa ser\u00e1 analizada por las comisiones de Salud (5), Legislaci\u00f3n General (1) y Presupuesto (2).<\/strong><\/p>\n<p>&nbsp;<\/p>\n<p>El proyecto de Ley, sostiene en su articulado que \u201cla movilidad se efectuar\u00e1 en forma trimestral, en base a la variaci\u00f3n salarial promedio de los escalafones utilizados para la determinaci\u00f3n del haber inicial, producida en el trimestre inmediato anterior al mes de aplicaci\u00f3n de la movilidad\u201d. De este modo, se modificar\u00eda nuevamente el art\u00edculo 46, ya que en diciembre de 2.017 se estableci\u00f3 que \u201cel haber de los beneficiarios ser\u00e1 m\u00f3vil\u201d.<\/p>\n<p>&nbsp;<\/p>\n<p>Entre los fundamentos presentados, mencionan que \u201cno puede pasar inadvertidamente la erosi\u00f3n constante que las fluctuaciones econ\u00f3micas han ido produciendo en los haberes previsionales, m\u00e1xime si se tiene en cuenta el car\u00e1cter sustitutivo que deben guardar\u201d y que \u201ca tenor de la \u00faltima de las modificaciones introducidas y en ponderaci\u00f3n con las concretas posibilidades del sistema, proponemos reducir a la mitad los tiempos en los que se aplica la movilidad en las prestaciones previsionales de la Provincia\u201d.<\/p>\n<p>&nbsp;<\/p>\n<p>Cabe se\u00f1alar, que a mediados de marzo ingres\u00f3 al Parlamento fueguino un asunto de particulares, respaldado por cerca de 600 firmas de jubilados, que solicitan dejar \u201csin efecto la modificaci\u00f3n dispuesta en materia de movilidad por Ley provincial N\u00ba 1210\u201d que es la modificaci\u00f3n de la 561.<\/p>\n<p>&nbsp;<\/p>\n<p>M\u00e1s informaci\u00f3n:<\/p>\n<p><a href=\"http:\/\/www.legistdf.gob.ar\/lp\/novedadesip\/Asuntos%20Entrados%202019\/As.%20N%BA%20092-19.pdf\" data-saferedirecturl=\"https:\/\/www.google.com\/url?q=http:\/\/www.legistdf.gob.ar\/lp\/novedadesip\/Asuntos%2520Entrados%25202019\/As.%2520N%25BA%2520092-19.pdf&amp;source=gmail&amp;ust=1556284223230000&amp;usg=AFQjCNFQtnpFucaGi_vLdpsghhVHrKU4og\">http:\/\/www.legistdf.gob.ar\/lp\/novedadesip\/Asuntos%20Entrados%202019\/As.%20N%BA%20092-19.pdf<\/a><\/p>\n<p>&nbsp;<\/p>\n<p>&nbsp;<\/p>\n","protected":false},"excerpt":{"rendered":"<p>&nbsp; Ushuaia, jueves 25 de abril de 2019.- En la sesi\u00f3n de hoy, tom\u00f3 estado parlamentario el asunto 092\/19 que fue presentado por el bloque UCR \u2013 Cambiemos. El documento busca modificar el art\u00edculo 46 de la Ley provincial N\u00ba 561 sobre el R\u00e9gimen de Jubilaciones y Pensiones para el personal de los tres poderes [&hellip;]<\/p>\n","protected":false},"author":352,"featured_media":13883,"comment_status":"closed","ping_status":"open","sticky":false,"template":"","format":"standard","meta":{"jetpack_post_was_ever_published":false,"_jetpack_newsletter_access":"","_jetpack_dont_email_post_to_subs":false,"_jetpack_newsletter_tier_id":0,"footnotes":"","jetpack_publicize_message":"","jetpack_publicize_feature_enabled":true,"jetpack_social_post_already_shared":true,"jetpack_social_options":{"image_generator_settings":{"template":"highway","enabled":false}}},"categories":[1],"tags":[544,1244,1245,86,585,48,351],"jetpack_publicize_connections":[],"jetpack_sharing_enabled":true,"jetpack_featured_media_url":"https:\/\/www.legistdf.gob.ar\/wp-content\/uploads\/2019\/04\/earth-216834_1920-1200x780.jpg","jetpack-related-posts":[],"_links":{"self":[{"href":"https:\/\/www.legistdf.gob.ar\/index.php\/wp-json\/wp\/v2\/posts\/13788"}],"collection":[{"href":"https:\/\/www.legistdf.gob.ar\/index.php\/wp-json\/wp\/v2\/posts"}],"about":[{"href":"https:\/\/www.legistdf.gob.ar\/index.php\/wp-json\/wp\/v2\/types\/post"}],"author":[{"embeddable":true,"href":"https:\/\/www.legistdf.gob.ar\/index.php\/wp-json\/wp\/v2\/users\/352"}],"replies":[{"embeddable":true,"href":"https:\/\/www.legistdf.gob.ar\/index.php\/wp-json\/wp\/v2\/comments?post=13788"}],"version-history":[{"count":1,"href":"https:\/\/www.legistdf.gob.ar\/index.php\/wp-json\/wp\/v2\/posts\/13788\/revisions"}],"predecessor-version":[{"id":13789,"href":"https:\/\/www.legistdf.gob.ar\/index.php\/wp-json\/wp\/v2\/posts\/13788\/revisions\/13789"}],"wp:featuredmedia":[{"embeddable":true,"href":"https:\/\/www.legistdf.gob.ar\/index.php\/wp-json\/wp\/v2\/media\/13883"}],"wp:attachment":[{"href":"https:\/\/www.legistdf.gob.ar\/index.php\/wp-json\/wp\/v2\/media?parent=13788"}],"wp:term":[{"taxonomy":"category","embeddable":true,"href":"https:\/\/www.legistdf.gob.ar\/index.php\/wp-json\/wp\/v2\/categories?post=13788"},{"taxonomy":"post_tag","embeddable":true,"href":"https:\/\/www.legistdf.gob.ar\/index.php\/wp-json\/wp\/v2\/tags?post=13788"}],"curies":[{"name":"wp","href":"https:\/\/api.w.org\/{rel}","templated":true}]}}