{"id":13812,"date":"2019-04-25T12:32:51","date_gmt":"2019-04-25T15:32:51","guid":{"rendered":"http:\/\/www.legistdf.gob.ar\/?p=13812"},"modified":"2019-04-25T21:40:45","modified_gmt":"2019-04-26T00:40:45","slug":"legislatura-analizaran-constituir-dia-provincial-de-las-organizaciones-no-gubernamentales","status":"publish","type":"post","link":"https:\/\/www.legistdf.gob.ar\/index.php\/2019\/04\/25\/legislatura-analizaran-constituir-dia-provincial-de-las-organizaciones-no-gubernamentales\/","title":{"rendered":"LEGISLATURA: Analizar\u00e1n constituir D\u00eda provincial de las Organizaciones No Gubernamentales"},"content":{"rendered":"<p><strong>Ushuaia, jueves 25 de abril de 2019.- Los Legisladores del bloque de la UCR \u2013 Cambiemos ingresaron el asunto N\u00b0 107\/19, proyecto de Ley que propone establecer el d\u00eda 12 de junio de cada a\u00f1o como el D\u00eda provincial de las Organizaciones No Gubernamentales (ONG).<\/strong><\/p>\n<p>&nbsp;<\/p>\n<p>Seg\u00fan el legislador Pablo Blanco, impulsor del proyecto, \u201clas ONG son parte del concepto de organizaciones de la sociedad civil que comprende una variedad de formas, con una amplia variedad de perfiles ideol\u00f3gicos, jur\u00eddicos y organizativos. No tienen funciones lucrativas ni de proselitismo pol\u00edtico o religioso, y su objetivo es realizar una serie de actividades orientadas a la satisfacci\u00f3n de necesidades humanas. Las ONG por lo general son conformadas y se encuentran a cargo de ciudadanos comunes que comparten una visi\u00f3n y misi\u00f3n com\u00fan\u201d.<\/p>\n<p>&nbsp;<\/p>\n<p>Entre los fundamentos, el Parlamentario propone a sus pares que \u201cpongamos en valor, en el orden provincial, la tarea que estas organizaciones llevan a cabo en el orden social; cultural; de desarrollo; humanitario; de utilidad p\u00fablica; y por sobre todas las cosas, desprovistas de \u00e1nimo de lucro, tomando como fecha el 12 de junio, por ser un d\u00eda como ese en el que se otorg\u00f3 la personer\u00eda jur\u00eddica N\u00b0 1 al por todos conocido Centro de Jubilados Akainik\u201d.<\/p>\n<p>&nbsp;<\/p>\n<p>En el articulado de la norma propuesta, se establece que \u201cel Ministerio de Gobierno y Justicia de la Provincia, en coordinaci\u00f3n con la Inspecci\u00f3n General de Justicia y con las dependencias gubernamentales que considere pertinentes, promover\u00e1 acciones concretas y positivas durante la tercera semana del mes de junio de cada a\u00f1o en beneficio, difusi\u00f3n y fomento de las Organizaciones No Gubernamentales.<\/p>\n<p>&nbsp;<\/p>\n<p>La propuesta ser\u00e1 abordada por los Parlamentarios que integran la Comisi\u00f3n de Legislaci\u00f3n General (1), que preside la legisladora Myriam Mart\u00ednez (FPV \u2013 PJ).<\/p>\n<p>&nbsp;<\/p>\n<p>M\u00e1s informaci\u00f3n:<\/p>\n<p><a href=\"http:\/\/www.legistdf.gob.ar\/lp\/novedadesip\/Asuntos%20Entrados%202019\/As.%20N%BA%20107-19.pdf\" data-saferedirecturl=\"https:\/\/www.google.com\/url?q=http:\/\/www.legistdf.gob.ar\/lp\/novedadesip\/Asuntos%2520Entrados%25202019\/As.%2520N%25BA%2520107-19.pdf&amp;source=gmail&amp;ust=1556284223230000&amp;usg=AFQjCNGAI2IV8V2pRzn-Dj-xvOI7Y4DIyw\">http:\/\/www.legistdf.gob.ar\/lp\/novedadesip\/Asuntos%20Entrados%202019\/As.%20N%BA%20107-19.pdf<\/a><\/p>\n<p>&nbsp;<\/p>\n<p>&nbsp;<\/p>\n","protected":false},"excerpt":{"rendered":"<p>Ushuaia, jueves 25 de abril de 2019.- Los Legisladores del bloque de la UCR \u2013 Cambiemos ingresaron el asunto N\u00b0 107\/19, proyecto de Ley que propone establecer el d\u00eda 12 de junio de cada a\u00f1o como el D\u00eda provincial de las Organizaciones No Gubernamentales (ONG). &nbsp; Seg\u00fan el legislador Pablo Blanco, impulsor del proyecto, \u201clas [&hellip;]<\/p>\n","protected":false},"author":352,"featured_media":13794,"comment_status":"closed","ping_status":"open","sticky":false,"template":"","format":"standard","meta":{"jetpack_post_was_ever_published":false,"_jetpack_newsletter_access":"","_jetpack_dont_email_post_to_subs":false,"_jetpack_newsletter_tier_id":0,"footnotes":"","jetpack_publicize_message":"","jetpack_publicize_feature_enabled":true,"jetpack_social_post_already_shared":true,"jetpack_social_options":{"image_generator_settings":{"template":"highway","enabled":false}}},"categories":[1],"tags":[1251,1250,1254,256,1249,82,1253,1252],"jetpack_publicize_connections":[],"jetpack_sharing_enabled":true,"jetpack_featured_media_url":"https:\/\/www.legistdf.gob.ar\/wp-content\/uploads\/2019\/04\/IMG_6785.jpg","jetpack-related-posts":[],"_links":{"self":[{"href":"https:\/\/www.legistdf.gob.ar\/index.php\/wp-json\/wp\/v2\/posts\/13812"}],"collection":[{"href":"https:\/\/www.legistdf.gob.ar\/index.php\/wp-json\/wp\/v2\/posts"}],"about":[{"href":"https:\/\/www.legistdf.gob.ar\/index.php\/wp-json\/wp\/v2\/types\/post"}],"author":[{"embeddable":true,"href":"https:\/\/www.legistdf.gob.ar\/index.php\/wp-json\/wp\/v2\/users\/352"}],"replies":[{"embeddable":true,"href":"https:\/\/www.legistdf.gob.ar\/index.php\/wp-json\/wp\/v2\/comments?post=13812"}],"version-history":[{"count":1,"href":"https:\/\/www.legistdf.gob.ar\/index.php\/wp-json\/wp\/v2\/posts\/13812\/revisions"}],"predecessor-version":[{"id":13819,"href":"https:\/\/www.legistdf.gob.ar\/index.php\/wp-json\/wp\/v2\/posts\/13812\/revisions\/13819"}],"wp:featuredmedia":[{"embeddable":true,"href":"https:\/\/www.legistdf.gob.ar\/index.php\/wp-json\/wp\/v2\/media\/13794"}],"wp:attachment":[{"href":"https:\/\/www.legistdf.gob.ar\/index.php\/wp-json\/wp\/v2\/media?parent=13812"}],"wp:term":[{"taxonomy":"category","embeddable":true,"href":"https:\/\/www.legistdf.gob.ar\/index.php\/wp-json\/wp\/v2\/categories?post=13812"},{"taxonomy":"post_tag","embeddable":true,"href":"https:\/\/www.legistdf.gob.ar\/index.php\/wp-json\/wp\/v2\/tags?post=13812"}],"curies":[{"name":"wp","href":"https:\/\/api.w.org\/{rel}","templated":true}]}}