{"id":13940,"date":"2019-04-28T18:40:41","date_gmt":"2019-04-28T21:40:41","guid":{"rendered":"http:\/\/www.legistdf.gob.ar\/?p=13940"},"modified":"2019-04-28T18:40:41","modified_gmt":"2019-04-28T21:40:41","slug":"ambiente-piden-detalles-sobre-los-guardaparques-fueguinos","status":"publish","type":"post","link":"https:\/\/www.legistdf.gob.ar\/index.php\/2019\/04\/28\/ambiente-piden-detalles-sobre-los-guardaparques-fueguinos\/","title":{"rendered":"AMBIENTE: Piden detalles sobre los guardaparques fueguinos"},"content":{"rendered":"<p><strong>R\u00edo Grande, domingo 28 de abril de 2019.- <a href=\"http:\/\/www.legistdf.gob.ar\/lp\/novedadesip\/Asuntos%20Entrados%202017\/As.%20N%BA%20212-17.pdf\">El asunto 212<\/a>\u00a0de 2017, en an\u00e1lisis parlamentario, propone la creaci\u00f3n de la creaci\u00f3n de un cuerpo de guardaparques y desde el bloque del FPV \u2013 PJ pidieron -en la \u00faltima sesi\u00f3n- conocer c\u00f3mo se compone en la actualidad la situaci\u00f3n de esa \u00e1rea. Entienden que, en el marco de ese debate, es necesario conocer \u201cel estado actual en que se encuentran aquellos agentes que cumplen funciones en los diferentes puntos de nuestra Provincia\u201d.<\/strong><\/p>\n<p>&nbsp;<\/p>\n<p>Entre los detalles que piden, se encuentran saber la cantidad de guardaparques son los que cuenta Tierra del Fuego; que situaci\u00f3n de revista se presenta; el numero promedio por \u00e1reas protegidas; la capacidad t\u00e9cnica con la que cuenta el personal y se determine el promedio de agentes que son necesarios para cada \u00e1rea.<\/p>\n<p>&nbsp;<\/p>\n<p>En el proyecto de Ley de creaci\u00f3n del cuerpo, desde el FPV \u2013 PJ, recuerdan que ese tipo de profesional \u201ces la persona implicada en la protecci\u00f3n pr\u00e1ctica y preservaci\u00f3n de todos los aspectos tanto en \u00e1reas silvestres como \u00e1reas naturales protegidas, sitios hist\u00f3ricos y culturales, etc. representando un elemento integrador entre las comunidades locales, las \u00e1reas protegidas y la administraci\u00f3n del \u00e1rea.\u201d<\/p>\n<p>&nbsp;<\/p>\n<p>En otro p\u00e1rrafo de la iniciativa, consideran que se trata de agentes \u201cindispensables\u201d para la gesti\u00f3n de todas las \u00e1reas creadas a partir de la <a href=\"http:\/\/200.41.191.126:8080\/infoley\/index.php\/770-ecologia-sistema-provincial-de-areas-naturales-protegidas-creacion\">Ley provincial N\u00b0 272<\/a>.<\/p>\n<p>&nbsp;<\/p>\n<p>\u201cSu presencia garantiza efectividad en la protecci\u00f3n del medio ambiente, articulando entre las pol\u00edticas p\u00fablicas y las comunidades locales donde operan\u201d.<\/p>\n<p>&nbsp;<\/p>\n<p><a href=\"http:\/\/www.legistdf.gob.ar\/lp\/novedadesip\/Asuntos%20Entrados%202019\/As.%20N%BA%20112-19.pdf\">M\u00e1s informaci\u00f3n<\/a><\/p>\n<p style=\"text-align: right\"><em>AT. Fotograf\u00eda gentileza\u00a0<\/em><\/p>\n<p>&nbsp;<\/p>\n","protected":false},"excerpt":{"rendered":"<p>R\u00edo Grande, domingo 28 de abril de 2019.- El asunto 212\u00a0de 2017, en an\u00e1lisis parlamentario, propone la creaci\u00f3n de la creaci\u00f3n de un cuerpo de guardaparques y desde el bloque del FPV \u2013 PJ pidieron -en la \u00faltima sesi\u00f3n- conocer c\u00f3mo se compone en la actualidad la situaci\u00f3n de esa \u00e1rea. Entienden que, en el [&hellip;]<\/p>\n","protected":false},"author":352,"featured_media":13941,"comment_status":"closed","ping_status":"open","sticky":false,"template":"","format":"standard","meta":{"jetpack_post_was_ever_published":false,"_jetpack_newsletter_access":"","_jetpack_dont_email_post_to_subs":false,"_jetpack_newsletter_tier_id":0,"footnotes":"","jetpack_publicize_message":"","jetpack_publicize_feature_enabled":true,"jetpack_social_post_already_shared":true,"jetpack_social_options":{"image_generator_settings":{"template":"highway","enabled":false}}},"categories":[1],"tags":[433,1273,117,79],"jetpack_publicize_connections":[],"jetpack_sharing_enabled":true,"jetpack_featured_media_url":"https:\/\/www.legistdf.gob.ar\/wp-content\/uploads\/2019\/04\/images.jpg","jetpack-related-posts":[],"_links":{"self":[{"href":"https:\/\/www.legistdf.gob.ar\/index.php\/wp-json\/wp\/v2\/posts\/13940"}],"collection":[{"href":"https:\/\/www.legistdf.gob.ar\/index.php\/wp-json\/wp\/v2\/posts"}],"about":[{"href":"https:\/\/www.legistdf.gob.ar\/index.php\/wp-json\/wp\/v2\/types\/post"}],"author":[{"embeddable":true,"href":"https:\/\/www.legistdf.gob.ar\/index.php\/wp-json\/wp\/v2\/users\/352"}],"replies":[{"embeddable":true,"href":"https:\/\/www.legistdf.gob.ar\/index.php\/wp-json\/wp\/v2\/comments?post=13940"}],"version-history":[{"count":2,"href":"https:\/\/www.legistdf.gob.ar\/index.php\/wp-json\/wp\/v2\/posts\/13940\/revisions"}],"predecessor-version":[{"id":13943,"href":"https:\/\/www.legistdf.gob.ar\/index.php\/wp-json\/wp\/v2\/posts\/13940\/revisions\/13943"}],"wp:featuredmedia":[{"embeddable":true,"href":"https:\/\/www.legistdf.gob.ar\/index.php\/wp-json\/wp\/v2\/media\/13941"}],"wp:attachment":[{"href":"https:\/\/www.legistdf.gob.ar\/index.php\/wp-json\/wp\/v2\/media?parent=13940"}],"wp:term":[{"taxonomy":"category","embeddable":true,"href":"https:\/\/www.legistdf.gob.ar\/index.php\/wp-json\/wp\/v2\/categories?post=13940"},{"taxonomy":"post_tag","embeddable":true,"href":"https:\/\/www.legistdf.gob.ar\/index.php\/wp-json\/wp\/v2\/tags?post=13940"}],"curies":[{"name":"wp","href":"https:\/\/api.w.org\/{rel}","templated":true}]}}