{"id":13944,"date":"2019-04-28T18:49:41","date_gmt":"2019-04-28T21:49:41","guid":{"rendered":"http:\/\/www.legistdf.gob.ar\/?p=13944"},"modified":"2019-04-28T18:49:41","modified_gmt":"2019-04-28T21:49:41","slug":"sesion-urquiza-dijo-que-no-hubo-proyectos-de-ley-para-tratar","status":"publish","type":"post","link":"https:\/\/www.legistdf.gob.ar\/index.php\/2019\/04\/28\/sesion-urquiza-dijo-que-no-hubo-proyectos-de-ley-para-tratar\/","title":{"rendered":"SESI\u00d3N:\u00a0Urquiza dijo que no hubo proyectos de ley para tratar"},"content":{"rendered":"<p>&nbsp;<\/p>\n<p><strong>Ushuaia, domingo 28 de abril de 2019.-\u00a0La presidenta del bloque del Movimiento Popular Fueguino (MPF), legisladora M\u00f3nica Urquiza, se refiri\u00f3 a la segunda sesi\u00f3n ordinaria del a\u00f1o y expres\u00f3 que \u201cno hubo muchos asuntos que tratar, en cuanto a proyectos de Ley. Esperamos prontamente, el trabajo en Comisi\u00f3n ya que hay muchos asuntos que esperan su tratamiento\u201d. Cabe se\u00f1alar, que el encuentro legislativo se llev\u00f3 adelante el \u00faltimo jueves.<\/strong><\/p>\n<p><strong>\u00a0<\/strong><\/p>\n<p>En este sentido, la Parlamentaria record\u00f3 que \u201cexisten proyectos presentados desde nuestro bloque, como es la adhesi\u00f3n a la Ley nacional de electrodependientes. Una Ley muy importante para ciudadanos de nuestra Provincia que tienen problemas de salud y dependen de un aparato conectado a la energ\u00eda el\u00e9ctrica. Vamos a seguir insistiendo para su tratamiento y su aprobaci\u00f3n\u201d, remarc\u00f3 Urquiza.<\/p>\n<p>&nbsp;<\/p>\n<p>Adem\u00e1s, mencion\u00f3 otro proyecto presentado por el bloque del MPF y que a\u00fan, no fue tratado, que es la creaci\u00f3n del Programa de Inserci\u00f3n Laboral (PIL). \u201cEl proyecto, est\u00e1 relacionado con la falta de empleo que existe en la Provincia. Lo hemos presentando hace tres a\u00f1os; el mismo consiste en un plan de entrenamiento laboral en el \u00e1mbito privado que es tan necesario\u201d. De este modo, resalt\u00f3 que \u201cel oficialismo presenta un proyecto de Ley sobre tablas para declarar la emergencia en el \u00e1mbito comercial, y no abarca precisamente todas las necesidades existentes\u201d.<\/p>\n<p>&nbsp;<\/p>\n<p>Asimismo, manifest\u00f3 que \u201cuno de los temas es el impuesto a los ingresos brutos. El comercio paga una al\u00edcuota adicional del 1% que est\u00e1 establecido en la Ley N\u00ba 907 que es una modificaci\u00f3n a la norma impositiva. Es decir, estos recursos son de afectaci\u00f3n espec\u00edfica para educaci\u00f3n y salud. Y esta gesti\u00f3n de gobierno, durante el ejercicio 2.018, no utiliz\u00f3 1.254 millones de pesos recaudados por esta al\u00edcuota adicional y a partir del 1 de enero de 2019, son de libre disponibilidad, es decir dinero que tienen para utilizar en otros gastos que no sean salud y educaci\u00f3n\u201d.<\/p>\n<p>&nbsp;<\/p>\n<p>Por \u00faltimo, Urquiza coment\u00f3 que el bloque oficialista se neg\u00f3 a aprobar un proyecto de resoluci\u00f3n. \u201cSolicit\u00e1bamos al Poder Ejecutivo que intime al Ministerio de Educaci\u00f3n resolver un problema tan importante como es la cuesti\u00f3n t\u00e9cnica de los vidrios de la colegio\u00a0Kay\u00fa Ch\u00e9n\u00e8n de Ushuaia, donde ya hemos tenido un accidente con uno de los alumnos que asiste. La verdad es que son accidentes evitables\u201d y agreg\u00f3 que \u201cel Ministro Jefe de Gabinete provincial, dispone de 40 millones de pesos en un fondo permanente para pagar a discrecionalidad publicidad y no pueden cambiar los vidrios de la escuela\u201d, concluy\u00f3.<\/p>\n<p>&nbsp;<\/p>\n\n\t\t<style type=\"text\/css\">\n\t\t\t#gallery-1 {\n\t\t\t\tmargin: auto;\n\t\t\t}\n\t\t\t#gallery-1 .gallery-item {\n\t\t\t\tfloat: left;\n\t\t\t\tmargin-top: 10px;\n\t\t\t\ttext-align: center;\n\t\t\t\twidth: 100%;\n\t\t\t}\n\t\t\t#gallery-1 img {\n\t\t\t\tborder: 2px solid #cfcfcf;\n\t\t\t}\n\t\t\t#gallery-1 .gallery-caption {\n\t\t\t\tmargin-left: 0;\n\t\t\t}\n\t\t\t\/* see gallery_shortcode() in wp-includes\/media.php *\/\n\t\t<\/style>\n\t\t<div data-carousel-extra='{\"blog_id\":1,\"permalink\":\"https:\\\/\\\/www.legistdf.gob.ar\\\/index.php\\\/2019\\\/04\\\/28\\\/sesion-urquiza-dijo-que-no-hubo-proyectos-de-ley-para-tratar\\\/\"}' id='gallery-1' class='gallery galleryid-13944 gallery-columns-1 gallery-size-thumbnail'><dl class='gallery-item'>\n\t\t\t<dt class='gallery-icon landscape'>\n\t\t\t\t<a href='https:\/\/www.legistdf.gob.ar\/index.php\/2019\/04\/25\/sesion-fotos-segunda-sesion-ordinaria\/img_6825\/'><img loading=\"lazy\" decoding=\"async\" width=\"150\" height=\"150\" src=\"https:\/\/www.legistdf.gob.ar\/wp-content\/uploads\/2019\/04\/IMG_6825-150x150.jpg\" class=\"attachment-thumbnail size-thumbnail\" alt=\"\" srcset=\"https:\/\/www.legistdf.gob.ar\/wp-content\/uploads\/2019\/04\/IMG_6825-150x150.jpg 150w, https:\/\/www.legistdf.gob.ar\/wp-content\/uploads\/2019\/04\/IMG_6825-64x64.jpg 64w\" sizes=\"(max-width: 150px) 100vw, 150px\" data-attachment-id=\"13825\" data-permalink=\"https:\/\/www.legistdf.gob.ar\/index.php\/2019\/04\/25\/sesion-fotos-segunda-sesion-ordinaria\/img_6825\/\" data-orig-file=\"https:\/\/www.legistdf.gob.ar\/wp-content\/uploads\/2019\/04\/IMG_6825.jpg\" data-orig-size=\"1000,667\" data-comments-opened=\"0\" data-image-meta=\"{&quot;aperture&quot;:&quot;6.3&quot;,&quot;credit&quot;:&quot;PrensaLegislativa2015&quot;,&quot;camera&quot;:&quot;Canon EOS 70D&quot;,&quot;caption&quot;:&quot;&quot;,&quot;created_timestamp&quot;:&quot;1556175917&quot;,&quot;copyright&quot;:&quot;&quot;,&quot;focal_length&quot;:&quot;55&quot;,&quot;iso&quot;:&quot;1250&quot;,&quot;shutter_speed&quot;:&quot;0.016666666666667&quot;,&quot;title&quot;:&quot;&quot;,&quot;orientation&quot;:&quot;1&quot;}\" data-image-title=\"IMG_6825\" data-image-description=\"\" data-image-caption=\"\" data-medium-file=\"https:\/\/www.legistdf.gob.ar\/wp-content\/uploads\/2019\/04\/IMG_6825-300x200.jpg\" data-large-file=\"https:\/\/www.legistdf.gob.ar\/wp-content\/uploads\/2019\/04\/IMG_6825.jpg\" \/><\/a>\n\t\t\t<\/dt><\/dl><br style=\"clear: both\" \/>\n\t\t<\/div>\n\n","protected":false},"excerpt":{"rendered":"<p>&nbsp; Ushuaia, domingo 28 de abril de 2019.-\u00a0La presidenta del bloque del Movimiento Popular Fueguino (MPF), legisladora M\u00f3nica Urquiza, se refiri\u00f3 a la segunda sesi\u00f3n ordinaria del a\u00f1o y expres\u00f3 que \u201cno hubo muchos asuntos que tratar, en cuanto a proyectos de Ley. Esperamos prontamente, el trabajo en Comisi\u00f3n ya que hay muchos asuntos que [&hellip;]<\/p>\n","protected":false},"author":352,"featured_media":13825,"comment_status":"closed","ping_status":"open","sticky":false,"template":"","format":"standard","meta":{"jetpack_post_was_ever_published":false,"_jetpack_newsletter_access":"","_jetpack_dont_email_post_to_subs":false,"_jetpack_newsletter_tier_id":0,"footnotes":"","jetpack_publicize_message":"","jetpack_publicize_feature_enabled":true,"jetpack_social_post_already_shared":true,"jetpack_social_options":{"image_generator_settings":{"template":"highway","enabled":false}}},"categories":[1],"tags":[80,1274,1275,1277,1276,665,279,1278,144,113,1105,549,48,87],"jetpack_publicize_connections":[],"jetpack_sharing_enabled":true,"jetpack_featured_media_url":"https:\/\/www.legistdf.gob.ar\/wp-content\/uploads\/2019\/04\/IMG_6825.jpg","jetpack-related-posts":[],"_links":{"self":[{"href":"https:\/\/www.legistdf.gob.ar\/index.php\/wp-json\/wp\/v2\/posts\/13944"}],"collection":[{"href":"https:\/\/www.legistdf.gob.ar\/index.php\/wp-json\/wp\/v2\/posts"}],"about":[{"href":"https:\/\/www.legistdf.gob.ar\/index.php\/wp-json\/wp\/v2\/types\/post"}],"author":[{"embeddable":true,"href":"https:\/\/www.legistdf.gob.ar\/index.php\/wp-json\/wp\/v2\/users\/352"}],"replies":[{"embeddable":true,"href":"https:\/\/www.legistdf.gob.ar\/index.php\/wp-json\/wp\/v2\/comments?post=13944"}],"version-history":[{"count":1,"href":"https:\/\/www.legistdf.gob.ar\/index.php\/wp-json\/wp\/v2\/posts\/13944\/revisions"}],"predecessor-version":[{"id":13945,"href":"https:\/\/www.legistdf.gob.ar\/index.php\/wp-json\/wp\/v2\/posts\/13944\/revisions\/13945"}],"wp:featuredmedia":[{"embeddable":true,"href":"https:\/\/www.legistdf.gob.ar\/index.php\/wp-json\/wp\/v2\/media\/13825"}],"wp:attachment":[{"href":"https:\/\/www.legistdf.gob.ar\/index.php\/wp-json\/wp\/v2\/media?parent=13944"}],"wp:term":[{"taxonomy":"category","embeddable":true,"href":"https:\/\/www.legistdf.gob.ar\/index.php\/wp-json\/wp\/v2\/categories?post=13944"},{"taxonomy":"post_tag","embeddable":true,"href":"https:\/\/www.legistdf.gob.ar\/index.php\/wp-json\/wp\/v2\/tags?post=13944"}],"curies":[{"name":"wp","href":"https:\/\/api.w.org\/{rel}","templated":true}]}}