{"id":14187,"date":"2019-05-07T13:50:22","date_gmt":"2019-05-07T16:50:22","guid":{"rendered":"http:\/\/www.legistdf.gob.ar\/?p=14187"},"modified":"2019-05-07T09:51:44","modified_gmt":"2019-05-07T12:51:44","slug":"cultura-el-ballet-karyen-keyuk-participara-de-esperando-el-25","status":"publish","type":"post","link":"https:\/\/www.legistdf.gob.ar\/index.php\/2019\/05\/07\/cultura-el-ballet-karyen-keyuk-participara-de-esperando-el-25\/","title":{"rendered":"CULTURA: El Ballet Kary\u00e9n Keyuk participar\u00e1 de Esperando el 25"},"content":{"rendered":"<p><strong>Ushuaia, martes 7 de mayo de 2019.- El profesor Javier Vidal, director Art\u00edstico del Ballet Kary\u00e9n Keyuk de R\u00edo Grande, visit\u00f3 al titular del Parlamento fueguino, Juan Carlos Arcando, y le cont\u00f3 sobre el proyecto institucional del elenco para este a\u00f1o 2019. \u201cLe cont\u00e9 de los viajes que hicimos en el mes de febrero con nuestro ballet Kary\u00e9n Keyuk a Cerro Sombrero, en la Comuna de Primavera (Chile), en la tradicional Fiesta del Ovejero\u201d.<\/strong><\/p>\n<p>&nbsp;<\/p>\n<p>El Kary\u00e9n Keyuk \u201cse presenta para participar de la llegada de la fecha patria \u2018Esperando el 25\u2019 en el Club San Mart\u00edn; ser\u00e1 el 24 de mayo a la noche como es tradicional\u201d, cont\u00f3.<\/p>\n<p>&nbsp;<\/p>\n<p>Este ballet ya cumpli\u00f3 12 a\u00f1os de trayectoria, \u201cy este a\u00f1o volvemos a incorporar ni\u00f1os como lo hac\u00edamos a\u00f1os anteriores, muchos de los chicos de entonces hoy ya son adultos. Kary\u00e9n Keyuk ya ha participado tres veces del Festival Latinoamericano\u00a0 Encuentro del Canto y la Danza Folkl\u00f3rica, en Paso de la Patria, Corrientes; tambi\u00e9n fuimos parte de la delegaci\u00f3n que convoc\u00f3 el Vicegobernador a Cosqu\u00edn donde dos parejas de nuestro ballet fueron parte de la gran coreograf\u00eda que se prepar\u00f3 para representar a Tierra del Fuego\u201d, concluy\u00f3.<\/p>\n<p>&nbsp;<\/p>\n<p style=\"text-align: right\"><em>Gentileza<\/em><\/p>\n\n\t\t<style type=\"text\/css\">\n\t\t\t#gallery-1 {\n\t\t\t\tmargin: auto;\n\t\t\t}\n\t\t\t#gallery-1 .gallery-item {\n\t\t\t\tfloat: left;\n\t\t\t\tmargin-top: 10px;\n\t\t\t\ttext-align: center;\n\t\t\t\twidth: 50%;\n\t\t\t}\n\t\t\t#gallery-1 img {\n\t\t\t\tborder: 2px solid #cfcfcf;\n\t\t\t}\n\t\t\t#gallery-1 .gallery-caption {\n\t\t\t\tmargin-left: 0;\n\t\t\t}\n\t\t\t\/* see gallery_shortcode() in wp-includes\/media.php *\/\n\t\t<\/style>\n\t\t<div data-carousel-extra='{\"blog_id\":1,\"permalink\":\"https:\\\/\\\/www.legistdf.gob.ar\\\/index.php\\\/2019\\\/05\\\/07\\\/cultura-el-ballet-karyen-keyuk-participara-de-esperando-el-25\\\/\"}' id='gallery-1' class='gallery galleryid-14187 gallery-columns-2 gallery-size-thumbnail'><dl class='gallery-item'>\n\t\t\t<dt class='gallery-icon landscape'>\n\t\t\t\t<a href='https:\/\/www.legistdf.gob.ar\/index.php\/2019\/05\/07\/cultura-el-ballet-karyen-keyuk-participara-de-esperando-el-25\/whatsapp-image-2019-05-06-at-22-19-54\/'><img loading=\"lazy\" decoding=\"async\" width=\"150\" height=\"150\" src=\"https:\/\/www.legistdf.gob.ar\/wp-content\/uploads\/2019\/05\/WhatsApp-Image-2019-05-06-at-22.19.54-150x150.jpeg\" class=\"attachment-thumbnail size-thumbnail\" alt=\"\" srcset=\"https:\/\/www.legistdf.gob.ar\/wp-content\/uploads\/2019\/05\/WhatsApp-Image-2019-05-06-at-22.19.54-150x150.jpeg 150w, https:\/\/www.legistdf.gob.ar\/wp-content\/uploads\/2019\/05\/WhatsApp-Image-2019-05-06-at-22.19.54-64x64.jpeg 64w\" sizes=\"(max-width: 150px) 100vw, 150px\" data-attachment-id=\"14188\" data-permalink=\"https:\/\/www.legistdf.gob.ar\/index.php\/2019\/05\/07\/cultura-el-ballet-karyen-keyuk-participara-de-esperando-el-25\/whatsapp-image-2019-05-06-at-22-19-54\/\" data-orig-file=\"https:\/\/www.legistdf.gob.ar\/wp-content\/uploads\/2019\/05\/WhatsApp-Image-2019-05-06-at-22.19.54.jpeg\" data-orig-size=\"1072,712\" data-comments-opened=\"0\" data-image-meta=\"{&quot;aperture&quot;:&quot;0&quot;,&quot;credit&quot;:&quot;&quot;,&quot;camera&quot;:&quot;&quot;,&quot;caption&quot;:&quot;&quot;,&quot;created_timestamp&quot;:&quot;0&quot;,&quot;copyright&quot;:&quot;&quot;,&quot;focal_length&quot;:&quot;0&quot;,&quot;iso&quot;:&quot;0&quot;,&quot;shutter_speed&quot;:&quot;0&quot;,&quot;title&quot;:&quot;&quot;,&quot;orientation&quot;:&quot;0&quot;}\" data-image-title=\"WhatsApp Image 2019-05-06 at 22.19.54\" data-image-description=\"\" data-image-caption=\"\" data-medium-file=\"https:\/\/www.legistdf.gob.ar\/wp-content\/uploads\/2019\/05\/WhatsApp-Image-2019-05-06-at-22.19.54-300x199.jpeg\" data-large-file=\"https:\/\/www.legistdf.gob.ar\/wp-content\/uploads\/2019\/05\/WhatsApp-Image-2019-05-06-at-22.19.54-1024x680.jpeg\" \/><\/a>\n\t\t\t<\/dt><\/dl><dl class='gallery-item'>\n\t\t\t<dt class='gallery-icon landscape'>\n\t\t\t\t<a href='https:\/\/www.legistdf.gob.ar\/index.php\/2019\/05\/07\/cultura-el-ballet-karyen-keyuk-participara-de-esperando-el-25\/whatsapp-image-2019-05-06-at-22-19-53\/'><img loading=\"lazy\" decoding=\"async\" width=\"150\" height=\"150\" src=\"https:\/\/www.legistdf.gob.ar\/wp-content\/uploads\/2019\/05\/WhatsApp-Image-2019-05-06-at-22.19.53-150x150.jpeg\" class=\"attachment-thumbnail size-thumbnail\" alt=\"\" srcset=\"https:\/\/www.legistdf.gob.ar\/wp-content\/uploads\/2019\/05\/WhatsApp-Image-2019-05-06-at-22.19.53-150x150.jpeg 150w, https:\/\/www.legistdf.gob.ar\/wp-content\/uploads\/2019\/05\/WhatsApp-Image-2019-05-06-at-22.19.53-64x64.jpeg 64w\" sizes=\"(max-width: 150px) 100vw, 150px\" data-attachment-id=\"14189\" data-permalink=\"https:\/\/www.legistdf.gob.ar\/index.php\/2019\/05\/07\/cultura-el-ballet-karyen-keyuk-participara-de-esperando-el-25\/whatsapp-image-2019-05-06-at-22-19-53\/\" data-orig-file=\"https:\/\/www.legistdf.gob.ar\/wp-content\/uploads\/2019\/05\/WhatsApp-Image-2019-05-06-at-22.19.53.jpeg\" data-orig-size=\"1280,850\" data-comments-opened=\"0\" data-image-meta=\"{&quot;aperture&quot;:&quot;0&quot;,&quot;credit&quot;:&quot;&quot;,&quot;camera&quot;:&quot;&quot;,&quot;caption&quot;:&quot;&quot;,&quot;created_timestamp&quot;:&quot;0&quot;,&quot;copyright&quot;:&quot;&quot;,&quot;focal_length&quot;:&quot;0&quot;,&quot;iso&quot;:&quot;0&quot;,&quot;shutter_speed&quot;:&quot;0&quot;,&quot;title&quot;:&quot;&quot;,&quot;orientation&quot;:&quot;0&quot;}\" data-image-title=\"WhatsApp Image 2019-05-06 at 22.19.53\" data-image-description=\"\" data-image-caption=\"\" data-medium-file=\"https:\/\/www.legistdf.gob.ar\/wp-content\/uploads\/2019\/05\/WhatsApp-Image-2019-05-06-at-22.19.53-300x199.jpeg\" data-large-file=\"https:\/\/www.legistdf.gob.ar\/wp-content\/uploads\/2019\/05\/WhatsApp-Image-2019-05-06-at-22.19.53-1024x680.jpeg\" \/><\/a>\n\t\t\t<\/dt><\/dl><br style=\"clear: both\" \/>\n\t\t<\/div>\n\n","protected":false},"excerpt":{"rendered":"<p>Ushuaia, martes 7 de mayo de 2019.- El profesor Javier Vidal, director Art\u00edstico del Ballet Kary\u00e9n Keyuk de R\u00edo Grande, visit\u00f3 al titular del Parlamento fueguino, Juan Carlos Arcando, y le cont\u00f3 sobre el proyecto institucional del elenco para este a\u00f1o 2019. \u201cLe cont\u00e9 de los viajes que hicimos en el mes de febrero con [&hellip;]<\/p>\n","protected":false},"author":352,"featured_media":14188,"comment_status":"closed","ping_status":"open","sticky":false,"template":"","format":"standard","meta":{"jetpack_post_was_ever_published":false,"_jetpack_newsletter_access":"","_jetpack_dont_email_post_to_subs":false,"_jetpack_newsletter_tier_id":0,"footnotes":"","jetpack_publicize_message":"","jetpack_publicize_feature_enabled":true,"jetpack_social_post_already_shared":true,"jetpack_social_options":{"image_generator_settings":{"template":"highway","enabled":false}}},"categories":[1],"tags":[47,97,96,79],"jetpack_publicize_connections":[],"jetpack_sharing_enabled":true,"jetpack_featured_media_url":"https:\/\/www.legistdf.gob.ar\/wp-content\/uploads\/2019\/05\/WhatsApp-Image-2019-05-06-at-22.19.54.jpeg","jetpack-related-posts":[],"_links":{"self":[{"href":"https:\/\/www.legistdf.gob.ar\/index.php\/wp-json\/wp\/v2\/posts\/14187"}],"collection":[{"href":"https:\/\/www.legistdf.gob.ar\/index.php\/wp-json\/wp\/v2\/posts"}],"about":[{"href":"https:\/\/www.legistdf.gob.ar\/index.php\/wp-json\/wp\/v2\/types\/post"}],"author":[{"embeddable":true,"href":"https:\/\/www.legistdf.gob.ar\/index.php\/wp-json\/wp\/v2\/users\/352"}],"replies":[{"embeddable":true,"href":"https:\/\/www.legistdf.gob.ar\/index.php\/wp-json\/wp\/v2\/comments?post=14187"}],"version-history":[{"count":1,"href":"https:\/\/www.legistdf.gob.ar\/index.php\/wp-json\/wp\/v2\/posts\/14187\/revisions"}],"predecessor-version":[{"id":14190,"href":"https:\/\/www.legistdf.gob.ar\/index.php\/wp-json\/wp\/v2\/posts\/14187\/revisions\/14190"}],"wp:featuredmedia":[{"embeddable":true,"href":"https:\/\/www.legistdf.gob.ar\/index.php\/wp-json\/wp\/v2\/media\/14188"}],"wp:attachment":[{"href":"https:\/\/www.legistdf.gob.ar\/index.php\/wp-json\/wp\/v2\/media?parent=14187"}],"wp:term":[{"taxonomy":"category","embeddable":true,"href":"https:\/\/www.legistdf.gob.ar\/index.php\/wp-json\/wp\/v2\/categories?post=14187"},{"taxonomy":"post_tag","embeddable":true,"href":"https:\/\/www.legistdf.gob.ar\/index.php\/wp-json\/wp\/v2\/tags?post=14187"}],"curies":[{"name":"wp","href":"https:\/\/api.w.org\/{rel}","templated":true}]}}