{"id":14495,"date":"2019-05-15T18:56:36","date_gmt":"2019-05-15T21:56:36","guid":{"rendered":"http:\/\/www.legistdf.gob.ar\/?p=14495"},"modified":"2019-05-16T12:10:08","modified_gmt":"2019-05-16T15:10:08","slug":"salud-parlamentarios-abordaron-problematica-de-discapacidad","status":"publish","type":"post","link":"https:\/\/www.legistdf.gob.ar\/index.php\/2019\/05\/15\/salud-parlamentarios-abordaron-problematica-de-discapacidad\/","title":{"rendered":"SALUD: Parlamentarios abordaron problem\u00e1tica de discapacidad"},"content":{"rendered":"<p><strong>Ushuaia, mi\u00e9rcoles 15 de mayo de 2019.- La Comisi\u00f3n de Salud P\u00fablica (5) recibi\u00f3 a integrantes del \u00e1rea de discapacidad de la Central de Trabajadores de la Argentina (CTA) Aut\u00f3noma; a integrantes del Observatorio de los derechos de las personas con discapacidad y a representantes de la Asociaci\u00f3n S\u00edndrome de Down Ushuaia (ASDU). El encuentro fue presidido por la legisladora Liliana Mart\u00ednez Allende (UCR \u2013 Cambiemos). All\u00ed, los referentes de tema solicitaron la reglamentaci\u00f3n la Ley provincial N\u00b0 1269 (programa provincial de financiamiento m\u00e9dico \u2013 asistencial de pensiones especiales &#8211; R\u00e9gimen \u00danico de Pensiones Especiales RUPE).<\/strong><\/p>\n<p>&nbsp;<\/p>\n<p>Luego de la reuni\u00f3n, la Presidenta de la Comisi\u00f3n dijo que \u201ca pedido de la CTA convocamos este encuentro para poder escuchar, desde la Comisi\u00f3n, los planteos que ten\u00edan para hacernos. Se trat\u00f3 de una reuni\u00f3n larga con muchos reclamos, seguramente hubo algunas organizaciones que nos falt\u00f3 invitar, pero lo haremos en los pr\u00f3ximos encuentros\u201d, asegur\u00f3 la Parlamentaria a Prensa Legislativa.<\/p>\n<p>&nbsp;<\/p>\n<p>\u201cLa semana pr\u00f3xima nos vamos a reunir con el Secretario de Coordinaci\u00f3n de Pol\u00edticas para Personas con Discapacidad; con fiscalizaci\u00f3n sanitaria, porque hay inconvenientes con respecto a las combis; con el salario; con los profesionales; los certificados m\u00e9dicos obligatorios; temas de educaci\u00f3n, entre otros asuntos. La idea es abordar las problem\u00e1ticas planteadas hoy y trabajarlas en lo inmediato\u201d, confirm\u00f3 Mart\u00ednez Allende.<\/p>\n<p>&nbsp;<\/p>\n<p>En ese sentido, adelant\u00f3 que \u201cdesde las organizaciones est\u00e1n dispuestos a realizar el pedido concreto, para que la Comisi\u00f3n de Educaci\u00f3n tambi\u00e9n los reciba y puedan abordar temas pendientes de resoluci\u00f3n, por esto trataremos de trabajar en conjunto en ambas Comisiones\u201d.<\/p>\n<p>&nbsp;<\/p>\n<p>Por \u00faltimo, la referente radical se refiri\u00f3 al pedido de reglamentaci\u00f3n de la Ley provincial N\u00b0 1269 (programa provincial de financiamiento m\u00e9dico \u2013 asistencial de pensiones especiales &#8211; R\u00e9gimen \u00danico de Pensiones Especiales RUPE), que destina fondos para la asistencia de personas con discapacidad. \u201cEste fue un proyecto planteado por el legislador Ricardo Furlan, que aprobamos en diciembre pasado\u201d, record\u00f3.<\/p>\n<p>&nbsp;<\/p>\n<p>\u201cUn porcentaje de lo recaudado por el Instituto Provincial de Regulaci\u00f3n de Apuestas (IPRA) es destinado a la atenci\u00f3n de pacientes que cuentan con necesidades espec\u00edficas de profesionales de la salud que no se encuentran en la Provincia; para poder capacitarlos y esto es muy bueno que se pueda poner en pr\u00e1ctica. Lamentamos que esto aun no se haya reglamentado, pero la legisladora Marcela G\u00f3mez se comprometi\u00f3 a gestionar con el Ejecutivo, para que podamos contar con esta Ley y estos fondos, que son de una cuenta espec\u00edfica\u201d, cerr\u00f3 Liliana Mart\u00ednez Allende.<\/p>\n<p>&nbsp;<\/p>\n<p>Del encuentro participaron los legisladores M\u00f3nica Urquiza y Cristina Boyadjian (MPF), Marcela G\u00f3mez y Ricardo Romano (FPV \u2013 PJ) y Pablo Blanco (UCR \u2013 Cambiemos). Tambi\u00e9n, Diana Rom\u00e1n, Mar\u00eda Jos\u00e9 Pazos y Patricia Candia, de la comisi\u00f3n de discapacidad de la CTA; Guadalupe Carrera Guzm\u00e1n del Observatorio de los derechos de las personas con discapacidad y Alejandro Aguirre, de la Asociaci\u00f3n S\u00edndrome de Down Ushuaia (ASDU).<\/p>\n<p>[youtube https:\/\/www.youtube.com\/watch?v=37aX3aRpBSM?rel=0&amp;w=853&amp;h=480]<\/p>\n<p>&nbsp;<\/p>\n\n\t\t<style type=\"text\/css\">\n\t\t\t#gallery-1 {\n\t\t\t\tmargin: auto;\n\t\t\t}\n\t\t\t#gallery-1 .gallery-item {\n\t\t\t\tfloat: left;\n\t\t\t\tmargin-top: 10px;\n\t\t\t\ttext-align: center;\n\t\t\t\twidth: 33%;\n\t\t\t}\n\t\t\t#gallery-1 img {\n\t\t\t\tborder: 2px solid #cfcfcf;\n\t\t\t}\n\t\t\t#gallery-1 .gallery-caption {\n\t\t\t\tmargin-left: 0;\n\t\t\t}\n\t\t\t\/* see gallery_shortcode() in wp-includes\/media.php *\/\n\t\t<\/style>\n\t\t<div data-carousel-extra='{\"blog_id\":1,\"permalink\":\"https:\\\/\\\/www.legistdf.gob.ar\\\/index.php\\\/2019\\\/05\\\/15\\\/salud-parlamentarios-abordaron-problematica-de-discapacidad\\\/\"}' id='gallery-1' class='gallery galleryid-14495 gallery-columns-3 gallery-size-thumbnail'><dl class='gallery-item'>\n\t\t\t<dt class='gallery-icon landscape'>\n\t\t\t\t<a href='https:\/\/www.legistdf.gob.ar\/index.php\/2019\/05\/15\/salud-parlamentarios-abordaron-problematica-de-discapacidad\/img_7374\/'><img loading=\"lazy\" decoding=\"async\" width=\"150\" height=\"150\" src=\"https:\/\/www.legistdf.gob.ar\/wp-content\/uploads\/2019\/05\/IMG_7374-150x150.jpg\" class=\"attachment-thumbnail size-thumbnail\" alt=\"\" srcset=\"https:\/\/www.legistdf.gob.ar\/wp-content\/uploads\/2019\/05\/IMG_7374-150x150.jpg 150w, https:\/\/www.legistdf.gob.ar\/wp-content\/uploads\/2019\/05\/IMG_7374-64x64.jpg 64w\" sizes=\"(max-width: 150px) 100vw, 150px\" data-attachment-id=\"14496\" data-permalink=\"https:\/\/www.legistdf.gob.ar\/index.php\/2019\/05\/15\/salud-parlamentarios-abordaron-problematica-de-discapacidad\/img_7374\/\" data-orig-file=\"https:\/\/www.legistdf.gob.ar\/wp-content\/uploads\/2019\/05\/IMG_7374.jpg\" data-orig-size=\"1000,667\" data-comments-opened=\"0\" data-image-meta=\"{&quot;aperture&quot;:&quot;0&quot;,&quot;credit&quot;:&quot;&quot;,&quot;camera&quot;:&quot;&quot;,&quot;caption&quot;:&quot;&quot;,&quot;created_timestamp&quot;:&quot;0&quot;,&quot;copyright&quot;:&quot;&quot;,&quot;focal_length&quot;:&quot;0&quot;,&quot;iso&quot;:&quot;0&quot;,&quot;shutter_speed&quot;:&quot;0&quot;,&quot;title&quot;:&quot;&quot;,&quot;orientation&quot;:&quot;0&quot;}\" data-image-title=\"IMG_7374\" data-image-description=\"\" data-image-caption=\"\" data-medium-file=\"https:\/\/www.legistdf.gob.ar\/wp-content\/uploads\/2019\/05\/IMG_7374-300x200.jpg\" data-large-file=\"https:\/\/www.legistdf.gob.ar\/wp-content\/uploads\/2019\/05\/IMG_7374.jpg\" \/><\/a>\n\t\t\t<\/dt><\/dl><dl class='gallery-item'>\n\t\t\t<dt class='gallery-icon landscape'>\n\t\t\t\t<a href='https:\/\/www.legistdf.gob.ar\/index.php\/2019\/05\/15\/salud-parlamentarios-abordaron-problematica-de-discapacidad\/img_7379\/'><img loading=\"lazy\" decoding=\"async\" width=\"150\" height=\"150\" src=\"https:\/\/www.legistdf.gob.ar\/wp-content\/uploads\/2019\/05\/IMG_7379-150x150.jpg\" class=\"attachment-thumbnail size-thumbnail\" alt=\"\" srcset=\"https:\/\/www.legistdf.gob.ar\/wp-content\/uploads\/2019\/05\/IMG_7379-150x150.jpg 150w, https:\/\/www.legistdf.gob.ar\/wp-content\/uploads\/2019\/05\/IMG_7379-64x64.jpg 64w\" sizes=\"(max-width: 150px) 100vw, 150px\" data-attachment-id=\"14497\" data-permalink=\"https:\/\/www.legistdf.gob.ar\/index.php\/2019\/05\/15\/salud-parlamentarios-abordaron-problematica-de-discapacidad\/img_7379\/\" data-orig-file=\"https:\/\/www.legistdf.gob.ar\/wp-content\/uploads\/2019\/05\/IMG_7379.jpg\" data-orig-size=\"1000,667\" data-comments-opened=\"0\" data-image-meta=\"{&quot;aperture&quot;:&quot;0&quot;,&quot;credit&quot;:&quot;&quot;,&quot;camera&quot;:&quot;&quot;,&quot;caption&quot;:&quot;&quot;,&quot;created_timestamp&quot;:&quot;0&quot;,&quot;copyright&quot;:&quot;&quot;,&quot;focal_length&quot;:&quot;0&quot;,&quot;iso&quot;:&quot;0&quot;,&quot;shutter_speed&quot;:&quot;0&quot;,&quot;title&quot;:&quot;&quot;,&quot;orientation&quot;:&quot;0&quot;}\" data-image-title=\"IMG_7379\" data-image-description=\"\" data-image-caption=\"\" data-medium-file=\"https:\/\/www.legistdf.gob.ar\/wp-content\/uploads\/2019\/05\/IMG_7379-300x200.jpg\" data-large-file=\"https:\/\/www.legistdf.gob.ar\/wp-content\/uploads\/2019\/05\/IMG_7379.jpg\" \/><\/a>\n\t\t\t<\/dt><\/dl><dl class='gallery-item'>\n\t\t\t<dt class='gallery-icon landscape'>\n\t\t\t\t<a href='https:\/\/www.legistdf.gob.ar\/index.php\/2019\/05\/15\/salud-parlamentarios-abordaron-problematica-de-discapacidad\/img_7386\/'><img loading=\"lazy\" decoding=\"async\" width=\"150\" height=\"150\" src=\"https:\/\/www.legistdf.gob.ar\/wp-content\/uploads\/2019\/05\/IMG_7386-150x150.jpg\" class=\"attachment-thumbnail size-thumbnail\" alt=\"\" srcset=\"https:\/\/www.legistdf.gob.ar\/wp-content\/uploads\/2019\/05\/IMG_7386-150x150.jpg 150w, https:\/\/www.legistdf.gob.ar\/wp-content\/uploads\/2019\/05\/IMG_7386-64x64.jpg 64w\" sizes=\"(max-width: 150px) 100vw, 150px\" data-attachment-id=\"14498\" data-permalink=\"https:\/\/www.legistdf.gob.ar\/index.php\/2019\/05\/15\/salud-parlamentarios-abordaron-problematica-de-discapacidad\/img_7386\/\" data-orig-file=\"https:\/\/www.legistdf.gob.ar\/wp-content\/uploads\/2019\/05\/IMG_7386.jpg\" data-orig-size=\"1000,667\" data-comments-opened=\"0\" data-image-meta=\"{&quot;aperture&quot;:&quot;0&quot;,&quot;credit&quot;:&quot;&quot;,&quot;camera&quot;:&quot;&quot;,&quot;caption&quot;:&quot;&quot;,&quot;created_timestamp&quot;:&quot;0&quot;,&quot;copyright&quot;:&quot;&quot;,&quot;focal_length&quot;:&quot;0&quot;,&quot;iso&quot;:&quot;0&quot;,&quot;shutter_speed&quot;:&quot;0&quot;,&quot;title&quot;:&quot;&quot;,&quot;orientation&quot;:&quot;0&quot;}\" data-image-title=\"IMG_7386\" data-image-description=\"\" data-image-caption=\"\" data-medium-file=\"https:\/\/www.legistdf.gob.ar\/wp-content\/uploads\/2019\/05\/IMG_7386-300x200.jpg\" data-large-file=\"https:\/\/www.legistdf.gob.ar\/wp-content\/uploads\/2019\/05\/IMG_7386.jpg\" \/><\/a>\n\t\t\t<\/dt><\/dl><br style=\"clear: both\" \/><dl class='gallery-item'>\n\t\t\t<dt class='gallery-icon landscape'>\n\t\t\t\t<a href='https:\/\/www.legistdf.gob.ar\/index.php\/2019\/05\/15\/salud-parlamentarios-abordaron-problematica-de-discapacidad\/img_7389\/'><img loading=\"lazy\" decoding=\"async\" width=\"150\" height=\"150\" src=\"https:\/\/www.legistdf.gob.ar\/wp-content\/uploads\/2019\/05\/IMG_7389-150x150.jpg\" class=\"attachment-thumbnail size-thumbnail\" alt=\"\" srcset=\"https:\/\/www.legistdf.gob.ar\/wp-content\/uploads\/2019\/05\/IMG_7389-150x150.jpg 150w, https:\/\/www.legistdf.gob.ar\/wp-content\/uploads\/2019\/05\/IMG_7389-64x64.jpg 64w\" sizes=\"(max-width: 150px) 100vw, 150px\" data-attachment-id=\"14499\" data-permalink=\"https:\/\/www.legistdf.gob.ar\/index.php\/2019\/05\/15\/salud-parlamentarios-abordaron-problematica-de-discapacidad\/img_7389\/\" data-orig-file=\"https:\/\/www.legistdf.gob.ar\/wp-content\/uploads\/2019\/05\/IMG_7389.jpg\" data-orig-size=\"1000,667\" data-comments-opened=\"0\" data-image-meta=\"{&quot;aperture&quot;:&quot;0&quot;,&quot;credit&quot;:&quot;&quot;,&quot;camera&quot;:&quot;&quot;,&quot;caption&quot;:&quot;&quot;,&quot;created_timestamp&quot;:&quot;0&quot;,&quot;copyright&quot;:&quot;&quot;,&quot;focal_length&quot;:&quot;0&quot;,&quot;iso&quot;:&quot;0&quot;,&quot;shutter_speed&quot;:&quot;0&quot;,&quot;title&quot;:&quot;&quot;,&quot;orientation&quot;:&quot;0&quot;}\" data-image-title=\"IMG_7389\" data-image-description=\"\" data-image-caption=\"\" data-medium-file=\"https:\/\/www.legistdf.gob.ar\/wp-content\/uploads\/2019\/05\/IMG_7389-300x200.jpg\" data-large-file=\"https:\/\/www.legistdf.gob.ar\/wp-content\/uploads\/2019\/05\/IMG_7389.jpg\" \/><\/a>\n\t\t\t<\/dt><\/dl><dl class='gallery-item'>\n\t\t\t<dt class='gallery-icon landscape'>\n\t\t\t\t<a href='https:\/\/www.legistdf.gob.ar\/index.php\/2019\/05\/15\/salud-parlamentarios-abordaron-problematica-de-discapacidad\/img_7393\/'><img loading=\"lazy\" decoding=\"async\" width=\"150\" height=\"150\" src=\"https:\/\/www.legistdf.gob.ar\/wp-content\/uploads\/2019\/05\/IMG_7393-150x150.jpg\" class=\"attachment-thumbnail size-thumbnail\" alt=\"\" srcset=\"https:\/\/www.legistdf.gob.ar\/wp-content\/uploads\/2019\/05\/IMG_7393-150x150.jpg 150w, https:\/\/www.legistdf.gob.ar\/wp-content\/uploads\/2019\/05\/IMG_7393-64x64.jpg 64w\" sizes=\"(max-width: 150px) 100vw, 150px\" data-attachment-id=\"14500\" data-permalink=\"https:\/\/www.legistdf.gob.ar\/index.php\/2019\/05\/15\/salud-parlamentarios-abordaron-problematica-de-discapacidad\/img_7393\/\" data-orig-file=\"https:\/\/www.legistdf.gob.ar\/wp-content\/uploads\/2019\/05\/IMG_7393.jpg\" data-orig-size=\"1000,667\" data-comments-opened=\"0\" data-image-meta=\"{&quot;aperture&quot;:&quot;0&quot;,&quot;credit&quot;:&quot;&quot;,&quot;camera&quot;:&quot;&quot;,&quot;caption&quot;:&quot;&quot;,&quot;created_timestamp&quot;:&quot;0&quot;,&quot;copyright&quot;:&quot;&quot;,&quot;focal_length&quot;:&quot;0&quot;,&quot;iso&quot;:&quot;0&quot;,&quot;shutter_speed&quot;:&quot;0&quot;,&quot;title&quot;:&quot;&quot;,&quot;orientation&quot;:&quot;0&quot;}\" data-image-title=\"IMG_7393\" data-image-description=\"\" data-image-caption=\"\" data-medium-file=\"https:\/\/www.legistdf.gob.ar\/wp-content\/uploads\/2019\/05\/IMG_7393-300x200.jpg\" data-large-file=\"https:\/\/www.legistdf.gob.ar\/wp-content\/uploads\/2019\/05\/IMG_7393.jpg\" \/><\/a>\n\t\t\t<\/dt><\/dl><dl class='gallery-item'>\n\t\t\t<dt class='gallery-icon landscape'>\n\t\t\t\t<a href='https:\/\/www.legistdf.gob.ar\/index.php\/2019\/05\/15\/salud-parlamentarios-abordaron-problematica-de-discapacidad\/img_7419\/'><img loading=\"lazy\" decoding=\"async\" width=\"150\" height=\"150\" src=\"https:\/\/www.legistdf.gob.ar\/wp-content\/uploads\/2019\/05\/IMG_7419-150x150.jpg\" class=\"attachment-thumbnail size-thumbnail\" alt=\"\" srcset=\"https:\/\/www.legistdf.gob.ar\/wp-content\/uploads\/2019\/05\/IMG_7419-150x150.jpg 150w, https:\/\/www.legistdf.gob.ar\/wp-content\/uploads\/2019\/05\/IMG_7419-64x64.jpg 64w\" sizes=\"(max-width: 150px) 100vw, 150px\" data-attachment-id=\"14501\" data-permalink=\"https:\/\/www.legistdf.gob.ar\/index.php\/2019\/05\/15\/salud-parlamentarios-abordaron-problematica-de-discapacidad\/img_7419\/\" data-orig-file=\"https:\/\/www.legistdf.gob.ar\/wp-content\/uploads\/2019\/05\/IMG_7419.jpg\" data-orig-size=\"1000,667\" data-comments-opened=\"0\" data-image-meta=\"{&quot;aperture&quot;:&quot;0&quot;,&quot;credit&quot;:&quot;&quot;,&quot;camera&quot;:&quot;&quot;,&quot;caption&quot;:&quot;&quot;,&quot;created_timestamp&quot;:&quot;0&quot;,&quot;copyright&quot;:&quot;&quot;,&quot;focal_length&quot;:&quot;0&quot;,&quot;iso&quot;:&quot;0&quot;,&quot;shutter_speed&quot;:&quot;0&quot;,&quot;title&quot;:&quot;&quot;,&quot;orientation&quot;:&quot;0&quot;}\" data-image-title=\"IMG_7419\" data-image-description=\"\" data-image-caption=\"\" data-medium-file=\"https:\/\/www.legistdf.gob.ar\/wp-content\/uploads\/2019\/05\/IMG_7419-300x200.jpg\" data-large-file=\"https:\/\/www.legistdf.gob.ar\/wp-content\/uploads\/2019\/05\/IMG_7419.jpg\" \/><\/a>\n\t\t\t<\/dt><\/dl><br style=\"clear: both\" \/><dl class='gallery-item'>\n\t\t\t<dt class='gallery-icon landscape'>\n\t\t\t\t<a href='https:\/\/www.legistdf.gob.ar\/index.php\/2019\/05\/15\/salud-parlamentarios-abordaron-problematica-de-discapacidad\/img_7422\/'><img loading=\"lazy\" decoding=\"async\" width=\"150\" height=\"150\" src=\"https:\/\/www.legistdf.gob.ar\/wp-content\/uploads\/2019\/05\/IMG_7422-150x150.jpg\" class=\"attachment-thumbnail size-thumbnail\" alt=\"\" srcset=\"https:\/\/www.legistdf.gob.ar\/wp-content\/uploads\/2019\/05\/IMG_7422-150x150.jpg 150w, https:\/\/www.legistdf.gob.ar\/wp-content\/uploads\/2019\/05\/IMG_7422-64x64.jpg 64w\" sizes=\"(max-width: 150px) 100vw, 150px\" data-attachment-id=\"14502\" data-permalink=\"https:\/\/www.legistdf.gob.ar\/index.php\/2019\/05\/15\/salud-parlamentarios-abordaron-problematica-de-discapacidad\/img_7422\/\" data-orig-file=\"https:\/\/www.legistdf.gob.ar\/wp-content\/uploads\/2019\/05\/IMG_7422.jpg\" data-orig-size=\"1000,667\" data-comments-opened=\"0\" data-image-meta=\"{&quot;aperture&quot;:&quot;0&quot;,&quot;credit&quot;:&quot;&quot;,&quot;camera&quot;:&quot;&quot;,&quot;caption&quot;:&quot;&quot;,&quot;created_timestamp&quot;:&quot;0&quot;,&quot;copyright&quot;:&quot;&quot;,&quot;focal_length&quot;:&quot;0&quot;,&quot;iso&quot;:&quot;0&quot;,&quot;shutter_speed&quot;:&quot;0&quot;,&quot;title&quot;:&quot;&quot;,&quot;orientation&quot;:&quot;0&quot;}\" data-image-title=\"IMG_7422\" data-image-description=\"\" data-image-caption=\"\" data-medium-file=\"https:\/\/www.legistdf.gob.ar\/wp-content\/uploads\/2019\/05\/IMG_7422-300x200.jpg\" data-large-file=\"https:\/\/www.legistdf.gob.ar\/wp-content\/uploads\/2019\/05\/IMG_7422.jpg\" \/><\/a>\n\t\t\t<\/dt><\/dl><dl class='gallery-item'>\n\t\t\t<dt class='gallery-icon landscape'>\n\t\t\t\t<a href='https:\/\/www.legistdf.gob.ar\/index.php\/2019\/05\/15\/salud-parlamentarios-abordaron-problematica-de-discapacidad\/img_7446\/'><img loading=\"lazy\" decoding=\"async\" width=\"150\" height=\"150\" src=\"https:\/\/www.legistdf.gob.ar\/wp-content\/uploads\/2019\/05\/IMG_7446-150x150.jpg\" class=\"attachment-thumbnail size-thumbnail\" alt=\"\" srcset=\"https:\/\/www.legistdf.gob.ar\/wp-content\/uploads\/2019\/05\/IMG_7446-150x150.jpg 150w, https:\/\/www.legistdf.gob.ar\/wp-content\/uploads\/2019\/05\/IMG_7446-64x64.jpg 64w\" sizes=\"(max-width: 150px) 100vw, 150px\" data-attachment-id=\"14503\" data-permalink=\"https:\/\/www.legistdf.gob.ar\/index.php\/2019\/05\/15\/salud-parlamentarios-abordaron-problematica-de-discapacidad\/img_7446\/\" data-orig-file=\"https:\/\/www.legistdf.gob.ar\/wp-content\/uploads\/2019\/05\/IMG_7446.jpg\" data-orig-size=\"1000,667\" data-comments-opened=\"0\" data-image-meta=\"{&quot;aperture&quot;:&quot;0&quot;,&quot;credit&quot;:&quot;&quot;,&quot;camera&quot;:&quot;&quot;,&quot;caption&quot;:&quot;&quot;,&quot;created_timestamp&quot;:&quot;0&quot;,&quot;copyright&quot;:&quot;&quot;,&quot;focal_length&quot;:&quot;0&quot;,&quot;iso&quot;:&quot;0&quot;,&quot;shutter_speed&quot;:&quot;0&quot;,&quot;title&quot;:&quot;&quot;,&quot;orientation&quot;:&quot;0&quot;}\" data-image-title=\"IMG_7446\" data-image-description=\"\" data-image-caption=\"\" data-medium-file=\"https:\/\/www.legistdf.gob.ar\/wp-content\/uploads\/2019\/05\/IMG_7446-300x200.jpg\" data-large-file=\"https:\/\/www.legistdf.gob.ar\/wp-content\/uploads\/2019\/05\/IMG_7446.jpg\" \/><\/a>\n\t\t\t<\/dt><\/dl><dl class='gallery-item'>\n\t\t\t<dt class='gallery-icon landscape'>\n\t\t\t\t<a href='https:\/\/www.legistdf.gob.ar\/index.php\/2019\/05\/15\/salud-parlamentarios-abordaron-problematica-de-discapacidad\/img_7448-2\/'><img loading=\"lazy\" decoding=\"async\" width=\"150\" height=\"150\" src=\"https:\/\/www.legistdf.gob.ar\/wp-content\/uploads\/2019\/05\/IMG_7448-150x150.jpg\" class=\"attachment-thumbnail size-thumbnail\" alt=\"\" srcset=\"https:\/\/www.legistdf.gob.ar\/wp-content\/uploads\/2019\/05\/IMG_7448-150x150.jpg 150w, https:\/\/www.legistdf.gob.ar\/wp-content\/uploads\/2019\/05\/IMG_7448-64x64.jpg 64w\" sizes=\"(max-width: 150px) 100vw, 150px\" data-attachment-id=\"14504\" data-permalink=\"https:\/\/www.legistdf.gob.ar\/index.php\/2019\/05\/15\/salud-parlamentarios-abordaron-problematica-de-discapacidad\/img_7448-2\/\" data-orig-file=\"https:\/\/www.legistdf.gob.ar\/wp-content\/uploads\/2019\/05\/IMG_7448.jpg\" data-orig-size=\"1000,667\" data-comments-opened=\"0\" data-image-meta=\"{&quot;aperture&quot;:&quot;0&quot;,&quot;credit&quot;:&quot;&quot;,&quot;camera&quot;:&quot;&quot;,&quot;caption&quot;:&quot;&quot;,&quot;created_timestamp&quot;:&quot;0&quot;,&quot;copyright&quot;:&quot;&quot;,&quot;focal_length&quot;:&quot;0&quot;,&quot;iso&quot;:&quot;0&quot;,&quot;shutter_speed&quot;:&quot;0&quot;,&quot;title&quot;:&quot;&quot;,&quot;orientation&quot;:&quot;0&quot;}\" data-image-title=\"IMG_7448\" data-image-description=\"\" data-image-caption=\"\" data-medium-file=\"https:\/\/www.legistdf.gob.ar\/wp-content\/uploads\/2019\/05\/IMG_7448-300x200.jpg\" data-large-file=\"https:\/\/www.legistdf.gob.ar\/wp-content\/uploads\/2019\/05\/IMG_7448.jpg\" \/><\/a>\n\t\t\t<\/dt><\/dl><br style=\"clear: both\" \/>\n\t\t<\/div>\n\n","protected":false},"excerpt":{"rendered":"<p>Ushuaia, mi\u00e9rcoles 15 de mayo de 2019.- La Comisi\u00f3n de Salud P\u00fablica (5) recibi\u00f3 a integrantes del \u00e1rea de discapacidad de la Central de Trabajadores de la Argentina (CTA) Aut\u00f3noma; a integrantes del Observatorio de los derechos de las personas con discapacidad y a representantes de la Asociaci\u00f3n S\u00edndrome de Down Ushuaia (ASDU). El encuentro [&hellip;]<\/p>\n","protected":false},"author":352,"featured_media":14502,"comment_status":"closed","ping_status":"open","sticky":false,"template":"","format":"standard","meta":{"jetpack_post_was_ever_published":false,"_jetpack_newsletter_access":"","_jetpack_dont_email_post_to_subs":false,"_jetpack_newsletter_tier_id":0,"footnotes":"","jetpack_publicize_message":"","jetpack_publicize_feature_enabled":true,"jetpack_social_post_already_shared":true,"jetpack_social_options":{"image_generator_settings":{"template":"highway","enabled":false}}},"categories":[1],"tags":[1398,277,727,1399,346,1402,912,123,1400,144,83,1401,90,145,454,154,351],"jetpack_publicize_connections":[],"jetpack_sharing_enabled":true,"jetpack_featured_media_url":"https:\/\/www.legistdf.gob.ar\/wp-content\/uploads\/2019\/05\/IMG_7422.jpg","jetpack-related-posts":[],"_links":{"self":[{"href":"https:\/\/www.legistdf.gob.ar\/index.php\/wp-json\/wp\/v2\/posts\/14495"}],"collection":[{"href":"https:\/\/www.legistdf.gob.ar\/index.php\/wp-json\/wp\/v2\/posts"}],"about":[{"href":"https:\/\/www.legistdf.gob.ar\/index.php\/wp-json\/wp\/v2\/types\/post"}],"author":[{"embeddable":true,"href":"https:\/\/www.legistdf.gob.ar\/index.php\/wp-json\/wp\/v2\/users\/352"}],"replies":[{"embeddable":true,"href":"https:\/\/www.legistdf.gob.ar\/index.php\/wp-json\/wp\/v2\/comments?post=14495"}],"version-history":[{"count":3,"href":"https:\/\/www.legistdf.gob.ar\/index.php\/wp-json\/wp\/v2\/posts\/14495\/revisions"}],"predecessor-version":[{"id":14515,"href":"https:\/\/www.legistdf.gob.ar\/index.php\/wp-json\/wp\/v2\/posts\/14495\/revisions\/14515"}],"wp:featuredmedia":[{"embeddable":true,"href":"https:\/\/www.legistdf.gob.ar\/index.php\/wp-json\/wp\/v2\/media\/14502"}],"wp:attachment":[{"href":"https:\/\/www.legistdf.gob.ar\/index.php\/wp-json\/wp\/v2\/media?parent=14495"}],"wp:term":[{"taxonomy":"category","embeddable":true,"href":"https:\/\/www.legistdf.gob.ar\/index.php\/wp-json\/wp\/v2\/categories?post=14495"},{"taxonomy":"post_tag","embeddable":true,"href":"https:\/\/www.legistdf.gob.ar\/index.php\/wp-json\/wp\/v2\/tags?post=14495"}],"curies":[{"name":"wp","href":"https:\/\/api.w.org\/{rel}","templated":true}]}}