{"id":14912,"date":"2019-05-29T18:21:47","date_gmt":"2019-05-29T21:21:47","guid":{"rendered":"http:\/\/www.legistdf.gob.ar\/?p=14912"},"modified":"2019-05-29T15:27:29","modified_gmt":"2019-05-29T18:27:29","slug":"soberania-el-derecho-del-mar-y-el-derecho-ambiental-en-la-agenda-del-vicegobernador","status":"publish","type":"post","link":"https:\/\/www.legistdf.gob.ar\/index.php\/2019\/05\/29\/soberania-el-derecho-del-mar-y-el-derecho-ambiental-en-la-agenda-del-vicegobernador\/","title":{"rendered":"SOBERAN\u00cdA: El Derecho del mar y el derecho ambiental en la agenda del Vicegobernador"},"content":{"rendered":"<p><strong>Ushuaia, 29 de mayo de 2019.- El Presidente del Parlamento, Juan Carlos Arcando, recibi\u00f3 a Alejandro Camio, doctor en Derecho Internacional, especialista en Derecho del mar. \u201cLe agradezco al Vicegobernador el tiempo dedicado, ya que tuvo la gentileza de recibirme\u201d, dijo el profesional.<\/strong><\/p>\n<p><strong>\u00a0<\/strong><\/p>\n<p>\u201cEn primer lugar quiero felicitarlo por la gesti\u00f3n que realiz\u00f3, como parte integrante del Gobierno de la provincia de Tierra del Fuego, Ant\u00e1rtida e Islas del Atl\u00e1ntico Sur, respecto al tema Malvinas en este \u00faltimo tiempo. Sobre todo lo que fue la determinaci\u00f3n y la vehemencia con que defendi\u00f3 los intereses argentinos, en lo que fue la problem\u00e1tica del acuerdo de Nueva York\u201d, sostuvo Camio.<\/p>\n<p>&nbsp;<\/p>\n<p>Cabe recordar, que dicho acuerdo estableci\u00f3 \u201cun r\u00e9gimen jur\u00eddico amplio para la conservaci\u00f3n a largo plazo y el aprovechamiento sostenible de las poblaciones de peces transzonales y las poblaciones de peces altamente migratorios\u201d, seg\u00fan se desprende la p\u00e1gina de Naciones Unidas.<\/p>\n<p>&nbsp;<\/p>\n<p>El Doctor, manifest\u00f3 que \u201cdesde la ciencia, desde la profesi\u00f3n del derecho del mar, es poder colaborar a nivel nacional, con las provincias que tengan esta vocaci\u00f3n mar\u00edtima. Especialmente Tierra del Fuego, por eso me sumo desinteresadamente a realizar propuestas para la Provincia en materia de derecho del mar y especialmente derecho ambiental\u201d. En ese sentido, dijo que \u201ceste territorio es muy rico en esta materia, con una Constituci\u00f3n que en su momento fue de avanzada en temas ambientales\u201d.<\/p>\n<p>&nbsp;<\/p>\n<p>Alejandro Camio, actualmente se encuentra radicado en Rawson, Chubut y recorre las provincias con litoral mar\u00edtimo. \u201cLa idea es hacer patria, hacer del mar una causa nacional. El Vicegobernador est\u00e1 muy interesado en trabajar en los intereses mar\u00edtimos de Tierra del Fuego. De este modo, vamos a trabajar en la concientizaci\u00f3n en el tema Malvinas y Ant\u00e1rtida, no solamente en temas soberanos sino tambi\u00e9n en los ambientales, haciendo hincapi\u00e9 en la educaci\u00f3n\u201d, cerr\u00f3 especialista.<\/p>\n<p>&nbsp;<\/p>\n<p style=\"text-align: right\">LVV<\/p>\n<p>&nbsp;<\/p>\n\n\t\t<style type=\"text\/css\">\n\t\t\t#gallery-1 {\n\t\t\t\tmargin: auto;\n\t\t\t}\n\t\t\t#gallery-1 .gallery-item {\n\t\t\t\tfloat: left;\n\t\t\t\tmargin-top: 10px;\n\t\t\t\ttext-align: center;\n\t\t\t\twidth: 50%;\n\t\t\t}\n\t\t\t#gallery-1 img {\n\t\t\t\tborder: 2px solid #cfcfcf;\n\t\t\t}\n\t\t\t#gallery-1 .gallery-caption {\n\t\t\t\tmargin-left: 0;\n\t\t\t}\n\t\t\t\/* see gallery_shortcode() in wp-includes\/media.php *\/\n\t\t<\/style>\n\t\t<div data-carousel-extra='{\"blog_id\":1,\"permalink\":\"https:\\\/\\\/www.legistdf.gob.ar\\\/index.php\\\/2019\\\/05\\\/29\\\/soberania-el-derecho-del-mar-y-el-derecho-ambiental-en-la-agenda-del-vicegobernador\\\/\"}' id='gallery-1' class='gallery galleryid-14912 gallery-columns-2 gallery-size-thumbnail'><dl class='gallery-item'>\n\t\t\t<dt class='gallery-icon landscape'>\n\t\t\t\t<a href='https:\/\/www.legistdf.gob.ar\/index.php\/2019\/05\/29\/soberania-el-derecho-del-mar-y-el-derecho-ambiental-en-la-agenda-del-vicegobernador\/img_8249\/'><img loading=\"lazy\" decoding=\"async\" width=\"150\" height=\"150\" src=\"https:\/\/www.legistdf.gob.ar\/wp-content\/uploads\/2019\/05\/IMG_8249-150x150.jpg\" class=\"attachment-thumbnail size-thumbnail\" alt=\"\" srcset=\"https:\/\/www.legistdf.gob.ar\/wp-content\/uploads\/2019\/05\/IMG_8249-150x150.jpg 150w, https:\/\/www.legistdf.gob.ar\/wp-content\/uploads\/2019\/05\/IMG_8249-64x64.jpg 64w\" sizes=\"(max-width: 150px) 100vw, 150px\" data-attachment-id=\"14915\" data-permalink=\"https:\/\/www.legistdf.gob.ar\/index.php\/2019\/05\/29\/soberania-el-derecho-del-mar-y-el-derecho-ambiental-en-la-agenda-del-vicegobernador\/img_8249\/\" data-orig-file=\"https:\/\/www.legistdf.gob.ar\/wp-content\/uploads\/2019\/05\/IMG_8249.jpg\" data-orig-size=\"1000,667\" data-comments-opened=\"0\" data-image-meta=\"{&quot;aperture&quot;:&quot;8&quot;,&quot;credit&quot;:&quot;&quot;,&quot;camera&quot;:&quot;Canon EOS 6D&quot;,&quot;caption&quot;:&quot;&quot;,&quot;created_timestamp&quot;:&quot;1559104740&quot;,&quot;copyright&quot;:&quot;&quot;,&quot;focal_length&quot;:&quot;35&quot;,&quot;iso&quot;:&quot;250&quot;,&quot;shutter_speed&quot;:&quot;0.0125&quot;,&quot;title&quot;:&quot;&quot;,&quot;orientation&quot;:&quot;0&quot;}\" data-image-title=\"IMG_8249\" data-image-description=\"\" data-image-caption=\"\" data-medium-file=\"https:\/\/www.legistdf.gob.ar\/wp-content\/uploads\/2019\/05\/IMG_8249-300x200.jpg\" data-large-file=\"https:\/\/www.legistdf.gob.ar\/wp-content\/uploads\/2019\/05\/IMG_8249.jpg\" \/><\/a>\n\t\t\t<\/dt><\/dl><dl class='gallery-item'>\n\t\t\t<dt class='gallery-icon landscape'>\n\t\t\t\t<a href='https:\/\/www.legistdf.gob.ar\/index.php\/2019\/05\/29\/soberania-el-derecho-del-mar-y-el-derecho-ambiental-en-la-agenda-del-vicegobernador\/img_8253\/'><img loading=\"lazy\" decoding=\"async\" width=\"150\" height=\"150\" src=\"https:\/\/www.legistdf.gob.ar\/wp-content\/uploads\/2019\/05\/IMG_8253-150x150.jpg\" class=\"attachment-thumbnail size-thumbnail\" alt=\"\" srcset=\"https:\/\/www.legistdf.gob.ar\/wp-content\/uploads\/2019\/05\/IMG_8253-150x150.jpg 150w, https:\/\/www.legistdf.gob.ar\/wp-content\/uploads\/2019\/05\/IMG_8253-64x64.jpg 64w\" sizes=\"(max-width: 150px) 100vw, 150px\" data-attachment-id=\"14916\" data-permalink=\"https:\/\/www.legistdf.gob.ar\/index.php\/2019\/05\/29\/soberania-el-derecho-del-mar-y-el-derecho-ambiental-en-la-agenda-del-vicegobernador\/img_8253\/\" data-orig-file=\"https:\/\/www.legistdf.gob.ar\/wp-content\/uploads\/2019\/05\/IMG_8253.jpg\" data-orig-size=\"1000,667\" data-comments-opened=\"0\" data-image-meta=\"{&quot;aperture&quot;:&quot;8&quot;,&quot;credit&quot;:&quot;&quot;,&quot;camera&quot;:&quot;Canon EOS 6D&quot;,&quot;caption&quot;:&quot;&quot;,&quot;created_timestamp&quot;:&quot;1559104803&quot;,&quot;copyright&quot;:&quot;&quot;,&quot;focal_length&quot;:&quot;50&quot;,&quot;iso&quot;:&quot;250&quot;,&quot;shutter_speed&quot;:&quot;0.0125&quot;,&quot;title&quot;:&quot;&quot;,&quot;orientation&quot;:&quot;0&quot;}\" data-image-title=\"IMG_8253\" data-image-description=\"\" data-image-caption=\"\" data-medium-file=\"https:\/\/www.legistdf.gob.ar\/wp-content\/uploads\/2019\/05\/IMG_8253-300x200.jpg\" data-large-file=\"https:\/\/www.legistdf.gob.ar\/wp-content\/uploads\/2019\/05\/IMG_8253.jpg\" \/><\/a>\n\t\t\t<\/dt><\/dl><br style=\"clear: both\" \/>\n\t\t<\/div>\n\n","protected":false},"excerpt":{"rendered":"<p>Ushuaia, 29 de mayo de 2019.- El Presidente del Parlamento, Juan Carlos Arcando, recibi\u00f3 a Alejandro Camio, doctor en Derecho Internacional, especialista en Derecho del mar. \u201cLe agradezco al Vicegobernador el tiempo dedicado, ya que tuvo la gentileza de recibirme\u201d, dijo el profesional. \u00a0 \u201cEn primer lugar quiero felicitarlo por la gesti\u00f3n que realiz\u00f3, como [&hellip;]<\/p>\n","protected":false},"author":352,"featured_media":14915,"comment_status":"closed","ping_status":"open","sticky":false,"template":"","format":"standard","meta":{"jetpack_post_was_ever_published":false,"_jetpack_newsletter_access":"","_jetpack_dont_email_post_to_subs":false,"_jetpack_newsletter_tier_id":0,"footnotes":"","jetpack_publicize_message":"","jetpack_publicize_feature_enabled":true,"jetpack_social_post_already_shared":true,"jetpack_social_options":{"image_generator_settings":{"template":"highway","enabled":false}}},"categories":[1],"tags":[1498,972,1499,1500,1502,1501,97,141,591],"jetpack_publicize_connections":[],"jetpack_sharing_enabled":true,"jetpack_featured_media_url":"https:\/\/www.legistdf.gob.ar\/wp-content\/uploads\/2019\/05\/IMG_8249.jpg","jetpack-related-posts":[],"_links":{"self":[{"href":"https:\/\/www.legistdf.gob.ar\/index.php\/wp-json\/wp\/v2\/posts\/14912"}],"collection":[{"href":"https:\/\/www.legistdf.gob.ar\/index.php\/wp-json\/wp\/v2\/posts"}],"about":[{"href":"https:\/\/www.legistdf.gob.ar\/index.php\/wp-json\/wp\/v2\/types\/post"}],"author":[{"embeddable":true,"href":"https:\/\/www.legistdf.gob.ar\/index.php\/wp-json\/wp\/v2\/users\/352"}],"replies":[{"embeddable":true,"href":"https:\/\/www.legistdf.gob.ar\/index.php\/wp-json\/wp\/v2\/comments?post=14912"}],"version-history":[{"count":3,"href":"https:\/\/www.legistdf.gob.ar\/index.php\/wp-json\/wp\/v2\/posts\/14912\/revisions"}],"predecessor-version":[{"id":14918,"href":"https:\/\/www.legistdf.gob.ar\/index.php\/wp-json\/wp\/v2\/posts\/14912\/revisions\/14918"}],"wp:featuredmedia":[{"embeddable":true,"href":"https:\/\/www.legistdf.gob.ar\/index.php\/wp-json\/wp\/v2\/media\/14915"}],"wp:attachment":[{"href":"https:\/\/www.legistdf.gob.ar\/index.php\/wp-json\/wp\/v2\/media?parent=14912"}],"wp:term":[{"taxonomy":"category","embeddable":true,"href":"https:\/\/www.legistdf.gob.ar\/index.php\/wp-json\/wp\/v2\/categories?post=14912"},{"taxonomy":"post_tag","embeddable":true,"href":"https:\/\/www.legistdf.gob.ar\/index.php\/wp-json\/wp\/v2\/tags?post=14912"}],"curies":[{"name":"wp","href":"https:\/\/api.w.org\/{rel}","templated":true}]}}