{"id":1504,"date":"2017-04-09T12:54:46","date_gmt":"2017-04-09T15:54:46","guid":{"rendered":"http:\/\/www.legistdf.gob.ar\/?p=1504"},"modified":"2017-04-10T15:31:30","modified_gmt":"2017-04-10T18:31:30","slug":"cultura-horacio-banegas-corono-la-pena-tierra-de-folklore","status":"publish","type":"post","link":"https:\/\/www.legistdf.gob.ar\/index.php\/2017\/04\/09\/cultura-horacio-banegas-corono-la-pena-tierra-de-folklore\/","title":{"rendered":"CULTURA: Horacio Banegas coron\u00f3 la pe\u00f1a Tierra de Folklore"},"content":{"rendered":"<p><strong>Tolhuin, domingo 9 de abril de 2017.- El vicegobernador Juan Carlos Arcando, particip\u00f3 anoche de la Pe\u00f1a Tierra de Folklore que se realiz\u00f3 en Tolhuin. All\u00ed, comparti\u00f3 la presentaci\u00f3n del cantautor Horacio Banegas y la participaci\u00f3n de n\u00fameros locales. Se dio en el marco de la pe\u00f1a Tierra de Folklore, organizada por la Secretar\u00eda de Cultura. Previamente, hab\u00edan visitado la Feria Social Municipal.<\/strong><\/p>\n<p>Pasada la medianoche, de este domingo, el escenario montado en el polideportivo de Ezequiel Rivero de la ciudad mediterr\u00e1nea, recibi\u00f3 los acordes de las primeras canciones con la que abri\u00f3 el show, Banegas en Tolhuin. Cabe se\u00f1alar que el lugar colm\u00f3 su capacidad, lo que signific\u00f3 un hecho destacable para los organizadores, la Secretar\u00eda de Cultura fueguina.<\/p>\n<p>Arcando junto al legislador Daniel Harrington (FPV &#8211; PJ), entregaron un presente al cantautor y remarcaron la presencia de una figura de la escena nacional en la ciudad del coraz\u00f3n de la Provincia. Ambos funcionarios le entregaron una r\u00e9plica del faro del Fin del Mundo y se\u00f1alaron que, con \u00e9l, esperan significar esta porci\u00f3n austral del pa\u00eds. En tanto, Banegas se\u00f1al\u00f3 la satisfacci\u00f3n de compartir unas canciones en con los vecinos de Tolhuin, lugar que conoce hace a\u00f1os y aprecia.<\/p>\n<p>El grupo Reencuentro, Ram\u00f3n Barrenechea y, la reciente formaci\u00f3n Voces del Sur; Franco Andrada y Danai Nu\u00f1ez; Los Hermanos P\u00e9rez y Nuevos Horizontes, formaron parte del espect\u00e1culo, que cont\u00f3 con la presencia de feriantes y artesanos durante toda la noche. En la oportunidad, tambi\u00e9n particip\u00f3 el grupo Sky Danzas de reciente formaci\u00f3n, los que interpretaron cl\u00e1sicos del cancionero popular junto a diversas coreograf\u00edas con destreza.<\/p>\n<p>Previamente, ambos funcionarios participaron de la Feria Social Municipal, organizada por del Departamento Ejecutivo de esa ciudad. Tambi\u00e9n en el polideportivo, los feriantes ofrecieron desde prendas de vestir, hasta diversos servicios accesorios y tambi\u00e9n muebles y artesan\u00edas.<\/p>\n<p>El evento, convoc\u00f3 a los vecinos que recorrieron, adem\u00e1s, las distintas alternativas gastron\u00f3micas que se ofrecieron hasta pasadas las 2 de la madrugada.<\/p>\n<p>La Feria Social Municipal fue organizada por el municipio tolhuinense, en tanto que la pe\u00f1a folcl\u00f3rica Tierra de Folklore, por la Secretar\u00eda de Cultura de la Provincia junto a la Direcci\u00f3n de Cultura de Tolhuin. Participaron adem\u00e1s de referentes de la cultura fueguina, el secretario Hugo Santos y el director Alejandro Gorond\u00f3n.<br \/>\n________________________________________<\/p>\n<p>Con informaci\u00f3n y fotograf\u00edas de Prensa Legislativa<\/p>\n<p><a href=\"https:\/\/es-la.facebook.com\/PrensaLegislaturatdf\" target=\"_blank\">Facebook<\/a>\u00a0<a href=\"https:\/\/twitter.com\/PrensaLegisTDF\">Twitter<\/a>\u00a0<a href=\"https:\/\/www.flickr.com\/photos\/prensalegistdf\/sets\/\">Flickr<\/a><\/p>\n<p>DIRECCI\u00d3N DE PRENSA Y<br \/>\nDIFUSI\u00d3N INSTITUCIONAL<\/p>\n<p>LEGISLATURA DE TIERRA DEL FUEGO<\/p>\n\n\t\t<style type=\"text\/css\">\n\t\t\t#gallery-1 {\n\t\t\t\tmargin: auto;\n\t\t\t}\n\t\t\t#gallery-1 .gallery-item {\n\t\t\t\tfloat: left;\n\t\t\t\tmargin-top: 10px;\n\t\t\t\ttext-align: center;\n\t\t\t\twidth: 33%;\n\t\t\t}\n\t\t\t#gallery-1 img {\n\t\t\t\tborder: 2px solid #cfcfcf;\n\t\t\t}\n\t\t\t#gallery-1 .gallery-caption {\n\t\t\t\tmargin-left: 0;\n\t\t\t}\n\t\t\t\/* see gallery_shortcode() in wp-includes\/media.php *\/\n\t\t<\/style>\n\t\t<div data-carousel-extra='{\"blog_id\":1,\"permalink\":\"https:\\\/\\\/www.legistdf.gob.ar\\\/index.php\\\/2017\\\/04\\\/09\\\/cultura-horacio-banegas-corono-la-pena-tierra-de-folklore\\\/\"}' id='gallery-1' class='gallery galleryid-1504 gallery-columns-3 gallery-size-thumbnail'><dl class='gallery-item'>\n\t\t\t<dt class='gallery-icon landscape'>\n\t\t\t\t<a href='https:\/\/www.legistdf.gob.ar\/index.php\/2017\/04\/09\/cultura-horacio-banegas-corono-la-pena-tierra-de-folklore\/img_0004-3\/'><img loading=\"lazy\" decoding=\"async\" width=\"150\" height=\"150\" src=\"https:\/\/www.legistdf.gob.ar\/wp-content\/uploads\/2017\/04\/IMG_0004-1-150x150.jpg\" class=\"attachment-thumbnail size-thumbnail\" alt=\"\" srcset=\"https:\/\/www.legistdf.gob.ar\/wp-content\/uploads\/2017\/04\/IMG_0004-1-150x150.jpg 150w, https:\/\/www.legistdf.gob.ar\/wp-content\/uploads\/2017\/04\/IMG_0004-1-64x64.jpg 64w\" sizes=\"(max-width: 150px) 100vw, 150px\" data-attachment-id=\"1515\" data-permalink=\"https:\/\/www.legistdf.gob.ar\/index.php\/2017\/04\/09\/cultura-horacio-banegas-corono-la-pena-tierra-de-folklore\/img_0004-3\/\" data-orig-file=\"https:\/\/www.legistdf.gob.ar\/wp-content\/uploads\/2017\/04\/IMG_0004-1.jpg\" data-orig-size=\"1000,667\" data-comments-opened=\"0\" data-image-meta=\"{&quot;aperture&quot;:&quot;0&quot;,&quot;credit&quot;:&quot;&quot;,&quot;camera&quot;:&quot;&quot;,&quot;caption&quot;:&quot;&quot;,&quot;created_timestamp&quot;:&quot;0&quot;,&quot;copyright&quot;:&quot;&quot;,&quot;focal_length&quot;:&quot;0&quot;,&quot;iso&quot;:&quot;0&quot;,&quot;shutter_speed&quot;:&quot;0&quot;,&quot;title&quot;:&quot;&quot;,&quot;orientation&quot;:&quot;1&quot;}\" data-image-title=\"IMG_0004\" data-image-description=\"\" data-image-caption=\"\" data-medium-file=\"https:\/\/www.legistdf.gob.ar\/wp-content\/uploads\/2017\/04\/IMG_0004-1-300x200.jpg\" data-large-file=\"https:\/\/www.legistdf.gob.ar\/wp-content\/uploads\/2017\/04\/IMG_0004-1.jpg\" \/><\/a>\n\t\t\t<\/dt><\/dl><dl class='gallery-item'>\n\t\t\t<dt class='gallery-icon landscape'>\n\t\t\t\t<a href='https:\/\/www.legistdf.gob.ar\/index.php\/2017\/04\/09\/cultura-horacio-banegas-corono-la-pena-tierra-de-folklore\/img_0009-7\/'><img loading=\"lazy\" decoding=\"async\" width=\"150\" height=\"150\" src=\"https:\/\/www.legistdf.gob.ar\/wp-content\/uploads\/2017\/04\/IMG_0009-150x150.jpg\" class=\"attachment-thumbnail size-thumbnail\" alt=\"\" srcset=\"https:\/\/www.legistdf.gob.ar\/wp-content\/uploads\/2017\/04\/IMG_0009-150x150.jpg 150w, https:\/\/www.legistdf.gob.ar\/wp-content\/uploads\/2017\/04\/IMG_0009-64x64.jpg 64w\" sizes=\"(max-width: 150px) 100vw, 150px\" data-attachment-id=\"1516\" data-permalink=\"https:\/\/www.legistdf.gob.ar\/index.php\/2017\/04\/09\/cultura-horacio-banegas-corono-la-pena-tierra-de-folklore\/img_0009-7\/\" data-orig-file=\"https:\/\/www.legistdf.gob.ar\/wp-content\/uploads\/2017\/04\/IMG_0009.jpg\" data-orig-size=\"1000,667\" data-comments-opened=\"0\" data-image-meta=\"{&quot;aperture&quot;:&quot;0&quot;,&quot;credit&quot;:&quot;&quot;,&quot;camera&quot;:&quot;&quot;,&quot;caption&quot;:&quot;&quot;,&quot;created_timestamp&quot;:&quot;0&quot;,&quot;copyright&quot;:&quot;&quot;,&quot;focal_length&quot;:&quot;0&quot;,&quot;iso&quot;:&quot;0&quot;,&quot;shutter_speed&quot;:&quot;0&quot;,&quot;title&quot;:&quot;&quot;,&quot;orientation&quot;:&quot;1&quot;}\" data-image-title=\"IMG_0009\" data-image-description=\"\" data-image-caption=\"\" data-medium-file=\"https:\/\/www.legistdf.gob.ar\/wp-content\/uploads\/2017\/04\/IMG_0009-300x200.jpg\" data-large-file=\"https:\/\/www.legistdf.gob.ar\/wp-content\/uploads\/2017\/04\/IMG_0009.jpg\" \/><\/a>\n\t\t\t<\/dt><\/dl><dl class='gallery-item'>\n\t\t\t<dt class='gallery-icon landscape'>\n\t\t\t\t<a href='https:\/\/www.legistdf.gob.ar\/index.php\/2017\/04\/09\/cultura-horacio-banegas-corono-la-pena-tierra-de-folklore\/img_0012-3\/'><img loading=\"lazy\" decoding=\"async\" width=\"150\" height=\"150\" src=\"https:\/\/www.legistdf.gob.ar\/wp-content\/uploads\/2017\/04\/IMG_0012-150x150.jpg\" class=\"attachment-thumbnail size-thumbnail\" alt=\"\" srcset=\"https:\/\/www.legistdf.gob.ar\/wp-content\/uploads\/2017\/04\/IMG_0012-150x150.jpg 150w, https:\/\/www.legistdf.gob.ar\/wp-content\/uploads\/2017\/04\/IMG_0012-64x64.jpg 64w\" sizes=\"(max-width: 150px) 100vw, 150px\" data-attachment-id=\"1517\" data-permalink=\"https:\/\/www.legistdf.gob.ar\/index.php\/2017\/04\/09\/cultura-horacio-banegas-corono-la-pena-tierra-de-folklore\/img_0012-3\/\" data-orig-file=\"https:\/\/www.legistdf.gob.ar\/wp-content\/uploads\/2017\/04\/IMG_0012.jpg\" data-orig-size=\"1000,667\" data-comments-opened=\"0\" data-image-meta=\"{&quot;aperture&quot;:&quot;0&quot;,&quot;credit&quot;:&quot;&quot;,&quot;camera&quot;:&quot;&quot;,&quot;caption&quot;:&quot;&quot;,&quot;created_timestamp&quot;:&quot;0&quot;,&quot;copyright&quot;:&quot;&quot;,&quot;focal_length&quot;:&quot;0&quot;,&quot;iso&quot;:&quot;0&quot;,&quot;shutter_speed&quot;:&quot;0&quot;,&quot;title&quot;:&quot;&quot;,&quot;orientation&quot;:&quot;1&quot;}\" data-image-title=\"IMG_0012\" data-image-description=\"\" data-image-caption=\"\" data-medium-file=\"https:\/\/www.legistdf.gob.ar\/wp-content\/uploads\/2017\/04\/IMG_0012-300x200.jpg\" data-large-file=\"https:\/\/www.legistdf.gob.ar\/wp-content\/uploads\/2017\/04\/IMG_0012.jpg\" \/><\/a>\n\t\t\t<\/dt><\/dl><br style=\"clear: both\" \/><dl class='gallery-item'>\n\t\t\t<dt class='gallery-icon landscape'>\n\t\t\t\t<a href='https:\/\/www.legistdf.gob.ar\/index.php\/2017\/04\/09\/cultura-horacio-banegas-corono-la-pena-tierra-de-folklore\/img_0033-2\/'><img loading=\"lazy\" decoding=\"async\" width=\"150\" height=\"150\" src=\"https:\/\/www.legistdf.gob.ar\/wp-content\/uploads\/2017\/04\/IMG_0033-150x150.jpg\" class=\"attachment-thumbnail size-thumbnail\" alt=\"\" srcset=\"https:\/\/www.legistdf.gob.ar\/wp-content\/uploads\/2017\/04\/IMG_0033-150x150.jpg 150w, https:\/\/www.legistdf.gob.ar\/wp-content\/uploads\/2017\/04\/IMG_0033-64x64.jpg 64w\" sizes=\"(max-width: 150px) 100vw, 150px\" data-attachment-id=\"1518\" data-permalink=\"https:\/\/www.legistdf.gob.ar\/index.php\/2017\/04\/09\/cultura-horacio-banegas-corono-la-pena-tierra-de-folklore\/img_0033-2\/\" data-orig-file=\"https:\/\/www.legistdf.gob.ar\/wp-content\/uploads\/2017\/04\/IMG_0033.jpg\" data-orig-size=\"1000,667\" data-comments-opened=\"0\" data-image-meta=\"{&quot;aperture&quot;:&quot;0&quot;,&quot;credit&quot;:&quot;&quot;,&quot;camera&quot;:&quot;&quot;,&quot;caption&quot;:&quot;&quot;,&quot;created_timestamp&quot;:&quot;0&quot;,&quot;copyright&quot;:&quot;&quot;,&quot;focal_length&quot;:&quot;0&quot;,&quot;iso&quot;:&quot;0&quot;,&quot;shutter_speed&quot;:&quot;0&quot;,&quot;title&quot;:&quot;&quot;,&quot;orientation&quot;:&quot;1&quot;}\" data-image-title=\"IMG_0033\" data-image-description=\"\" data-image-caption=\"\" data-medium-file=\"https:\/\/www.legistdf.gob.ar\/wp-content\/uploads\/2017\/04\/IMG_0033-300x200.jpg\" data-large-file=\"https:\/\/www.legistdf.gob.ar\/wp-content\/uploads\/2017\/04\/IMG_0033.jpg\" \/><\/a>\n\t\t\t<\/dt><\/dl><dl class='gallery-item'>\n\t\t\t<dt class='gallery-icon landscape'>\n\t\t\t\t<a href='https:\/\/www.legistdf.gob.ar\/index.php\/2017\/04\/09\/cultura-horacio-banegas-corono-la-pena-tierra-de-folklore\/img_0072-2\/'><img loading=\"lazy\" decoding=\"async\" width=\"150\" height=\"150\" src=\"https:\/\/www.legistdf.gob.ar\/wp-content\/uploads\/2017\/04\/IMG_0072-150x150.jpg\" class=\"attachment-thumbnail size-thumbnail\" alt=\"\" srcset=\"https:\/\/www.legistdf.gob.ar\/wp-content\/uploads\/2017\/04\/IMG_0072-150x150.jpg 150w, https:\/\/www.legistdf.gob.ar\/wp-content\/uploads\/2017\/04\/IMG_0072-64x64.jpg 64w\" sizes=\"(max-width: 150px) 100vw, 150px\" data-attachment-id=\"1519\" data-permalink=\"https:\/\/www.legistdf.gob.ar\/index.php\/2017\/04\/09\/cultura-horacio-banegas-corono-la-pena-tierra-de-folklore\/img_0072-2\/\" data-orig-file=\"https:\/\/www.legistdf.gob.ar\/wp-content\/uploads\/2017\/04\/IMG_0072.jpg\" data-orig-size=\"1000,667\" data-comments-opened=\"0\" data-image-meta=\"{&quot;aperture&quot;:&quot;0&quot;,&quot;credit&quot;:&quot;&quot;,&quot;camera&quot;:&quot;&quot;,&quot;caption&quot;:&quot;&quot;,&quot;created_timestamp&quot;:&quot;0&quot;,&quot;copyright&quot;:&quot;&quot;,&quot;focal_length&quot;:&quot;0&quot;,&quot;iso&quot;:&quot;0&quot;,&quot;shutter_speed&quot;:&quot;0&quot;,&quot;title&quot;:&quot;&quot;,&quot;orientation&quot;:&quot;1&quot;}\" data-image-title=\"IMG_0072\" data-image-description=\"\" data-image-caption=\"\" data-medium-file=\"https:\/\/www.legistdf.gob.ar\/wp-content\/uploads\/2017\/04\/IMG_0072-300x200.jpg\" data-large-file=\"https:\/\/www.legistdf.gob.ar\/wp-content\/uploads\/2017\/04\/IMG_0072.jpg\" \/><\/a>\n\t\t\t<\/dt><\/dl><dl class='gallery-item'>\n\t\t\t<dt class='gallery-icon landscape'>\n\t\t\t\t<a href='https:\/\/www.legistdf.gob.ar\/index.php\/2017\/04\/09\/cultura-horacio-banegas-corono-la-pena-tierra-de-folklore\/img_0104-2\/'><img loading=\"lazy\" decoding=\"async\" width=\"150\" height=\"150\" src=\"https:\/\/www.legistdf.gob.ar\/wp-content\/uploads\/2017\/04\/IMG_0104-150x150.jpg\" class=\"attachment-thumbnail size-thumbnail\" alt=\"\" srcset=\"https:\/\/www.legistdf.gob.ar\/wp-content\/uploads\/2017\/04\/IMG_0104-150x150.jpg 150w, https:\/\/www.legistdf.gob.ar\/wp-content\/uploads\/2017\/04\/IMG_0104-64x64.jpg 64w\" sizes=\"(max-width: 150px) 100vw, 150px\" data-attachment-id=\"1520\" data-permalink=\"https:\/\/www.legistdf.gob.ar\/index.php\/2017\/04\/09\/cultura-horacio-banegas-corono-la-pena-tierra-de-folklore\/img_0104-2\/\" data-orig-file=\"https:\/\/www.legistdf.gob.ar\/wp-content\/uploads\/2017\/04\/IMG_0104.jpg\" data-orig-size=\"1000,667\" data-comments-opened=\"0\" data-image-meta=\"{&quot;aperture&quot;:&quot;0&quot;,&quot;credit&quot;:&quot;&quot;,&quot;camera&quot;:&quot;&quot;,&quot;caption&quot;:&quot;&quot;,&quot;created_timestamp&quot;:&quot;0&quot;,&quot;copyright&quot;:&quot;&quot;,&quot;focal_length&quot;:&quot;0&quot;,&quot;iso&quot;:&quot;0&quot;,&quot;shutter_speed&quot;:&quot;0&quot;,&quot;title&quot;:&quot;&quot;,&quot;orientation&quot;:&quot;1&quot;}\" data-image-title=\"IMG_0104\" data-image-description=\"\" data-image-caption=\"\" data-medium-file=\"https:\/\/www.legistdf.gob.ar\/wp-content\/uploads\/2017\/04\/IMG_0104-300x200.jpg\" data-large-file=\"https:\/\/www.legistdf.gob.ar\/wp-content\/uploads\/2017\/04\/IMG_0104.jpg\" \/><\/a>\n\t\t\t<\/dt><\/dl><br style=\"clear: both\" \/><dl class='gallery-item'>\n\t\t\t<dt class='gallery-icon landscape'>\n\t\t\t\t<a href='https:\/\/www.legistdf.gob.ar\/index.php\/2017\/04\/09\/cultura-horacio-banegas-corono-la-pena-tierra-de-folklore\/img_0151\/'><img loading=\"lazy\" decoding=\"async\" width=\"150\" height=\"150\" src=\"https:\/\/www.legistdf.gob.ar\/wp-content\/uploads\/2017\/04\/IMG_0151-150x150.jpg\" class=\"attachment-thumbnail size-thumbnail\" alt=\"\" srcset=\"https:\/\/www.legistdf.gob.ar\/wp-content\/uploads\/2017\/04\/IMG_0151-150x150.jpg 150w, https:\/\/www.legistdf.gob.ar\/wp-content\/uploads\/2017\/04\/IMG_0151-64x64.jpg 64w\" sizes=\"(max-width: 150px) 100vw, 150px\" data-attachment-id=\"1521\" data-permalink=\"https:\/\/www.legistdf.gob.ar\/index.php\/2017\/04\/09\/cultura-horacio-banegas-corono-la-pena-tierra-de-folklore\/img_0151\/\" data-orig-file=\"https:\/\/www.legistdf.gob.ar\/wp-content\/uploads\/2017\/04\/IMG_0151.jpg\" data-orig-size=\"1000,667\" data-comments-opened=\"0\" data-image-meta=\"{&quot;aperture&quot;:&quot;0&quot;,&quot;credit&quot;:&quot;&quot;,&quot;camera&quot;:&quot;&quot;,&quot;caption&quot;:&quot;&quot;,&quot;created_timestamp&quot;:&quot;0&quot;,&quot;copyright&quot;:&quot;&quot;,&quot;focal_length&quot;:&quot;0&quot;,&quot;iso&quot;:&quot;0&quot;,&quot;shutter_speed&quot;:&quot;0&quot;,&quot;title&quot;:&quot;&quot;,&quot;orientation&quot;:&quot;1&quot;}\" data-image-title=\"IMG_0151\" data-image-description=\"\" data-image-caption=\"\" data-medium-file=\"https:\/\/www.legistdf.gob.ar\/wp-content\/uploads\/2017\/04\/IMG_0151-300x200.jpg\" data-large-file=\"https:\/\/www.legistdf.gob.ar\/wp-content\/uploads\/2017\/04\/IMG_0151.jpg\" \/><\/a>\n\t\t\t<\/dt><\/dl><dl class='gallery-item'>\n\t\t\t<dt class='gallery-icon landscape'>\n\t\t\t\t<a href='https:\/\/www.legistdf.gob.ar\/index.php\/2017\/04\/09\/cultura-horacio-banegas-corono-la-pena-tierra-de-folklore\/img_0170\/'><img loading=\"lazy\" decoding=\"async\" width=\"150\" height=\"150\" src=\"https:\/\/www.legistdf.gob.ar\/wp-content\/uploads\/2017\/04\/IMG_0170-150x150.jpg\" class=\"attachment-thumbnail size-thumbnail\" alt=\"\" srcset=\"https:\/\/www.legistdf.gob.ar\/wp-content\/uploads\/2017\/04\/IMG_0170-150x150.jpg 150w, https:\/\/www.legistdf.gob.ar\/wp-content\/uploads\/2017\/04\/IMG_0170-64x64.jpg 64w\" sizes=\"(max-width: 150px) 100vw, 150px\" data-attachment-id=\"1522\" data-permalink=\"https:\/\/www.legistdf.gob.ar\/index.php\/2017\/04\/09\/cultura-horacio-banegas-corono-la-pena-tierra-de-folklore\/img_0170\/\" data-orig-file=\"https:\/\/www.legistdf.gob.ar\/wp-content\/uploads\/2017\/04\/IMG_0170.jpg\" data-orig-size=\"1000,667\" data-comments-opened=\"0\" data-image-meta=\"{&quot;aperture&quot;:&quot;0&quot;,&quot;credit&quot;:&quot;&quot;,&quot;camera&quot;:&quot;&quot;,&quot;caption&quot;:&quot;&quot;,&quot;created_timestamp&quot;:&quot;0&quot;,&quot;copyright&quot;:&quot;&quot;,&quot;focal_length&quot;:&quot;0&quot;,&quot;iso&quot;:&quot;0&quot;,&quot;shutter_speed&quot;:&quot;0&quot;,&quot;title&quot;:&quot;&quot;,&quot;orientation&quot;:&quot;1&quot;}\" data-image-title=\"IMG_0170\" data-image-description=\"\" data-image-caption=\"\" data-medium-file=\"https:\/\/www.legistdf.gob.ar\/wp-content\/uploads\/2017\/04\/IMG_0170-300x200.jpg\" data-large-file=\"https:\/\/www.legistdf.gob.ar\/wp-content\/uploads\/2017\/04\/IMG_0170.jpg\" \/><\/a>\n\t\t\t<\/dt><\/dl><dl class='gallery-item'>\n\t\t\t<dt class='gallery-icon landscape'>\n\t\t\t\t<a href='https:\/\/www.legistdf.gob.ar\/index.php\/2017\/04\/09\/cultura-horacio-banegas-corono-la-pena-tierra-de-folklore\/img_0174\/'><img loading=\"lazy\" decoding=\"async\" width=\"150\" height=\"150\" src=\"https:\/\/www.legistdf.gob.ar\/wp-content\/uploads\/2017\/04\/IMG_0174-150x150.jpg\" class=\"attachment-thumbnail size-thumbnail\" alt=\"\" srcset=\"https:\/\/www.legistdf.gob.ar\/wp-content\/uploads\/2017\/04\/IMG_0174-150x150.jpg 150w, https:\/\/www.legistdf.gob.ar\/wp-content\/uploads\/2017\/04\/IMG_0174-64x64.jpg 64w\" sizes=\"(max-width: 150px) 100vw, 150px\" data-attachment-id=\"1523\" data-permalink=\"https:\/\/www.legistdf.gob.ar\/index.php\/2017\/04\/09\/cultura-horacio-banegas-corono-la-pena-tierra-de-folklore\/img_0174\/\" data-orig-file=\"https:\/\/www.legistdf.gob.ar\/wp-content\/uploads\/2017\/04\/IMG_0174.jpg\" data-orig-size=\"1000,667\" data-comments-opened=\"0\" data-image-meta=\"{&quot;aperture&quot;:&quot;0&quot;,&quot;credit&quot;:&quot;&quot;,&quot;camera&quot;:&quot;&quot;,&quot;caption&quot;:&quot;&quot;,&quot;created_timestamp&quot;:&quot;0&quot;,&quot;copyright&quot;:&quot;&quot;,&quot;focal_length&quot;:&quot;0&quot;,&quot;iso&quot;:&quot;0&quot;,&quot;shutter_speed&quot;:&quot;0&quot;,&quot;title&quot;:&quot;&quot;,&quot;orientation&quot;:&quot;1&quot;}\" data-image-title=\"IMG_0174\" data-image-description=\"\" data-image-caption=\"\" data-medium-file=\"https:\/\/www.legistdf.gob.ar\/wp-content\/uploads\/2017\/04\/IMG_0174-300x200.jpg\" data-large-file=\"https:\/\/www.legistdf.gob.ar\/wp-content\/uploads\/2017\/04\/IMG_0174.jpg\" \/><\/a>\n\t\t\t<\/dt><\/dl><br style=\"clear: both\" \/>\n\t\t<\/div>\n\n","protected":false},"excerpt":{"rendered":"<p>Tolhuin, domingo 9 de abril de 2017.- El vicegobernador Juan Carlos Arcando, particip\u00f3 anoche de la Pe\u00f1a Tierra de Folklore que se realiz\u00f3 en Tolhuin. All\u00ed, comparti\u00f3 la presentaci\u00f3n del cantautor Horacio Banegas y la participaci\u00f3n de n\u00fameros locales. Se dio en el marco de la pe\u00f1a Tierra de Folklore, organizada por la Secretar\u00eda de [&hellip;]<\/p>\n","protected":false},"author":352,"featured_media":1515,"comment_status":"closed","ping_status":"open","sticky":false,"template":"","format":"standard","meta":{"jetpack_post_was_ever_published":false,"_jetpack_newsletter_access":"","_jetpack_dont_email_post_to_subs":false,"_jetpack_newsletter_tier_id":0,"footnotes":"","jetpack_publicize_message":"","jetpack_publicize_feature_enabled":true,"jetpack_social_post_already_shared":true,"jetpack_social_options":{"image_generator_settings":{"template":"highway","enabled":false}}},"categories":[1],"tags":[47],"jetpack_publicize_connections":[],"jetpack_sharing_enabled":true,"jetpack_featured_media_url":"https:\/\/www.legistdf.gob.ar\/wp-content\/uploads\/2017\/04\/IMG_0004-1.jpg","jetpack-related-posts":[],"_links":{"self":[{"href":"https:\/\/www.legistdf.gob.ar\/index.php\/wp-json\/wp\/v2\/posts\/1504"}],"collection":[{"href":"https:\/\/www.legistdf.gob.ar\/index.php\/wp-json\/wp\/v2\/posts"}],"about":[{"href":"https:\/\/www.legistdf.gob.ar\/index.php\/wp-json\/wp\/v2\/types\/post"}],"author":[{"embeddable":true,"href":"https:\/\/www.legistdf.gob.ar\/index.php\/wp-json\/wp\/v2\/users\/352"}],"replies":[{"embeddable":true,"href":"https:\/\/www.legistdf.gob.ar\/index.php\/wp-json\/wp\/v2\/comments?post=1504"}],"version-history":[{"count":1,"href":"https:\/\/www.legistdf.gob.ar\/index.php\/wp-json\/wp\/v2\/posts\/1504\/revisions"}],"predecessor-version":[{"id":1524,"href":"https:\/\/www.legistdf.gob.ar\/index.php\/wp-json\/wp\/v2\/posts\/1504\/revisions\/1524"}],"wp:featuredmedia":[{"embeddable":true,"href":"https:\/\/www.legistdf.gob.ar\/index.php\/wp-json\/wp\/v2\/media\/1515"}],"wp:attachment":[{"href":"https:\/\/www.legistdf.gob.ar\/index.php\/wp-json\/wp\/v2\/media?parent=1504"}],"wp:term":[{"taxonomy":"category","embeddable":true,"href":"https:\/\/www.legistdf.gob.ar\/index.php\/wp-json\/wp\/v2\/categories?post=1504"},{"taxonomy":"post_tag","embeddable":true,"href":"https:\/\/www.legistdf.gob.ar\/index.php\/wp-json\/wp\/v2\/tags?post=1504"}],"curies":[{"name":"wp","href":"https:\/\/api.w.org\/{rel}","templated":true}]}}