{"id":15066,"date":"2019-06-03T15:30:55","date_gmt":"2019-06-03T18:30:55","guid":{"rendered":"http:\/\/www.legistdf.gob.ar\/?p=15066"},"modified":"2019-06-04T13:01:54","modified_gmt":"2019-06-04T16:01:54","slug":"salud-organizan-jornadas-de-medicina-respiratoria-en-la-provincia","status":"publish","type":"post","link":"https:\/\/www.legistdf.gob.ar\/index.php\/2019\/06\/03\/salud-organizan-jornadas-de-medicina-respiratoria-en-la-provincia\/","title":{"rendered":"SALUD: Organizan jornadas de medicina respiratoria en la Provincia"},"content":{"rendered":"<p><strong>Ushuaia, lunes 3 de junio de 2019.- El doctor Jorge Sap dialog\u00f3 con Prensa Legislativa sobre las XVIII jornadas Patag\u00f3nicas de Medicina Respiratoria, que se realizar\u00e1n en Ushuaia los d\u00edas 5, 6 y 7 de septiembre en el hotel Canal Beagle. El m\u00e9dico se reuni\u00f3 con el titular del Parlamento Juan Carlos Arcando, quien se interes\u00f3 sobre el desarrollo de la actividad.<\/strong><\/p>\n<p><strong>\u00a0<\/strong><\/p>\n<p>El profesional de la salud explic\u00f3 que durante las jornadas, se abordar\u00e1n diversas tem\u00e1ticas, como \u201casma bronquial; enfermedad pulmonar obstructiva cr\u00f3nica (EPOC); tabaquismo; asma en pediatr\u00eda; que tenemos muchos casos en la Provincia; Kinesioterapia; rehabilitaci\u00f3n respiratoria; ox\u00edgenoterapia. Son variados los temas con respecto a la especialidad, para m\u00e9dicos, enfermeros y kinesi\u00f3logos que quieran concurrir y capacitarse en ellos\u201d.<\/p>\n<p>&nbsp;<\/p>\n<p>Respecto de los expositores, Sap adelant\u00f3 que \u201cvan a asistir profesionales de todo el pa\u00eds, entre ellos el Presidente de la Asociaci\u00f3n Latinoamericana del T\u00f3rax. Va a dar una charla sobre tabaquismo, es una persona muy formada en esta materia\u201d.<\/p>\n<p>&nbsp;<\/p>\n<p>Tambi\u00e9n, confirm\u00f3 que en la Patagonia, estas reuniones se realizan todos los a\u00f1os, en distintas ciudades. \u201cLa \u00faltima que organizamos nosotros fue en 2013, a la cual vino gente de todo el pa\u00eds, tuvimos una concurrencia muy importante, esperamos que este a\u00f1o sea igual\u201d, se esperanz\u00f3.<\/p>\n<p>&nbsp;<\/p>\n<p>Esta actividad es patrocinada y organizada por la Asociaci\u00f3n Argentina de Medicina Respiratoria (AAMR), es una entidad sin fines de lucro. De este modo, Sap explic\u00f3 que las jornadas son sin arancel y totalmente gratuitas para todos los profesionales que quieran concurrir.<\/p>\n<p>&nbsp;<\/p>\n<p>\u201cLa Asociaci\u00f3n organiza todos los a\u00f1os un congreso nacional anual, en distintas ciudades del pa\u00eds, este a\u00f1o ser\u00e1 en el mes de octubre en Rosario. Pero a su vez, como en este caso, organiza tambi\u00e9n congresos regionales para la gente que no pueda trasladarse, entonces traemos a los disertantes del congreso argentino a Ushuaia\u201d, dijo el m\u00e9dico.<\/p>\n<p>&nbsp;<\/p>\n<p>Por \u00faltimo, destac\u00f3 la importancia del acompa\u00f1amiento \u201cdel Vicegobernador, que siempre nos ha apoyado en tema de salud. Todo este apoyo es en beneficio de la ciudadan\u00eda, ya que si uno capacita a los profesionales del lugar, el beneficio es para toda la poblaci\u00f3n. Tambi\u00e9n vamos a recibir gente de todas partes de la Argentina, que van a poder conocer Ushuaia y disfrutarla\u201d, cerr\u00f3 el doctor Jorge Sap.<\/p>\n<p>&nbsp;<\/p>\n<p>Para mayor informaci\u00f3n e inscripci\u00f3n: <a href=\"mailto:sapjorge@hotmail.com\">sapjorge@hotmail.com<\/a>, <a href=\"mailto:rodolfofunis@hotmail.com\">rodolfofunis@hotmail.com<\/a> o al celular (2901) 15400290<\/p>\n<p>&nbsp;<\/p>\n<p>&nbsp;<\/p>\n\n\t\t<style type=\"text\/css\">\n\t\t\t#gallery-1 {\n\t\t\t\tmargin: auto;\n\t\t\t}\n\t\t\t#gallery-1 .gallery-item {\n\t\t\t\tfloat: left;\n\t\t\t\tmargin-top: 10px;\n\t\t\t\ttext-align: center;\n\t\t\t\twidth: 33%;\n\t\t\t}\n\t\t\t#gallery-1 img {\n\t\t\t\tborder: 2px solid #cfcfcf;\n\t\t\t}\n\t\t\t#gallery-1 .gallery-caption {\n\t\t\t\tmargin-left: 0;\n\t\t\t}\n\t\t\t\/* see gallery_shortcode() in wp-includes\/media.php *\/\n\t\t<\/style>\n\t\t<div data-carousel-extra='{\"blog_id\":1,\"permalink\":\"https:\\\/\\\/www.legistdf.gob.ar\\\/index.php\\\/2019\\\/06\\\/03\\\/salud-organizan-jornadas-de-medicina-respiratoria-en-la-provincia\\\/\"}' id='gallery-1' class='gallery galleryid-15066 gallery-columns-3 gallery-size-thumbnail'><dl class='gallery-item'>\n\t\t\t<dt class='gallery-icon landscape'>\n\t\t\t\t<a href='https:\/\/www.legistdf.gob.ar\/index.php\/2019\/06\/03\/salud-organizan-jornadas-de-medicina-respiratoria-en-la-provincia\/img_8248\/'><img loading=\"lazy\" decoding=\"async\" width=\"150\" height=\"150\" src=\"https:\/\/www.legistdf.gob.ar\/wp-content\/uploads\/2019\/06\/IMG_8248-150x150.jpg\" class=\"attachment-thumbnail size-thumbnail\" alt=\"\" srcset=\"https:\/\/www.legistdf.gob.ar\/wp-content\/uploads\/2019\/06\/IMG_8248-150x150.jpg 150w, https:\/\/www.legistdf.gob.ar\/wp-content\/uploads\/2019\/06\/IMG_8248-64x64.jpg 64w\" sizes=\"(max-width: 150px) 100vw, 150px\" data-attachment-id=\"15070\" data-permalink=\"https:\/\/www.legistdf.gob.ar\/index.php\/2019\/06\/03\/salud-organizan-jornadas-de-medicina-respiratoria-en-la-provincia\/img_8248\/\" data-orig-file=\"https:\/\/www.legistdf.gob.ar\/wp-content\/uploads\/2019\/06\/IMG_8248.jpg\" data-orig-size=\"1000,667\" data-comments-opened=\"0\" data-image-meta=\"{&quot;aperture&quot;:&quot;8&quot;,&quot;credit&quot;:&quot;&quot;,&quot;camera&quot;:&quot;Canon EOS 6D&quot;,&quot;caption&quot;:&quot;&quot;,&quot;created_timestamp&quot;:&quot;1559099685&quot;,&quot;copyright&quot;:&quot;&quot;,&quot;focal_length&quot;:&quot;38&quot;,&quot;iso&quot;:&quot;250&quot;,&quot;shutter_speed&quot;:&quot;0.0125&quot;,&quot;title&quot;:&quot;&quot;,&quot;orientation&quot;:&quot;0&quot;}\" data-image-title=\"IMG_8248\" data-image-description=\"\" data-image-caption=\"\" data-medium-file=\"https:\/\/www.legistdf.gob.ar\/wp-content\/uploads\/2019\/06\/IMG_8248-300x200.jpg\" data-large-file=\"https:\/\/www.legistdf.gob.ar\/wp-content\/uploads\/2019\/06\/IMG_8248.jpg\" \/><\/a>\n\t\t\t<\/dt><\/dl><dl class='gallery-item'>\n\t\t\t<dt class='gallery-icon landscape'>\n\t\t\t\t<a href='https:\/\/www.legistdf.gob.ar\/index.php\/2019\/06\/03\/salud-organizan-jornadas-de-medicina-respiratoria-en-la-provincia\/img_8246-2\/'><img loading=\"lazy\" decoding=\"async\" width=\"150\" height=\"150\" src=\"https:\/\/www.legistdf.gob.ar\/wp-content\/uploads\/2019\/06\/IMG_8246-1-150x150.jpg\" class=\"attachment-thumbnail size-thumbnail\" alt=\"\" srcset=\"https:\/\/www.legistdf.gob.ar\/wp-content\/uploads\/2019\/06\/IMG_8246-1-150x150.jpg 150w, https:\/\/www.legistdf.gob.ar\/wp-content\/uploads\/2019\/06\/IMG_8246-1-64x64.jpg 64w\" sizes=\"(max-width: 150px) 100vw, 150px\" data-attachment-id=\"15069\" data-permalink=\"https:\/\/www.legistdf.gob.ar\/index.php\/2019\/06\/03\/salud-organizan-jornadas-de-medicina-respiratoria-en-la-provincia\/img_8246-2\/\" data-orig-file=\"https:\/\/www.legistdf.gob.ar\/wp-content\/uploads\/2019\/06\/IMG_8246-1.jpg\" data-orig-size=\"1000,667\" data-comments-opened=\"0\" data-image-meta=\"{&quot;aperture&quot;:&quot;8&quot;,&quot;credit&quot;:&quot;&quot;,&quot;camera&quot;:&quot;Canon EOS 6D&quot;,&quot;caption&quot;:&quot;&quot;,&quot;created_timestamp&quot;:&quot;1559099654&quot;,&quot;copyright&quot;:&quot;&quot;,&quot;focal_length&quot;:&quot;41&quot;,&quot;iso&quot;:&quot;250&quot;,&quot;shutter_speed&quot;:&quot;0.0125&quot;,&quot;title&quot;:&quot;&quot;,&quot;orientation&quot;:&quot;0&quot;}\" data-image-title=\"IMG_8246\" data-image-description=\"\" data-image-caption=\"\" data-medium-file=\"https:\/\/www.legistdf.gob.ar\/wp-content\/uploads\/2019\/06\/IMG_8246-1-300x200.jpg\" data-large-file=\"https:\/\/www.legistdf.gob.ar\/wp-content\/uploads\/2019\/06\/IMG_8246-1.jpg\" \/><\/a>\n\t\t\t<\/dt><\/dl><dl class='gallery-item'>\n\t\t\t<dt class='gallery-icon portrait'>\n\t\t\t\t<a href='https:\/\/www.legistdf.gob.ar\/index.php\/2019\/06\/03\/salud-organizan-jornadas-de-medicina-respiratoria-en-la-provincia\/1-176\/'><img loading=\"lazy\" decoding=\"async\" width=\"150\" height=\"150\" src=\"https:\/\/www.legistdf.gob.ar\/wp-content\/uploads\/2019\/06\/1-150x150.jpg\" class=\"attachment-thumbnail size-thumbnail\" alt=\"\" srcset=\"https:\/\/www.legistdf.gob.ar\/wp-content\/uploads\/2019\/06\/1-150x150.jpg 150w, https:\/\/www.legistdf.gob.ar\/wp-content\/uploads\/2019\/06\/1-64x64.jpg 64w\" sizes=\"(max-width: 150px) 100vw, 150px\" data-attachment-id=\"15068\" data-permalink=\"https:\/\/www.legistdf.gob.ar\/index.php\/2019\/06\/03\/salud-organizan-jornadas-de-medicina-respiratoria-en-la-provincia\/1-176\/\" data-orig-file=\"https:\/\/www.legistdf.gob.ar\/wp-content\/uploads\/2019\/06\/1.jpg\" data-orig-size=\"810,1053\" data-comments-opened=\"0\" data-image-meta=\"{&quot;aperture&quot;:&quot;0&quot;,&quot;credit&quot;:&quot;&quot;,&quot;camera&quot;:&quot;&quot;,&quot;caption&quot;:&quot;&quot;,&quot;created_timestamp&quot;:&quot;0&quot;,&quot;copyright&quot;:&quot;&quot;,&quot;focal_length&quot;:&quot;0&quot;,&quot;iso&quot;:&quot;0&quot;,&quot;shutter_speed&quot;:&quot;0&quot;,&quot;title&quot;:&quot;&quot;,&quot;orientation&quot;:&quot;0&quot;}\" data-image-title=\"1\" data-image-description=\"\" data-image-caption=\"\" data-medium-file=\"https:\/\/www.legistdf.gob.ar\/wp-content\/uploads\/2019\/06\/1-231x300.jpg\" data-large-file=\"https:\/\/www.legistdf.gob.ar\/wp-content\/uploads\/2019\/06\/1-788x1024.jpg\" \/><\/a>\n\t\t\t<\/dt><\/dl><br style=\"clear: both\" \/>\n\t\t<\/div>\n\n","protected":false},"excerpt":{"rendered":"<p>Ushuaia, lunes 3 de junio de 2019.- El doctor Jorge Sap dialog\u00f3 con Prensa Legislativa sobre las XVIII jornadas Patag\u00f3nicas de Medicina Respiratoria, que se realizar\u00e1n en Ushuaia los d\u00edas 5, 6 y 7 de septiembre en el hotel Canal Beagle. El m\u00e9dico se reuni\u00f3 con el titular del Parlamento Juan Carlos Arcando, quien se [&hellip;]<\/p>\n","protected":false},"author":352,"featured_media":15068,"comment_status":"closed","ping_status":"open","sticky":false,"template":"","format":"standard","meta":{"jetpack_post_was_ever_published":false,"_jetpack_newsletter_access":"","_jetpack_dont_email_post_to_subs":false,"_jetpack_newsletter_tier_id":0,"footnotes":"","jetpack_publicize_message":"SALUD: Organizan jornadas de medicina respiratoria en la Provincia","jetpack_publicize_feature_enabled":true,"jetpack_social_post_already_shared":true,"jetpack_social_options":{"image_generator_settings":{"template":"highway","enabled":false}}},"categories":[1],"tags":[1538,1543,1536,97,1539,1541,90,1540,848,48,1542,87,265,1537],"jetpack_publicize_connections":[],"jetpack_sharing_enabled":true,"jetpack_featured_media_url":"https:\/\/www.legistdf.gob.ar\/wp-content\/uploads\/2019\/06\/1.jpg","jetpack-related-posts":[],"_links":{"self":[{"href":"https:\/\/www.legistdf.gob.ar\/index.php\/wp-json\/wp\/v2\/posts\/15066"}],"collection":[{"href":"https:\/\/www.legistdf.gob.ar\/index.php\/wp-json\/wp\/v2\/posts"}],"about":[{"href":"https:\/\/www.legistdf.gob.ar\/index.php\/wp-json\/wp\/v2\/types\/post"}],"author":[{"embeddable":true,"href":"https:\/\/www.legistdf.gob.ar\/index.php\/wp-json\/wp\/v2\/users\/352"}],"replies":[{"embeddable":true,"href":"https:\/\/www.legistdf.gob.ar\/index.php\/wp-json\/wp\/v2\/comments?post=15066"}],"version-history":[{"count":1,"href":"https:\/\/www.legistdf.gob.ar\/index.php\/wp-json\/wp\/v2\/posts\/15066\/revisions"}],"predecessor-version":[{"id":15071,"href":"https:\/\/www.legistdf.gob.ar\/index.php\/wp-json\/wp\/v2\/posts\/15066\/revisions\/15071"}],"wp:featuredmedia":[{"embeddable":true,"href":"https:\/\/www.legistdf.gob.ar\/index.php\/wp-json\/wp\/v2\/media\/15068"}],"wp:attachment":[{"href":"https:\/\/www.legistdf.gob.ar\/index.php\/wp-json\/wp\/v2\/media?parent=15066"}],"wp:term":[{"taxonomy":"category","embeddable":true,"href":"https:\/\/www.legistdf.gob.ar\/index.php\/wp-json\/wp\/v2\/categories?post=15066"},{"taxonomy":"post_tag","embeddable":true,"href":"https:\/\/www.legistdf.gob.ar\/index.php\/wp-json\/wp\/v2\/tags?post=15066"}],"curies":[{"name":"wp","href":"https:\/\/api.w.org\/{rel}","templated":true}]}}